{"id":136292,"date":"2021-05-31T01:35:11","date_gmt":"2021-05-31T01:35:11","guid":{"rendered":"https:\/\/dimensionturistica.com\/es\/?p=136292"},"modified":"2021-05-31T01:35:12","modified_gmt":"2021-05-31T01:35:12","slug":"fgr-recibe-en-extradicion-a-un-hombre-proveniente-de-eslovenia-y-entrega-a-otro-a-eua","status":"publish","type":"post","link":"https:\/\/dimensionturistica.com\/es\/fgr-recibe-en-extradicion-a-un-hombre-proveniente-de-eslovenia-y-entrega-a-otro-a-eua\/","title":{"rendered":"FGR recibe en extradici\u00f3n a un hombre proveniente de Eslovenia y entrega a otro a EUA"},"content":{"rendered":"<p> <br \/>\n<\/p>\n<div>\n<p>Agentes de la Fiscal\u00eda Common de la Rep\u00fablica (<a rel=\"nofollow noopener\" target=\"_blank\" href=\"https:\/\/twitter.com\/FGRMexico\">FGR<\/a>) recibieron en extradici\u00f3n al mexicano Lorenzo Reyes Retana, procedente de la Rep\u00fablica de Eslovenia.<\/p>\n<p>Reyes Retana, es requerido por el Juez Cuadrag\u00e9simo Cuarto Penal de la Ciudad de M\u00e9xico, por su possible responsabilidad en el delito de fraude gen\u00e9rico.<\/p>\n<p>El detenido es acusado de ser possible responsable de defraudar a una agencia de viajes al venderle boletos para acudir a la copa mundial de futbol en Brasil de 2014, los cuales nunca fueron entregados.<\/p>\n<p>La entrega de este individuo se realiz\u00f3 en el Aeropuerto Internacional de la Ciudad de Ljubljana, Eslovenia, arribando en un vuelo comercial a la Ciudad de M\u00e9xico, con la finalidad de ser puesto a disposici\u00f3n de la autoridad judicial que lo reclama.<\/p>\n<p>Por otra parte, la FGR inform\u00f3 que en cumplimiento al Tratado de Extradici\u00f3n firmado entre M\u00e9xico y Estados Unidos entreg\u00f3 en extradici\u00f3n al Gobierno de dicho pa\u00eds a Alejandro Cort\u00e9s de nacionalidad mexicana requerido por la Corte de Circuito del Decimoprimer Circuito Judicial en y para el Condado de Miami-Dade, Florida, para procesarlo por su possible responsabilidad en los delitos de homicidio y tentativa de homicidio.<\/p>\n<p>El mexicano extraditado es acusado de ser possible responsable de disparar en contra de varias personas, lo que dej\u00f3 como resultado la muerte de una de ellas y lesiones en otras m\u00e1s.<\/p>\n<p>En ese momento, el extraditado huy\u00f3 del lugar de los hechos, cabe mencionar que lo anterior ocurri\u00f3 durante una discusi\u00f3n en 1999 en el estado de Florida.<\/p>\n<p>El Gobierno de M\u00e9xico concedi\u00f3 la extradici\u00f3n del reclamado al Gobierno de Estados Unidos; luego de detenerlo en Morelia, Michoac\u00e1n y de cumplir con el proceso correspondiente.<\/p>\n<p>La entrega de Alejandro Cort\u00e9s se realiz\u00f3 en el Aeropuerto Internacional de la Ciudad de M\u00e9xico (<a rel=\"nofollow noopener\" target=\"_blank\" href=\"https:\/\/www.capitalmexico.com.mx\/tema-dia\/autoridades-del-aicm-sancionaron-a-luisito-comunica-por-usar-su-telefono-video\/\">AICM<\/a>), a los agentes estadounidenses designados para su traslado a ese pa\u00eds.<\/p>\n<\/div>\n<p><script async src=\"\/\/platform.twitter.com\/widgets.js\" charset=\"utf-8\"><\/script><script async defer src=\"https:\/\/connect.facebook.net\/en_US\/sdk.js#xfbml=1&#038;version=v3.2\"><\/script><br \/>\n<br \/><\/p>\n<p><em> &#8221; Fuentes www.capitalmexico.com.mx &#8221; <\/em><\/p>\n","protected":false},"excerpt":{"rendered":"<p>Agentes de la Fiscal\u00eda Common de la Rep\u00fablica (FGR) recibieron en extradici\u00f3n al mexicano Lorenzo Reyes Retana, procedente de la Rep\u00fablica de Eslovenia. Reyes Retana, es requerido por el Juez Cuadrag\u00e9simo Cuarto Penal de la Ciudad de M\u00e9xico, por su possible responsabilidad en el delito de fraude gen\u00e9rico. El detenido es acusado de ser possible [&hellip;]<\/p>\n","protected":false},"author":4,"featured_media":0,"comment_status":"open","ping_status":"closed","sticky":false,"template":"","format":"standard","meta":{"om_disable_all_campaigns":false,"jnews-multi-image_gallery":[],"jnews_single_post":[],"jnews_primary_category":[],"jnews_social_meta":[],"footnotes":""},"categories":[40],"tags":[17219,17159,17194,17195,17201,17179,17184,17186,17212,17172,17125,17161,17173,17205,17216,17146,17221,17222,17210,17155,17182,17149,17153,17132,17148,17131,17191,17178,17208,17126,17128,17164,17160,13082,20891,17197,17211,17134,17220,17139,17189,17193,17144,17181,17171,17167,17190,17169,17187,17176,17122,17202,17123,17215,17166,17156,17200,17136,17140,17158,17218,17135,17124,17175,17206,17204,17151,17147,17192,17127,17188,17152,17196,17174,17162,17133,17213,17217,17170,17142,17138,17207,17129,17130,17165,17137,17141,17150,17214,17180,17177,17198,17143,17183,17203,17157,17154,17168,17209,17199,17185,17163],"class_list":["post-136292","post","type-post","status-publish","format-standard","hentry","category-industria","tag-losporkysdeecatepec","tag-17159","tag-185-dias","tag-200-dias","tag-amano","tag-armado-rios-pitter","tag-asuntos-internos","tag-atun-dolores","tag-auditoria-estados","tag-axel-kicillof","tag-bankaool","tag-barbosa-huerta","tag-bournemouth","tag-brand-finance-mexico","tag-cambios-estructurales","tag-cancerologia","tag-capital-media","tag-capital-mexico","tag-caso-matatena","tag-cetram-nuevo-edificio","tag-chapultepec-polanco","tag-ci-casa-de-bolsa","tag-ciudadanos-decepcionados-de-la-izquierda-en-cdmx","tag-como-quemar-calorias","tag-concilianet","tag-conclave","tag-conexiones","tag-consar-amafore","tag-cortes-de-luz","tag-credito-agropecuario","tag-de-la-hoya","tag-democracia-liberada","tag-deocupada","tag-desarrollos","tag-despido-de-maestros","tag-detienen-a-hombre-acosador-del-metro","tag-deuda-estados","tag-discriminacion-a-parejas","tag-droga-en-el-metro","tag-eber-omar-betanzos","tag-economia-nacional-empleos","tag-economista-en-jefe","tag-eduardo-venadero-medinilla","tag-el-mexicanito","tag-exministro-de-economia","tag-fatima-samoura","tag-golpiza-a-acosador","tag-gran-premio-de-espana","tag-grupo-pinsa","tag-habitables","tag-houthi","tag-hoy-no-circula-no-funciona","tag-indeminzar","tag-iniciativa-de-reforma","tag-jerome-valcke","tag-joe-buden","tag-kilometraje","tag-kinder-matatena","tag-liberan-a-menor-en-iztapalapa","tag-longeva","tag-luis-acevedo-ssp","tag-maltrato-a-homosexuales-en-la-ciudad-de-mexico","tag-manuel-mondragon","tag-marcador","tag-marcas-mas-valiosas-de-mexico","tag-masas-de-hielo","tag-medidas-extraordinarias","tag-mil-cumbres","tag-milo-caraza","tag-monex","tag-montessori","tag-nuevo-destino-paro-ipn","tag-obras-en-eje-1-norte","tag-old-trafford","tag-opel","tag-operador-economico-autorizado","tag-panistas-destacados","tag-patricia-espinosa","tag-pole","tag-presidente-de-concacaf","tag-primarias-de-estados-unidos","tag-quitan-topes","tag-rafael-quintero","tag-rata-en-botella-de-refresco","tag-redistribucion","tag-regresan-a-clases-vocacionales","tag-reloj-att","tag-reporte-financiero","tag-roberto-arturo-banos-tapia","tag-rogelio-garza","tag-sadiq-khan","tag-sigue-contaminacion","tag-silla-de-ruedas-para-activista","tag-sir-winston-churchill","tag-sube-el-nivel-del-mar","tag-susannah-mushatt-jones","tag-torre-chapultepec","tag-vertedero-de-llantas","tag-vialidad-cdmx","tag-volcadura-en-tlalpan","tag-weex","tag-zafira"],"_links":{"self":[{"href":"https:\/\/dimensionturistica.com\/es\/wp-json\/wp\/v2\/posts\/136292","targetHints":{"allow":["GET"]}}],"collection":[{"href":"https:\/\/dimensionturistica.com\/es\/wp-json\/wp\/v2\/posts"}],"about":[{"href":"https:\/\/dimensionturistica.com\/es\/wp-json\/wp\/v2\/types\/post"}],"author":[{"embeddable":true,"href":"https:\/\/dimensionturistica.com\/es\/wp-json\/wp\/v2\/users\/4"}],"replies":[{"embeddable":true,"href":"https:\/\/dimensionturistica.com\/es\/wp-json\/wp\/v2\/comments?post=136292"}],"version-history":[{"count":0,"href":"https:\/\/dimensionturistica.com\/es\/wp-json\/wp\/v2\/posts\/136292\/revisions"}],"wp:attachment":[{"href":"https:\/\/dimensionturistica.com\/es\/wp-json\/wp\/v2\/media?parent=136292"}],"wp:term":[{"taxonomy":"category","embeddable":true,"href":"https:\/\/dimensionturistica.com\/es\/wp-json\/wp\/v2\/categories?post=136292"},{"taxonomy":"post_tag","embeddable":true,"href":"https:\/\/dimensionturistica.com\/es\/wp-json\/wp\/v2\/tags?post=136292"}],"curies":[{"name":"wp","href":"https:\/\/api.w.org\/{rel}","templated":true}]}}