{"id":135586,"date":"2021-05-29T02:14:28","date_gmt":"2021-05-29T02:14:28","guid":{"rendered":"https:\/\/dimensionturistica.com\/es\/?p=135586"},"modified":"2021-05-29T02:14:28","modified_gmt":"2021-05-29T02:14:28","slug":"la-ausencia-turistica-tecnica-de-xativa-en-fitur","status":"publish","type":"post","link":"https:\/\/dimensionturistica.com\/es\/la-ausencia-turistica-tecnica-de-xativa-en-fitur\/","title":{"rendered":"La ausencia tur\u00edstica t\u00e9cnica de X\u00e0tiva en Fitur"},"content":{"rendered":"<p> <br \/>\n<\/p>\n<div>\n<p class=\"article-body__text article-body__text--entry article-body__text-middle\">\n        Sorprende esta ausencia tur\u00edstica t\u00e9cnica de la ciudad en una edici\u00f3n considerada por los expertos como estrat\u00e9gica para calibrar la competitividad de los destinos tras la brutal disaster sufrida con las restricciones de movilidad, y reposicionarlos en la desescalada que ya ha comenzado. Y ello tras el discurso de la concejala de turismo incidiendo en que \u00abX\u00e0tiva quiere ser un destino potente\u00bb, o el de la primera autoridad municipal con la propuesta de convertirla en capital del turismo de inside de la provincia de Valencia.\n<\/p>\n<p class=\"article-body__text \">\n        Ha sido, sin duda, una edici\u00f3n at\u00edpica del certamen, pero ha supuesto un punto de inflexi\u00f3n para un sector tur\u00edstico que ha comenzado a reiniciarse con este primer gran evento del turismo mundial celebrado de forma presencial, tras la declaraci\u00f3n de la pandemia, dado que su \u00faltima edici\u00f3n, la 40\u00aa, celebrada en enero de 2020, fue tambi\u00e9n la \u00faltima gran feria antes del confinamiento world y cierre de fronteras.\n<\/p>\n<p class=\"article-body__text \">\n        Esta edici\u00f3n, que ha contado con la presencia de 5.000 empresas y 55 pa\u00edses, y m\u00e1s de 62.000 asistentes presenciales, entre profesionales y p\u00fablico common, ha centrado sus esfuerzos en contribuir a la recuperaci\u00f3n del turismo en un momento en que su papel dinamizador se ha valorado como cr\u00edtico y decisivo. Ha apostado por la digitalizaci\u00f3n y como complemento a la feria presencial tuvo lugar \u00abFITUR LIVEConnect\u00bb, una plataforma on-line para acoger a toda la comunidad profesional del turismo ofreciendo a sus miembros la oportunidad de conectar e intercambiar informaci\u00f3n.\n<\/p>\n<p class=\"article-body__text \">\n        Mientras estos nuevos planteamientos se han hecho visibles en este escaparate mundial del turismo \u2014la segunda feria tur\u00edstica m\u00e1s importante del planeta\u2014 la oferta de X\u00e0tiva ni ha conectado, ni ha intercambiado, ni ha interactuado, continuando con un modelo hoy ya viejo, desfasado por los cambios estructurales que han irrumpido en la din\u00e1mica industria del turismo. As\u00ed, como si nada hubiera pasado, ni cambiado, en FITUR 2021 se realiz\u00f3 una demostraci\u00f3n centrada en la receta native del arroz al horno. Una m\u00e1s, y van ya\u2026\n<\/p>\n<p class=\"article-body__text \">\n        El steadiness de la feria recoge la satisfacci\u00f3n de los expositores que durante esos d\u00edas se dieron cita all\u00ed, destacando que ha contribuido a generar un efecto de optimismo y esperanza entre los profesionales del sector. Pero los de X\u00e0tiva no estaban.\n<\/p>\n<p class=\"article-body__text \">\n        El impacto de la celebraci\u00f3n de FITUR ha tenido igualmente su reflejo en la amplia cobertura medi\u00e1tica internacional con la acreditaci\u00f3n de cerca de 2.500 periodistas de 33 pa\u00edses. En whole durante su celebraci\u00f3n ha sumado un whole de 120.000 noticias, y una audiencia de 6.180 millones. En cuanto a su impacto en redes sociales, ha logrado sumar 5.000 nuevos seguidores a los casi 219.000 que suman sus canales digitales, generando esta edici\u00f3n especial 3 millones de impresiones, m\u00e1s de 60.000 interacciones superando las 1.000 publicaciones. Y mientras, X\u00e0tiva se gastar\u00e1 180.000 euros en una campa\u00f1a para promocionar su oferta tur\u00edstica en el mercado nacional. \u00bfOptimizaci\u00f3n de esfuerzo, recursos y criterio tur\u00edstico experto? Nada m\u00e1s lejos de la realidad.\n<\/p>\n<p class=\"article-body__text \">\n        Ya se conoce que la nueva edici\u00f3n de la Feria Internacional de Turismo tendr\u00e1 lugar del 19 al 23 de enero de 2022. Tiene tiempo, pues, el ayuntamiento de X\u00e0tiva, junto con el sector tur\u00edstico native, para enmendar el flagrante error estrat\u00e9gico de la ausencia espec\u00edfica propia de este a\u00f1o, en un espacio y foro de encuentro que re\u00fane a m\u00e1s de 11.000 empresas de 165 pa\u00edses, profesionales en torno a las \u00faltimas tendencias del sector y p\u00fablico interesado en los destinos ofertados. El mayor acontecimiento en Espa\u00f1a en torno al negocio tur\u00edstico, la  innovaci\u00f3n y promoci\u00f3n de nuevos segmentos de turismo, liderazgo tecnol\u00f3gico en gesti\u00f3n tur\u00edstica, y herramienta de transferencia de conocimiento, y con m\u00e1s de 250.000 asistentes de todo el mundo.\n<\/p>\n<\/p><\/div>\n\n<p><em> &#8221; Fuentes www.levante-emv.com &#8221; <\/em><\/p>\n","protected":false},"excerpt":{"rendered":"<p>Sorprende esta ausencia tur\u00edstica t\u00e9cnica de la ciudad en una edici\u00f3n considerada por los expertos como estrat\u00e9gica para calibrar la competitividad de los destinos tras la brutal disaster sufrida con las restricciones de movilidad, y reposicionarlos en la desescalada que ya ha comenzado. Y ello tras el discurso de la concejala de turismo incidiendo en [&hellip;]<\/p>\n","protected":false},"author":4,"featured_media":131596,"comment_status":"open","ping_status":"closed","sticky":false,"template":"","format":"standard","meta":{"om_disable_all_campaigns":false,"jnews-multi-image_gallery":[],"jnews_single_post":[],"jnews_primary_category":[],"jnews_social_meta":[],"footnotes":""},"categories":[40],"tags":[24787,4593,17466,596,22384],"class_list":["post-135586","post","type-post","status-publish","format-standard","has-post-thumbnail","hentry","category-industria","tag-ausencia","tag-fitur","tag-tecnica","tag-turistica","tag-xativa"],"_links":{"self":[{"href":"https:\/\/dimensionturistica.com\/es\/wp-json\/wp\/v2\/posts\/135586","targetHints":{"allow":["GET"]}}],"collection":[{"href":"https:\/\/dimensionturistica.com\/es\/wp-json\/wp\/v2\/posts"}],"about":[{"href":"https:\/\/dimensionturistica.com\/es\/wp-json\/wp\/v2\/types\/post"}],"author":[{"embeddable":true,"href":"https:\/\/dimensionturistica.com\/es\/wp-json\/wp\/v2\/users\/4"}],"replies":[{"embeddable":true,"href":"https:\/\/dimensionturistica.com\/es\/wp-json\/wp\/v2\/comments?post=135586"}],"version-history":[{"count":0,"href":"https:\/\/dimensionturistica.com\/es\/wp-json\/wp\/v2\/posts\/135586\/revisions"}],"wp:featuredmedia":[{"embeddable":true,"href":"https:\/\/dimensionturistica.com\/es\/wp-json\/wp\/v2\/media\/131596"}],"wp:attachment":[{"href":"https:\/\/dimensionturistica.com\/es\/wp-json\/wp\/v2\/media?parent=135586"}],"wp:term":[{"taxonomy":"category","embeddable":true,"href":"https:\/\/dimensionturistica.com\/es\/wp-json\/wp\/v2\/categories?post=135586"},{"taxonomy":"post_tag","embeddable":true,"href":"https:\/\/dimensionturistica.com\/es\/wp-json\/wp\/v2\/tags?post=135586"}],"curies":[{"name":"wp","href":"https:\/\/api.w.org\/{rel}","templated":true}]}}