{"id":134669,"date":"2021-05-27T18:43:32","date_gmt":"2021-05-27T18:43:32","guid":{"rendered":"https:\/\/dimensionturistica.com\/es\/?p=134669"},"modified":"2021-05-27T18:43:33","modified_gmt":"2021-05-27T18:43:33","slug":"matan-a-el-bigotes-en-crucero-de-la-comunidad-de-la-rinconada-en-zamora","status":"publish","type":"post","link":"https:\/\/dimensionturistica.com\/es\/matan-a-el-bigotes-en-crucero-de-la-comunidad-de-la-rinconada-en-zamora\/","title":{"rendered":"Matan a &#8220;El Bigotes&#8221; en crucero de la comunidad de La Rinconada, en Zamora"},"content":{"rendered":"<p> <br \/>\n<\/p>\n<div id=\"the-post\">\n<div class=\"post-inner post-content\">\n<div class=\"post-meta\">\n<div class=\"d-flex align-items-center\">\n<p>&#13;<br \/>\n\t\t\t\t\t\t\t<span class=\"tie-cat-55\"><span class=\"cat-title\">Seguridad | <\/span><\/span>&#13;\n\t\t\t\t\t<\/p>\n<p>&#13;<br \/>\n\t\t\t\t\t\t\t27 Might, 2021, 13:16\t\t\t\t\t<\/p>\n<\/p><\/div><\/div>\n<h4 class=\"post-excerpt mt-3\"\/>\n<p>Private de la Unidad de Servicios Periciales y Escena  del Crimen lleg\u00f3 al lugar para recabar indicios y testimonios,<\/p>\n<p>\t\t\t\t <!-- .share-post --><\/p>\n<div class=\"post-featured-img post-featured-img py-3 mt-3 border-top\">\n<div class=\"single-post-thumb\">\n\t\t\t<img decoding=\"async\" width=\"700\" height=\"466\" class=\"attachment-slider size-slider wp-post-image lazyload\" alt=\"\" src=\"https:\/\/dimensionturistica.com\/es\/wp-content\/uploads\/2021\/05\/Matan-a-El-Bigotes-en-crucero-de-la-comunidad-de.jpg\"  data- loading=\"lazy\"\/><noscript><img decoding=\"async\" width=\"700\" height=\"466\" src=\"https:\/\/dimensionturistica.com\/es\/wp-content\/uploads\/2021\/05\/Matan-a-El-Bigotes-en-crucero-de-la-comunidad-de.jpg\" class=\"attachment-slider size-slider wp-post-image\" alt=\"\"  \/><\/noscript>\t\t<\/div><\/div>\n<div id=\"fontsizemoreless\" class=\"entry mt-4\">\n<p>\n\t\t\t\t\t\t&#13;<br \/>\n<button class=\"btn btn-font-more rounded-circle mr-2\" type=\"button\" onclick=\"resizeText(-1);\">&#8211;<\/button>&#13;<br \/>\n<button class=\"btn btn-font-more rounded-circle\" type=\"button\" onclick=\"resizeText(1);\">+<\/button>&#13;\n\t\t\t\t\t<\/p>\n<div class=\"px-0\">\n<p>Redacci\u00f3n \/ La Voz de Michoac\u00e1n<\/p>\n<p>Zamora, Michoac\u00e1n. Un conocido lavador de carros\u00a0 y tractocamiones fue asesinado a balazos en las inmediaciones de la Gasolinera &#8220;Maravillas&#8221;, al momento se ignora el m\u00f3vil del Crimen, as\u00ed como la identidad de los homicidas, mismos que huyeron con rumbo desconocido.<\/p>\n<p>En relaci\u00f3n al hecho violento, se pudo establecer que los elementos de la Direcci\u00f3n de Seguridad P\u00fablica Municipal recibieron un reporte ciudadano que alertaba sobre un hombre atacado a balazos sobre la carretera Zamora-La Piedad, justo en la gasolinera del crucero de la comunidad de La Rinconada.<\/p>\n<p>R\u00e1pidamente se movilizaron los uniformados, quienes sobre una jardinera localizaron al hombre tirado boca abajo, por lo que pidieron el apoyo de los param\u00e9dicos de Rescate y Salvamento, los cuales arribaron en minutos, pero el agraviado ya se encontraba sin vida.<\/p>\n<p>La zona fue delimitada bajo los protocolos correspondientes a la cadena de custodia. El ahora occiso fue identificado con el nombre de Guillermo D., P., mejor conocido como &#8220;El Bigotes&#8221; y\/o &#8220;El Yiyo&#8221;, de 49 a\u00f1os de edad, el cual ten\u00eda su domicilio en la comunidad de El Sauz de Abajo perteneciente a esta cabecera municipal de Zamora.<\/p>\n<p>Private de la Unidad de Servicios Periciales y Escena\u00a0 del Crimen lleg\u00f3 al lugar para recabar indicios y testimonios, siendo integrada la carpeta de investigaci\u00f3n correspondiente, mientras que el cad\u00e1ver fue trasladado a la morgue del native para los ex\u00e1menes de ley.<\/p>\n<\/p><\/div><\/div>\n<p><!-- .entry \/-->\n\t\t\t<\/div>\n<p><!-- .post-inner --><\/p><\/div>\n\n<p><em> &#8221; Fuentes www.lavozdemichoacan.com.mx &#8221; <\/em><\/p>\n","protected":false},"excerpt":{"rendered":"<p>&#13; Seguridad | &#13; &#13; 27 Might, 2021, 13:16 Private de la Unidad de Servicios Periciales y Escena del Crimen lleg\u00f3 al lugar para recabar indicios y testimonios, &#13; &#8211;&#13; +&#13; Redacci\u00f3n \/ La Voz de Michoac\u00e1n Zamora, Michoac\u00e1n. Un conocido lavador de carros\u00a0 y tractocamiones fue asesinado a balazos en las inmediaciones de la [&hellip;]<\/p>\n","protected":false},"author":4,"featured_media":134670,"comment_status":"open","ping_status":"closed","sticky":false,"template":"","format":"standard","meta":{"om_disable_all_campaigns":false,"jnews-multi-image_gallery":[],"jnews_single_post":[],"jnews_primary_category":[],"jnews_social_meta":[],"footnotes":""},"categories":[41],"tags":[1762,2270,7878,16325,24390,24388,973,19820,16344,16337,16321,3108,16341,16322,2665,2403,2450,16327,1551,16334,3109,3105,16333,24389,16329,4360,16347,16310,24394,5044,16356,2486,19812,2292,19821,1975,1356,510,16316,3102,739,19818,5211,16315,3097,5250,19816,2142,16319,16350,3098,16331,16328,9255,16348,4139,24392,16320,16353,16354,3317,3124,4676,16352,24391,16338,3096,19815,16349,24393,16324,16323,16313,16340,13139,16314,1300,4735,2510,8424,7881,16339,6037,8293,16342,10982,2511,980,7494,705,16326,2221,3117,16311,16336,19814,3100,3099,8301,5811,1411,7070,16346,3101,19817,1499,19813,986,16309,12676,16355,16358,16343,16345,16335,544,16332,16357,16359,16312,16360,1597,19819],"class_list":["post-134669","post","type-post","status-publish","format-standard","has-post-thumbnail","hentry","category-cruceros","tag-1762","tag-accidente","tag-agricultura","tag-aguacate","tag-alfonso-martinez","tag-alfredo-ramirez","tag-amlo","tag-antros","tag-apatzingan","tag-aquila","tag-asesinatos","tag-atletico-morelia","tag-autodefensas","tag-balacera","tag-balnearios","tag-banco","tag-becas","tag-berries","tag-calor","tag-camas","tag-canarios","tag-candidatos","tag-carlos-herrera","tag-carlos-herrera-tello","tag-carteles-unidos","tag-casos","tag-cb","tag-cerro-del-aguila","tag-ciudad-colonial","tag-cjng","tag-clases-virtuales","tag-clima","tag-cnte","tag-comicios","tag-confirmados","tag-contagios","tag-covid","tag-covid-19","tag-crimen-organizado","tag-cristobal-arias","tag-cubrebocas","tag-cuizeo","tag-dia-de-muertos","tag-diana-carpio","tag-diego","tag-droga","tag-ejidatarios","tag-elecciones","tag-enfrentamiento","tag-estadio-morelos","tag-feminicidio","tag-ficm","tag-fresa","tag-frio","tag-grupo-marmor","tag-guardia-nacional","tag-hipolito-mora","tag-homicidios","tag-hospital-civil","tag-hospital-infantil","tag-hospitales","tag-iglesias","tag-imss","tag-issste","tag-ivan-perez-negron","tag-jaripeos","tag-jessica","tag-jesus-del-monte","tag-jose-luis-higuera","tag-juan-antonio-magana","tag-la-voz","tag-la-voz-de-michoacan","tag-lazaro-cardenas","tag-liga-expansion","tag-lluvias","tag-lopez-obrador","tag-manifestacion","tag-marcha","tag-mario-delgado","tag-mariposa-monarca","tag-medidas-sanitarias","tag-memo-valencia","tag-michoacan","tag-migracion","tag-mireles","tag-morelia","tag-morena","tag-mujer","tag-narco","tag-noticias","tag-paisanos","tag-pan","tag-patrullas","tag-patzcuaro","tag-pichilinguillo","tag-pico-azul","tag-prd","tag-pri","tag-primavera","tag-pueblos-magicos","tag-puerto","tag-pvem","tag-quadratin","tag-raul-moron","tag-revolucion-social","tag-secretaria-de-salud","tag-secuestro","tag-seguridad","tag-silvano-aureoles","tag-snte","tag-tarimbaro","tag-tec-de-morelia","tag-tepalcatepec","tag-tierra-caliente","tag-tortugas","tag-turismo","tag-tzintzuntzan","tag-umsnh","tag-unla","tag-uruapan","tag-uvaq","tag-vacuna","tag-venta-de-alcohol"],"_links":{"self":[{"href":"https:\/\/dimensionturistica.com\/es\/wp-json\/wp\/v2\/posts\/134669","targetHints":{"allow":["GET"]}}],"collection":[{"href":"https:\/\/dimensionturistica.com\/es\/wp-json\/wp\/v2\/posts"}],"about":[{"href":"https:\/\/dimensionturistica.com\/es\/wp-json\/wp\/v2\/types\/post"}],"author":[{"embeddable":true,"href":"https:\/\/dimensionturistica.com\/es\/wp-json\/wp\/v2\/users\/4"}],"replies":[{"embeddable":true,"href":"https:\/\/dimensionturistica.com\/es\/wp-json\/wp\/v2\/comments?post=134669"}],"version-history":[{"count":0,"href":"https:\/\/dimensionturistica.com\/es\/wp-json\/wp\/v2\/posts\/134669\/revisions"}],"wp:featuredmedia":[{"embeddable":true,"href":"https:\/\/dimensionturistica.com\/es\/wp-json\/wp\/v2\/media\/134670"}],"wp:attachment":[{"href":"https:\/\/dimensionturistica.com\/es\/wp-json\/wp\/v2\/media?parent=134669"}],"wp:term":[{"taxonomy":"category","embeddable":true,"href":"https:\/\/dimensionturistica.com\/es\/wp-json\/wp\/v2\/categories?post=134669"},{"taxonomy":"post_tag","embeddable":true,"href":"https:\/\/dimensionturistica.com\/es\/wp-json\/wp\/v2\/tags?post=134669"}],"curies":[{"name":"wp","href":"https:\/\/api.w.org\/{rel}","templated":true}]}}