{"id":133261,"date":"2021-05-25T11:36:48","date_gmt":"2021-05-25T11:36:48","guid":{"rendered":"https:\/\/dimensionturistica.com\/es\/?p=133261"},"modified":"2021-05-25T11:36:48","modified_gmt":"2021-05-25T11:36:48","slug":"granada-preve-conquistar-la-normalidad-turistica-este-ano-con-nuevas-ofertas","status":"publish","type":"post","link":"https:\/\/dimensionturistica.com\/es\/granada-preve-conquistar-la-normalidad-turistica-este-ano-con-nuevas-ofertas\/","title":{"rendered":"Granada prev\u00e9 conquistar la normalidad tur\u00edstica este a\u00f1o con nuevas ofertas"},"content":{"rendered":"<p> <br \/>\n<\/p>\n<div itemprop=\"articleBody\">\n<p class=\"mce\">El diputado provincial de Turismo, <strong class=\"mce\">Enrique Medina<\/strong>, ha calificado la asistencia a la feria de \u201cpositiva e ilusionante\u201d aunque ha reconocido que, \u201ccomo se esperaba, la presencia tanto de profesionales de mi\u00e9rcoles a viernes como de p\u00fablico durante el fin de semana ha estado muy mermada por la<strong class=\"mce\"> situaci\u00f3n actual de pandemia\u201d.<\/strong><\/p>\n<p class=\"mce\">La actividad promocional presencial en Ifema tambi\u00e9n se ha visto resentida, algo que el Patronato ha intentado compensar con las presentaciones de producto desde Granada y las reuniones por videoconferencia con agencias de viaje, turoperadores y aerol\u00edneas. Seg\u00fan la organizaci\u00f3n, Fitur ha tenido este a\u00f1o 62.000 visitantes, menos de la cuarta parte que en 2020, de los que <strong class=\"mce\">42.000 han sido profesionales<\/strong> y s\u00f3lo 20.000 p\u00fablico en common.<\/p>\n<p><!-- mt = 1621942464 --><br \/>\n<!-- INI: intext advertising --><\/p>\n<p><!-- END: intext advertising --><br \/>\n<!-- \/mt = 1621942464 --><\/p>\n<p class=\"mce\">Medina ha recalcado la importancia de que Fitur no se suspendiera este a\u00f1o: \u201cSu mera celebraci\u00f3n ha insuflado much\u00edsimo \u00e1nimo en el sector tur\u00edstico, muy castigado por la crisis del Covid, y nos ha llenado de esperanzas de que podemos volver a vivir cierta normalidad a finales de este a\u00f1o\u201d. El vicepresidente del Patronato asegura que ha podido percibir en la feria un clima de optimismo, \u201cacentuado por la buena <strong class=\"mce\">evoluci\u00f3n de la vacunaci\u00f3n<\/strong>, el fin del estado de alarma, la suavizaci\u00f3n de restricciones a la movilidad y la llegada de la temporada de verano, en la que se prev\u00e9, al menos, un repunte de la demanda tur\u00edstica nacional\u201d. Medina ha recordado que este buen ambiente tambi\u00e9n se ha podido sentir ya este fin de semana en Granada, con un buen nivel de ocupaci\u00f3n hotelera en la provincia, la reapertura de monumentos como la Catedral y la Capilla Actual, el aumento de reservas en la Alhambra y la animaci\u00f3n en las calles y playas.<\/p>\n<p class=\"mce\">La provincia de Granada ha contado en Fitur con un expositor de 350 metros cuadrados ubicado dentro del stand de Andaluc\u00eda, en el que han estado representados todos los municipios y en el que se ha ampliado el espacio de negocio que el Patronato pone al servicio de las empresas de la industria tur\u00edstica native. \u201cLa zona de trabajo se ha dotado con 12 mesas,<strong class=\"mce\"> separadas por mamparas<\/strong> para garantizar la seguridad de los interlocutores, y ha estado bastante concurrida durante los d\u00edas que la feria funciona para profesionales\u201d, se\u00f1ala el diputado. Medina ha resaltado que \u201ctanto Ifema como Turismo Andaluz y la Diputaci\u00f3n de Granada han realizado un gran esfuerzo para que Fitur se desarrolle en la situaci\u00f3n de mayor seguridad posible para los asistentes\u201d.<\/p>\n<p class=\"mce\">De mi\u00e9rcoles a viernes, el stand de la Diputaci\u00f3n de Granada ha acogido 15 presentaciones de proyectos y productos tur\u00edsticos de municipios e instituciones, que este a\u00f1o se han hecho de forma digital ya que se han celebrado f\u00edsicamente en la sede del Patronato en Granada y han sido emitidas en el expositor en Madrid mediante streaming. El diputado se ha mostrado esperanzado de que, en la pr\u00f3xima edici\u00f3n de la feria, las presentaciones se puedan <strong class=\"mce\">volver a celebrar presencialmente<\/strong>.<\/p>\n<h2 class=\"mce\">Nuevos productos<\/h2>\n<p class=\"mce\">La Diputaci\u00f3n de Granada tambi\u00e9n ha aprovechado su presencia en Fitur para presentar nuevos productos y actuaciones promocionales. El mi\u00e9rcoles, con el respaldo de la ministra de Turismo, Reyes Maroto, del secretario de estado de Turismo, Fernando Vald\u00e9s, y del consejero de Turismo de la Junta de Andaluc\u00eda, Juan Mar\u00edn, el presidente de la Diputaci\u00f3n, Jos\u00e9 Entrena, present\u00f3 el <strong class=\"mce\">Geoparque de Granada<\/strong> y su proyecto de Plan de Sostenibilidad Tur\u00edstica en Destino. El mismo d\u00eda avanz\u00f3 la creaci\u00f3n de un bono tur\u00edstico provincial, basado en los castillos y fortalezas del <strong class=\"mce\">Reino Nazar\u00ed<\/strong>, que tendr\u00e1 la Alhambra como principal atractivo. Y desvel\u00f3 la puesta en marcha, desde el 17 de mayo y hasta el 13 de junio, de una campa\u00f1a publicitaria para la promoci\u00f3n tur\u00edstica de toda la provincia en common y de la Costa Tropical en specific en Andaluc\u00eda, a trav\u00e9s de Canal Sur Televisi\u00f3n.<\/p>\n<p class=\"mce\">El jueves, adelant\u00f3 que Granada y sus atractivos tur\u00edsticos volver\u00e1n a entrar en las casas de millones de espectadores durante la primera vuelta de la pr\u00f3xima temporada de la Primera Divisi\u00f3n del f\u00fatbol espa\u00f1ol, la 2021\/2022. La Diputaci\u00f3n, renovar\u00e1 la campa\u00f1a de publicidad en la U Televisiva de los estadios de f\u00fatbol de La Liga que tan buenos resultados -21 millones de espectadores- ha dado en la segunda vuelta de la temporada que acaba de terminar. Asimismo, inform\u00f3 de la evoluci\u00f3n del proyecto de turismo inteligente TurInGranada, que incluye la creaci\u00f3n de un Centro de Recepci\u00f3n de Visitantes en la sede del Patronato de Turismo, en el antiguo Colegio de Ni\u00f1as Nobles.<\/p>\n<p class=\"mce\">Y el viernes avanz\u00f3 que la internet www.universolorca.com estrenar\u00e1 este a\u00f1o una nueva secci\u00f3n dedicada a la faceta art\u00edstica menos conocida de Federico Garc\u00eda Lorca, la de dibujante y pintor.<\/p>\n<p class=\"mce\">Fitur ha servido tambi\u00e9n para mantener reuniones con turoperadores y agencias de viaje, bastantes de ellas de forma digital por videoconferencia, y con compa\u00f1\u00edas a\u00e9reas interesadas en establecer nuevas rutas con Aeropuerto Federico Garc\u00eda Lorca, como <strong class=\"mce\">Air Arabia, Nordica, Vueling y Volotea. Con Iberia<\/strong>, el encuentro se centr\u00f3 en la posibilidad de incrementar las frecuencias de la precise conexi\u00f3n con Madrid y de adelantar el horario del primer vuelo de la ma\u00f1ana para que despegue de Granada a las 6.30 horas.<\/p>\n<p class=\"mce\">Medina ha aclarado que, \u201cpor motivos sanitarios\u201d, este a\u00f1o no se ha celebrado el D\u00eda de la Provincia, con su tradicional degustaci\u00f3n de productos de la marca Sabor Granada, ni se han desarrollado las actividades de animaci\u00f3n y de showcooking dirigidas al p\u00fablico del fin de semana.<\/p>\n<p class=\"mce\">Las limitaciones de seguridad han afectado tambi\u00e9n a la atenci\u00f3n de la zona de mostradores, de modo que la documentaci\u00f3n tur\u00edstica como los <strong class=\"mce\">mapas, gu\u00edas, folletos y dem\u00e1s materia<\/strong>l s\u00f3lo ha estado disponible en formato digital en una p\u00e1gina internet accesible a trav\u00e9s de un c\u00f3digo QR.<\/p>\n<\/div>\n\n<p><em> &#8221; Fuentes www.granadahoy.com &#8221; <\/em><\/p>\n","protected":false},"excerpt":{"rendered":"<p>El diputado provincial de Turismo, Enrique Medina, ha calificado la asistencia a la feria de \u201cpositiva e ilusionante\u201d aunque ha reconocido que, \u201ccomo se esperaba, la presencia tanto de profesionales de mi\u00e9rcoles a viernes como de p\u00fablico durante el fin de semana ha estado muy mermada por la situaci\u00f3n actual de pandemia\u201d. La actividad promocional [&hellip;]<\/p>\n","protected":false},"author":4,"featured_media":133262,"comment_status":"open","ping_status":"closed","sticky":false,"template":"","format":"standard","meta":{"om_disable_all_campaigns":false,"jnews-multi-image_gallery":[],"jnews_single_post":[],"jnews_primary_category":[],"jnews_social_meta":[],"footnotes":""},"categories":[40],"tags":[24555,2081,4165,4032,596],"class_list":["post-133261","post","type-post","status-publish","format-standard","has-post-thumbnail","hentry","category-industria","tag-conquistar","tag-granada","tag-normalidad","tag-ofertas","tag-turistica"],"_links":{"self":[{"href":"https:\/\/dimensionturistica.com\/es\/wp-json\/wp\/v2\/posts\/133261","targetHints":{"allow":["GET"]}}],"collection":[{"href":"https:\/\/dimensionturistica.com\/es\/wp-json\/wp\/v2\/posts"}],"about":[{"href":"https:\/\/dimensionturistica.com\/es\/wp-json\/wp\/v2\/types\/post"}],"author":[{"embeddable":true,"href":"https:\/\/dimensionturistica.com\/es\/wp-json\/wp\/v2\/users\/4"}],"replies":[{"embeddable":true,"href":"https:\/\/dimensionturistica.com\/es\/wp-json\/wp\/v2\/comments?post=133261"}],"version-history":[{"count":0,"href":"https:\/\/dimensionturistica.com\/es\/wp-json\/wp\/v2\/posts\/133261\/revisions"}],"wp:featuredmedia":[{"embeddable":true,"href":"https:\/\/dimensionturistica.com\/es\/wp-json\/wp\/v2\/media\/133262"}],"wp:attachment":[{"href":"https:\/\/dimensionturistica.com\/es\/wp-json\/wp\/v2\/media?parent=133261"}],"wp:term":[{"taxonomy":"category","embeddable":true,"href":"https:\/\/dimensionturistica.com\/es\/wp-json\/wp\/v2\/categories?post=133261"},{"taxonomy":"post_tag","embeddable":true,"href":"https:\/\/dimensionturistica.com\/es\/wp-json\/wp\/v2\/tags?post=133261"}],"curies":[{"name":"wp","href":"https:\/\/api.w.org\/{rel}","templated":true}]}}