{"id":131706,"date":"2021-05-22T13:39:46","date_gmt":"2021-05-22T13:39:46","guid":{"rendered":"https:\/\/dimensionturistica.com\/es\/?p=131706"},"modified":"2021-05-22T13:39:46","modified_gmt":"2021-05-22T13:39:46","slug":"alemania-prohibe-viajes-desde-el-reino-unido-por-variantes-del-covid-19","status":"publish","type":"post","link":"https:\/\/dimensionturistica.com\/es\/alemania-prohibe-viajes-desde-el-reino-unido-por-variantes-del-covid-19\/","title":{"rendered":"Alemania proh\u00edbe viajes desde el Reino Unido por variantes del COVID-19"},"content":{"rendered":"<p> <br \/>\n<\/p>\n<div id=\"the-post\">\n<div class=\"post-inner post-content\">\n<div class=\"post-meta\">\n<div class=\"d-flex align-items-center\">\n<p>&#13;<br \/>\n\t\t\t\t\t\t\t<span class=\"tie-cat-7\"><span class=\"cat-title\">Mundo | <\/span><\/span>&#13;\n\t\t\t\t\t<\/p>\n<p>&#13;<br \/>\n\t\t\t\t\t\t\t22 Might, 2021, 8:31\t\t\t\t\t<\/p>\n<\/p><\/div><\/div>\n<h4 class=\"post-excerpt mt-3\"\/>\n<p>La variante B 1.617.2, como se le conoce t\u00e9cnicamente, es considerada como una de las causas del alto aumento de contagios en India.<\/p>\n<p>\t\t\t\t <!-- .share-post --><\/p>\n<div class=\"post-featured-img post-featured-img py-3 mt-3 border-top\">\n<div class=\"single-post-thumb\">\n\t\t\t<img decoding=\"async\" width=\"700\" height=\"466\" class=\"attachment-slider size-slider wp-post-image lazyload\" alt=\"\" src=\"https:\/\/www.lavozdemichoacan.com.mx\/wp-content\/uploads\/2021\/01\/alemania-1.jpg\" srcset=\"https:\/\/www.lavozdemichoacan.com.mx\/wp-content\/uploads\/2021\/01\/alemania-1.jpg 700w, https:\/\/www.lavozdemichoacan.com.mx\/wp-content\/uploads\/2021\/01\/alemania-1-150x100.jpg 150w, https:\/\/www.lavozdemichoacan.com.mx\/wp-content\/uploads\/2021\/01\/alemania-1-300x200.jpg 300w, https:\/\/www.lavozdemichoacan.com.mx\/wp-content\/uploads\/2021\/01\/alemania-1-676x450.jpg 676w\" data-sizes=\"auto\" loading=\"lazy\"\/><noscript><img decoding=\"async\" width=\"700\" height=\"466\" src=\"https:\/\/www.lavozdemichoacan.com.mx\/wp-content\/uploads\/2021\/01\/alemania-1.jpg\" class=\"attachment-slider size-slider wp-post-image\" alt=\"\" srcset=\"https:\/\/www.lavozdemichoacan.com.mx\/wp-content\/uploads\/2021\/01\/alemania-1.jpg 700w, https:\/\/www.lavozdemichoacan.com.mx\/wp-content\/uploads\/2021\/01\/alemania-1-150x100.jpg 150w, https:\/\/www.lavozdemichoacan.com.mx\/wp-content\/uploads\/2021\/01\/alemania-1-300x200.jpg 300w, https:\/\/www.lavozdemichoacan.com.mx\/wp-content\/uploads\/2021\/01\/alemania-1-676x450.jpg 676w\" sizes=\"(max-width: 700px) 100vw, 700px\"\/><\/noscript>\t\t<\/div>\n<p>Foto: EFE.<\/p>\n<\/p><\/div>\n<div id=\"fontsizemoreless\" class=\"entry mt-4\">\n<p>\n\t\t\t\t\t\t&#13;<br \/>\n<button class=\"btn btn-font-more rounded-circle mr-2\" type=\"button\" onclick=\"resizeText(-1);\">&#8211;<\/button>&#13;<br \/>\n<button class=\"btn btn-font-more rounded-circle\" type=\"button\" onclick=\"resizeText(1);\">+<\/button>&#13;\n\t\t\t\t\t<\/p>\n<div class=\"px-0\">\n<p>EFE \/ La Voz de Michoac\u00e1n<\/p>\n<p>Berl\u00edn. El Gobierno alem\u00e1n ha vuelto a declarar al Reino Unido como zona de variantes del coronavirus, lo que implica una prohibici\u00f3n common de la entrada de viajeros procedentes de ese pa\u00eds a Alemania<\/p>\n<p>La reglamentaci\u00f3n alemana estipula que hay una prohibici\u00f3n common de viajar a Alemania desde zonas de variantes, aunque hay algunas excepciones.<\/p>\n<h3 class=\"crp-list-title\">Contenidos relacionados<\/h3>\n<p>Por ejemplo, los alemanes que est\u00e9n el Reino Unido puede regresar a su pa\u00eds pero, a diferencia de lo que ocurre con las zonas de riesgo, no podr\u00e1n acortar la cuarentena, de dos semanas, a trav\u00e9s de un take a look at negativo.<\/p>\n<p>El regreso del Reino Unido a la lista se debe a la propagaci\u00f3n de la llamada variante india, considerada por los vir\u00f3logos especialmente agresiva y ante la que la protecci\u00f3n de la vacuna es probablemente menor.<\/p>\n<p>La variante B 1.617.2, como se le conoce t\u00e9cnicamente, es considerada como una de las causas del alto aumento de contagios en India.<\/p>\n<p>En el Reino Unido hay 3.400 casos detectados de esa variante.\u00a0<\/p>\n<\/p><\/div><\/div>\n<p><!-- .entry \/-->\n\t\t\t<\/div>\n<p><!-- .post-inner --><\/p><\/div>\n\n<p><em> &#8221; Fuentes www.lavozdemichoacan.com.mx &#8221; <\/em><\/p>\n","protected":false},"excerpt":{"rendered":"<p>&#13; Mundo | &#13; &#13; 22 Might, 2021, 8:31 La variante B 1.617.2, como se le conoce t\u00e9cnicamente, es considerada como una de las causas del alto aumento de contagios en India. Foto: EFE. &#13; &#8211;&#13; +&#13; EFE \/ La Voz de Michoac\u00e1n Berl\u00edn. El Gobierno alem\u00e1n ha vuelto a declarar al Reino Unido como [&hellip;]<\/p>\n","protected":false},"author":4,"featured_media":131707,"comment_status":"open","ping_status":"closed","sticky":false,"template":"","format":"standard","meta":{"om_disable_all_campaigns":false,"jnews-multi-image_gallery":[],"jnews_single_post":[],"jnews_primary_category":[],"jnews_social_meta":[],"footnotes":""},"categories":[39],"tags":[1762,2270,7878,16325,24390,24388,973,19820,16344,16337,16321,3108,16341,16322,2665,2403,2450,16327,1551,16334,3109,3105,16333,24389,16329,4360,16347,16310,24394,5044,16356,2486,19812,2292,19821,1975,1356,510,16316,3102,739,19818,5211,16315,3097,5250,19816,2142,16319,16350,3098,16331,16328,9255,16348,4139,24392,16320,16353,16354,3317,3124,4676,16352,24391,16338,3096,19815,16349,24393,16324,16323,16313,16340,13139,16314,1300,4735,2510,8424,7881,16339,6037,8293,16342,10982,2511,980,7494,705,16326,2221,3117,16311,16336,19814,3100,3099,8301,5811,1411,7070,16346,3101,19817,1499,19813,986,16309,12676,16355,16358,16343,16345,16335,544,16332,16357,16359,16312,16360,1597,19819],"class_list":["post-131706","post","type-post","status-publish","format-standard","has-post-thumbnail","hentry","category-viajes","tag-1762","tag-accidente","tag-agricultura","tag-aguacate","tag-alfonso-martinez","tag-alfredo-ramirez","tag-amlo","tag-antros","tag-apatzingan","tag-aquila","tag-asesinatos","tag-atletico-morelia","tag-autodefensas","tag-balacera","tag-balnearios","tag-banco","tag-becas","tag-berries","tag-calor","tag-camas","tag-canarios","tag-candidatos","tag-carlos-herrera","tag-carlos-herrera-tello","tag-carteles-unidos","tag-casos","tag-cb","tag-cerro-del-aguila","tag-ciudad-colonial","tag-cjng","tag-clases-virtuales","tag-clima","tag-cnte","tag-comicios","tag-confirmados","tag-contagios","tag-covid","tag-covid-19","tag-crimen-organizado","tag-cristobal-arias","tag-cubrebocas","tag-cuizeo","tag-dia-de-muertos","tag-diana-carpio","tag-diego","tag-droga","tag-ejidatarios","tag-elecciones","tag-enfrentamiento","tag-estadio-morelos","tag-feminicidio","tag-ficm","tag-fresa","tag-frio","tag-grupo-marmor","tag-guardia-nacional","tag-hipolito-mora","tag-homicidios","tag-hospital-civil","tag-hospital-infantil","tag-hospitales","tag-iglesias","tag-imss","tag-issste","tag-ivan-perez-negron","tag-jaripeos","tag-jessica","tag-jesus-del-monte","tag-jose-luis-higuera","tag-juan-antonio-magana","tag-la-voz","tag-la-voz-de-michoacan","tag-lazaro-cardenas","tag-liga-expansion","tag-lluvias","tag-lopez-obrador","tag-manifestacion","tag-marcha","tag-mario-delgado","tag-mariposa-monarca","tag-medidas-sanitarias","tag-memo-valencia","tag-michoacan","tag-migracion","tag-mireles","tag-morelia","tag-morena","tag-mujer","tag-narco","tag-noticias","tag-paisanos","tag-pan","tag-patrullas","tag-patzcuaro","tag-pichilinguillo","tag-pico-azul","tag-prd","tag-pri","tag-primavera","tag-pueblos-magicos","tag-puerto","tag-pvem","tag-quadratin","tag-raul-moron","tag-revolucion-social","tag-secretaria-de-salud","tag-secuestro","tag-seguridad","tag-silvano-aureoles","tag-snte","tag-tarimbaro","tag-tec-de-morelia","tag-tepalcatepec","tag-tierra-caliente","tag-tortugas","tag-turismo","tag-tzintzuntzan","tag-umsnh","tag-unla","tag-uruapan","tag-uvaq","tag-vacuna","tag-venta-de-alcohol"],"_links":{"self":[{"href":"https:\/\/dimensionturistica.com\/es\/wp-json\/wp\/v2\/posts\/131706","targetHints":{"allow":["GET"]}}],"collection":[{"href":"https:\/\/dimensionturistica.com\/es\/wp-json\/wp\/v2\/posts"}],"about":[{"href":"https:\/\/dimensionturistica.com\/es\/wp-json\/wp\/v2\/types\/post"}],"author":[{"embeddable":true,"href":"https:\/\/dimensionturistica.com\/es\/wp-json\/wp\/v2\/users\/4"}],"replies":[{"embeddable":true,"href":"https:\/\/dimensionturistica.com\/es\/wp-json\/wp\/v2\/comments?post=131706"}],"version-history":[{"count":0,"href":"https:\/\/dimensionturistica.com\/es\/wp-json\/wp\/v2\/posts\/131706\/revisions"}],"wp:featuredmedia":[{"embeddable":true,"href":"https:\/\/dimensionturistica.com\/es\/wp-json\/wp\/v2\/media\/131707"}],"wp:attachment":[{"href":"https:\/\/dimensionturistica.com\/es\/wp-json\/wp\/v2\/media?parent=131706"}],"wp:term":[{"taxonomy":"category","embeddable":true,"href":"https:\/\/dimensionturistica.com\/es\/wp-json\/wp\/v2\/categories?post=131706"},{"taxonomy":"post_tag","embeddable":true,"href":"https:\/\/dimensionturistica.com\/es\/wp-json\/wp\/v2\/tags?post=131706"}],"curies":[{"name":"wp","href":"https:\/\/api.w.org\/{rel}","templated":true}]}}