{"id":131638,"date":"2021-05-22T08:15:04","date_gmt":"2021-05-22T08:15:04","guid":{"rendered":"https:\/\/dimensionturistica.com\/es\/?p=131638"},"modified":"2021-05-22T08:15:04","modified_gmt":"2021-05-22T08:15:04","slug":"burgos-de-cine-del-ejercito-franquista-que-escolto-a-clint-eastwood-a-el-cid-de-amazon","status":"publish","type":"post","link":"https:\/\/dimensionturistica.com\/es\/burgos-de-cine-del-ejercito-franquista-que-escolto-a-clint-eastwood-a-el-cid-de-amazon\/","title":{"rendered":"Burgos de cine: del ej\u00e9rcito franquista que escolt\u00f3 a Clint Eastwood a &#8216;El Cid&#8217; de Amazon"},"content":{"rendered":"<p> <br \/>\n<\/p>\n<div id=\"\">&#13;<\/p>\n<p>Con su riqueza en paisajes y patrimonio, no es de extra\u00f1ar que <strong>Metallica<\/strong> arranque todos sus conciertos con un recorrido por la provincia de Burgos. Lo hace al toque de &#8220;<strong>The Ecstasy of Gold&#8221;<\/strong>, tema inconfundible de <em><strong>El bueno, el feo y el malo<\/strong><\/em>, spaghetti western protagonizado por <strong>Clint Eastwood <\/strong>y rodado en parte en el cementerio de <strong>Unhappy Hill<\/strong>, cerca de<strong> Santo Domingo de Silos<\/strong>. La provincia de Burgos es escenario ordinary de cine y son muchos los t\u00edtulos que han utilizado sus localizaciones. Disfrutar de ellos es una estimulante forma de viajar desde casa y sumergirse en un destino que sorprende y mucho Burgos es un destino de pel\u00edcula.<\/p>\n<p>Uno de los primeros largometrajes rodados en la provincia fue<em> <strong>El Lazarillo de Tormes<\/strong><\/em>. Period 1959 cuando Cesar Fern\u00e1ndez Ardav\u00edn decidi\u00f3 adaptar este cl\u00e1sico de la literatura al cine. El director se convirti\u00f3 de esta manera en el primer espa\u00f1ol en ganar el Oso de Oro del pageant de Berl\u00edn y la cinta, protagonizada por Marco Paoletti y Carlos Casaravilla, mostr\u00f3 al mundo lugares como el Lagar de los Tobalina de <strong>Fr\u00edas<\/strong>, la ciudad m\u00e1s peque\u00f1a de Espa\u00f1a, o la villa ducal de Lerma, dise\u00f1ada hace cuatro siglos para el disfrute del rey Felipe III.<\/p>\n<p>A\u00f1os despu\u00e9s, en 1963, Julio Coll rod\u00f3 en Salas de los Infantes, en Santo Domingo de Silos y en el desfiladero de La Yecla el thriller <em><strong>Los muertos no perdonan<\/strong><\/em>. En su periplo, un joven parapsic\u00f3logo, encarnado por Javier Escriv\u00e1, busca una explicaci\u00f3n a la muerte de su padre. M\u00e1s all\u00e1 de su argumento, la pel\u00edcula sirve para descubrir varias localizaciones al suroeste de la provincia en las zonas de Demanda y Pinares.<\/p>\n<div>\n<strong><em>El bueno, el feo y el malo<\/em> <\/strong>(1966). La pel\u00edcula de Sergio Leone se rod\u00f3 en varios puntos de la provincia: en el municipio de Carazo, en el monasterio de San Pedro de Arlanza en Hortig\u00fcela, junto al r\u00edo Arlanza y en el valle de Mirandilla, en los t\u00e9rminos municipales de Santo Domingo de Silos y Contreras. En la grabaci\u00f3n, participaron vecinos de estos pueblos, estudiantes y militares. Fueron ellos, los soldados del ej\u00e9rcito de Franco, los que se encargaron de levantar las 5.000 tumbas del <strong>cementerio de Unhappy Hill<\/strong> donde se desarrolla esa famosa escena del duelo a tres donde se escucha la frase: &#8220;Eh, rubio, \u00bfsabes de qui\u00e9n eres hijo? Eres un hijo de mil padres&#8221;. De su conservaci\u00f3n se encarga la <a rel=\"nofollow noopener\" target=\"_blank\" href=\"http:\/\/www.acsadhill.es\/\">Asociaci\u00f3n Cultural Sad Hill<\/a>.<\/div>\n<p>Veinte a\u00f1os despu\u00e9s, en 1986, Antonio Gim\u00e9nez Rico llevaba al cine la adaptaci\u00f3n de <em><strong>El disputado voto del se\u00f1or Cayo<\/strong><\/em>, obra de <strong>Miguel Delibes<\/strong>, uno de los mejores novelistas espa\u00f1oles. Si bien el escritor period vallisoletano de nacimiento, Delibes sent\u00eda una gran afinidad por la provincia de Burgos y en especial por el Valle de Sedano, del que confes\u00f3: \u00abPara sentar las cosas desde un principio dir\u00e9 que Sedano es mi pueblo, un peque\u00f1o gran pueblo de Burgos, donde la gente llega a vieja comiendo manzanas y miel\u00bb. Como escenario de la pel\u00edcula, Antonio Gim\u00e9nez Rico eligi\u00f3 Pesquera del Ebro, en el ayuntamiento de Sedano, un lugar que Delibes sent\u00eda como propio: \u00abAs\u00ed que Sedano es mi pueblo y no por casualidad de haber nacido en \u00e9l, sino por decisi\u00f3n deliberada de haberlo adoptado entre mil\u00bb.<\/p>\n<p><strong>Javier Fesser<\/strong> cre\u00f3 un universo \u00fanico en su primera pel\u00edcula, <em><strong>El Milagro de P. Tinto<\/strong><\/em> (1998). Esos mundos imaginarios y surrealistas existen y se encuentran en La Revilla, un pueblecito en el entorno de la sierra de la Demanda. Su viejo apeadero se convirti\u00f3 en el hogar del se\u00f1or P. Tinto y su mujer, Olivia. Aunque hace mucho que no pasan trenes por all\u00ed, en los mundos de Fesser cada 25 a\u00f1os aparece el Expreso Pendular, trayendo a sus personajes bizarros. Cinco a\u00f1os despu\u00e9s, Javier Fesser regres\u00f3 a la provincia de Burgos para rodar parte de <strong>La gran aventura de Mortadelo y Filem\u00f3n<\/strong>, basada en las historietas de Francisco Ib\u00e1nez. Eligi\u00f3 para ello <strong>Aranda de Duero<\/strong>.<\/p>\n<p><strong>Jos\u00e9 Luis Garci <\/strong>rod\u00f3 algunas escenas de <em><strong>El abuelo<\/strong> <\/em>en el<strong> Monasterio de la Vid<\/strong>, en La Vid y Barrios, cuya historia se remonta al siglo XII, cuando el noble Domingo G\u00f3mez de Candespina fund\u00f3 una de las dos primeras abad\u00edas premonstratenses del pa\u00eds. El abuelo, largometraje basado en un libro de Gald\u00f3s y protagonizada por Fernando Fern\u00e1n G\u00f3mez, lleg\u00f3 a Hollywood (fue candidata a los Premios \u00d3scar como Mejor Pel\u00edcula de habla no inglesa) y, con ella, la autenticidad de la provincia de Burgos.<\/p>\n<p>Y siendo 2021 y 2022 A\u00f1o Jacobeo, \u00bfqu\u00e9 mejor momento para recordar una de las obras que homenajean al Camino de Santiago? <em><strong>The Approach<\/strong><\/em>, dirigida en 2009 por Emilio Est\u00e9vez y protagonizada por su padre<strong> Martin Sheen. El Camino<\/strong> cuenta la historia de un californiano que peregrina con las cenizas de su hijo, fallecido cuando iba camino a Santiago. Una buena manera de adentrarse en alguna de las etapas burgalesas de esta gran ruta.<\/p>\n<div><em><strong>El Cid<\/strong><\/em>, estrenada recientemente en Amazon Prime Video, lleva al espectador a descubrir gran parte de la provincia, con localizaciones en Fr\u00edas, uno de los <a rel=\"nofollow noopener\" target=\"_blank\" href=\"https:\/\/www.lospueblosmasbonitosdeespana.org\/castilla-y-leon\/frias\">Pueblos M\u00e1s Bonitos de Espa\u00f1a<\/a>, o el <strong>Monumento Pure Monte Santiago<\/strong>, un incre\u00edble emplazamiento pure al noreste de la provincia dominado por un frondoso hayedo y el espect\u00e1culo del salto del Nervi\u00f3n, el m\u00e1s alto de Espa\u00f1a, en forma de cola de caballo.<\/div>\n<div><a rel=\"nofollow noopener\" target=\"_blank\" href=\"http:\/\/www.burgosfilmcommission.org\/\">Burgos Film Commission<\/a> es una oficina de captaci\u00f3n de producciones audiovisuales que busca facilitar las grabaciones en la provincia y proyectar este territorio que ofrece una enorme variedad de escenarios, facilidades para los rodajes y buenos profesionales del sector. Es tambi\u00e9n una buena f\u00f3rmula de atraer a turistas interesados en el cine, un tipo de viajero que busca conocer los escenarios de sus pel\u00edculas y collection favoritas.<\/div>\n<p>Burgos es origen de la lengua castellana, del primer hombre europeo, cuna de leyendas, cruce de caminos, as\u00ed como punto de partida de relevantes hechos hist\u00f3ricos que han dejado un legado cultural, arquitect\u00f3nico, art\u00edstico y etnogr\u00e1fico. A su vez, Burgos es destino para todos aquellos que buscan un viaje lleno de sensaciones donde el patrimonio, la naturaleza, la gastronom\u00eda y la historia van de la mano.<\/p>\n<\/p><\/div>\n\n<p><em> &#8221; Fuentes www.libertaddigital.com &#8221; <\/em><\/p>\n","protected":false},"excerpt":{"rendered":"<p>&#13; Con su riqueza en paisajes y patrimonio, no es de extra\u00f1ar que Metallica arranque todos sus conciertos con un recorrido por la provincia de Burgos. Lo hace al toque de &#8220;The Ecstasy of Gold&#8221;, tema inconfundible de El bueno, el feo y el malo, spaghetti western protagonizado por Clint Eastwood y rodado en parte [&hellip;]<\/p>\n","protected":false},"author":4,"featured_media":131639,"comment_status":"open","ping_status":"closed","sticky":false,"template":"","format":"standard","meta":{"om_disable_all_campaigns":false,"jnews-multi-image_gallery":[],"jnews_single_post":[],"jnews_primary_category":[],"jnews_social_meta":[],"footnotes":""},"categories":[39],"tags":[2025,24373,24374,545],"class_list":["post-131638","post","type-post","status-publish","format-standard","has-post-thumbnail","hentry","category-viajes","tag-burgos","tag-clint-eastwood","tag-el-cid","tag-viajes"],"_links":{"self":[{"href":"https:\/\/dimensionturistica.com\/es\/wp-json\/wp\/v2\/posts\/131638","targetHints":{"allow":["GET"]}}],"collection":[{"href":"https:\/\/dimensionturistica.com\/es\/wp-json\/wp\/v2\/posts"}],"about":[{"href":"https:\/\/dimensionturistica.com\/es\/wp-json\/wp\/v2\/types\/post"}],"author":[{"embeddable":true,"href":"https:\/\/dimensionturistica.com\/es\/wp-json\/wp\/v2\/users\/4"}],"replies":[{"embeddable":true,"href":"https:\/\/dimensionturistica.com\/es\/wp-json\/wp\/v2\/comments?post=131638"}],"version-history":[{"count":0,"href":"https:\/\/dimensionturistica.com\/es\/wp-json\/wp\/v2\/posts\/131638\/revisions"}],"wp:featuredmedia":[{"embeddable":true,"href":"https:\/\/dimensionturistica.com\/es\/wp-json\/wp\/v2\/media\/131639"}],"wp:attachment":[{"href":"https:\/\/dimensionturistica.com\/es\/wp-json\/wp\/v2\/media?parent=131638"}],"wp:term":[{"taxonomy":"category","embeddable":true,"href":"https:\/\/dimensionturistica.com\/es\/wp-json\/wp\/v2\/categories?post=131638"},{"taxonomy":"post_tag","embeddable":true,"href":"https:\/\/dimensionturistica.com\/es\/wp-json\/wp\/v2\/tags?post=131638"}],"curies":[{"name":"wp","href":"https:\/\/api.w.org\/{rel}","templated":true}]}}