{"id":131226,"date":"2021-05-21T14:19:35","date_gmt":"2021-05-21T14:19:35","guid":{"rendered":"https:\/\/dimensionturistica.com\/es\/?p=131226"},"modified":"2021-05-21T14:19:35","modified_gmt":"2021-05-21T14:19:35","slug":"tunez-se-une-un-ano-mas-a-la-cita-turistica-mas-importante-de-espana","status":"publish","type":"post","link":"https:\/\/dimensionturistica.com\/es\/tunez-se-une-un-ano-mas-a-la-cita-turistica-mas-importante-de-espana\/","title":{"rendered":"T\u00fanez se une un a\u00f1o m\u00e1s a la cita tur\u00edstica m\u00e1s importante de Espa\u00f1a"},"content":{"rendered":"<p> <br \/>\n<\/p>\n<div id=\"textoNoticia\" itemprop=\"articleBody\">\n<p>Fiel a su compromiso con el porvenir de la industria tur\u00edstica a nivel nacional e internacional, la <a rel=\"nofollow noopener\" target=\"_blank\" href=\"https:\/\/www.discovertunisia.com\/es\/\">Oficina Nacional de Turismo de T\u00fanez <\/a>participa un a\u00f1o m\u00e1s en <a rel=\"nofollow noopener\" target=\"_blank\" href=\"https:\/\/www.ifema.es\/fitur\">FITUR 2021<\/a>, que se hasta el 23 de mayo, en IFEMA (Madrid).<\/p>\n<p>Se trata de una oportunidad \u00fanica de volver a conectar con los profesionales del sector en Espa\u00f1a, de prepararse para la reanudaci\u00f3n de la actividad tur\u00edstica a nivel internacional y de volver a convertirse en un destino de referencia en el Mediterr\u00e1neo.<\/p>\n<p>Seg\u00fan Fatma Omrani Chargui, Embajadora de T\u00fanez en Espa\u00f1a, \u201cla participaci\u00f3n tunecina en FITUR, teniendo en cuenta la coyuntura delicada actual que estamos viviendo, es una manifestaci\u00f3n de solidaridad regional para la reactivaci\u00f3n del sector en el pa\u00eds y un apoyo a los esfuerzos del gobierno espa\u00f1ol para la reanudaci\u00f3n del turismo\u201d.<\/p>\n<p>Desde el comienzo de la pandemia, T\u00fanez ha demostrado una gran capacidad para contener la expansi\u00f3n del coronavirus COVID-19 en el pa\u00eds, adoptando rigurosas medidas sanitarias en materia de turismo, a trav\u00e9s del protocolo \u201cReady &amp; Safe\u201d o \u201cListo y seguro\u201d, aplicado en aeropuertos, transportes, hoteles, restaurantes y otros establecimientos.<img decoding=\"async\" class=\"img_ampliable\" style=\"margin: 10px; float: right;\" src=\"https:\/\/www.inoutviajes.com\/fotos\/editor\/16060\/1621605662_2-de-izqda-a-dcha-leila-tekaia-fatma-omrani-chargui-y-moez-ben-rejeb.jpg\" alt=\"\" width=\"300\"\/><\/p>\n<p>Actualmente, las medidas adoptadas por las autoridades tunecinas se caracterizan por su alto nivel de dinamismo, ya que van actualiz\u00e1ndose semanalmente en funci\u00f3n de la evoluci\u00f3n de la pandemia.<\/p>\n<p>Gracias a este protocolo, hoy en d\u00eda el pa\u00eds mantiene su espacio a\u00e9reo abierto y es posible el acceso de los turistas al mismo presentando pruebas PCR con resultado negativo.<\/p>\n<p><a rel=\"nofollow noopener\" target=\"_blank\" href=\"http:\/\/www.tunisair.com\/site\/publish\/content\/default.asp?lang=es\">Tunisair,<\/a> la compa\u00f1\u00eda a\u00e9rea tunecina que tambi\u00e9n participa en la feria, se reafirma en su apuesta por el mercado espa\u00f1ol y por su capacidad emisora hacia el destino. Seg\u00fan Moez Ben Rejeb, director basic de la aerol\u00ednea para Espa\u00f1a y Portugal, \u201cpara nosotros, Espa\u00f1a sigue siendo un mercado estrat\u00e9gico. Aunque se han realizado algunos ajustes en nuestra programaci\u00f3n por la pandemia, en cuesti\u00f3n de meses volveremos a recuperar parte del mercado, en especial la actividad de grupos procedente de touroperadores y agencias de viajes, un bar\u00f3metro clave en la recuperaci\u00f3n\u201d.<\/p>\n<p>Cabe destacar que los viajeros que se desplacen a T\u00fanez en grupos organizados por operadores no tienen la obligatoriedad de realizar un confinamiento en hoteles.<\/p>\n<p>En este sentido, las autoridades est\u00e1n identificando nuevas tendencias tur\u00edsticas en la period post-COVID, que incluyen un aumento de la relevancia de turoperadores y agencias de viajes, que tienen un gran valor para el turismo en T\u00fanez; y el aumento del inter\u00e9s en productos de aire libre: patrimonio arqueol\u00f3gico, turismo sahariano y turismo deportivo del motor.<\/p>\n<p>Leila Tekaia, directora de la Oficina Nacional de Turismo de T\u00fanez para Espa\u00f1a y Portugal, afirma que \u201cel turismo seguir\u00e1 siendo para T\u00fanez un pilar fundamental en el desarrollo de la econom\u00eda de nuestro pa\u00eds y, gracias al gran esfuerzo de las autoridades y de todos los agentes tur\u00edsticos, volveremos a recibir el gran volumen de viajeros europeos que registramos en 2019, cuando aument\u00f3 la cifra en un 15,6% con respecto al a\u00f1o anterior\u201d.<\/p>\n<p>En T\u00fanez ya est\u00e1n preparados con todas las medidas necesarias para la reactivaci\u00f3n tur\u00edstica, un motivo adicional para atraer a viajeros de todo el mundo y mostrarles su clima mediterr\u00e1neo, su deliciosa gastronom\u00eda, sus paradis\u00edacas playas y sus monumentos milenarios.<\/p>\n<\/div>\n<p><script>\n!function(f,b,e,v,n,t,s){if(f.fbq)return;n=f.fbq=function(){n.callMethod?\nn.callMethod.apply(n,arguments):n.queue.push(arguments)};if(!f._fbq)f._fbq=n;\nn.push=n;n.loaded=!0;n.version='2.0';n.queue=[];t=b.createElement(e);t.async=!0;\nt.src=v;s=b.getElementsByTagName(e)[0];s.parentNode.insertBefore(t,s)}(window,\ndocument,'script','\/\/connect.facebook.net\/en_US\/fbevents.js');\nfbq('init', '1760867457466831');\nfbq('track', \"PageView\");<\/script><script>(function(d, s, id) {\nvar js, fjs = d.getElementsByTagName(s)[0];\nif (d.getElementById(id)) return;\njs = d.createElement(s); js.id = id;\njs.src=\"https:\/\/connect.facebook.net\/es_ES\/sdk.js#xfbml=1&version=v2.4&appId=559586777490068\";\nfjs.parentNode.insertBefore(js, fjs);\n}(document, 'script', 'facebook-jssdk'));<\/script><br \/>\n<br \/><\/p>\n<p><em> &#8221; Fuentes www.inoutviajes.com &#8221; <\/em><\/p>\n","protected":false},"excerpt":{"rendered":"<p>Fiel a su compromiso con el porvenir de la industria tur\u00edstica a nivel nacional e internacional, la Oficina Nacional de Turismo de T\u00fanez participa un a\u00f1o m\u00e1s en FITUR 2021, que se hasta el 23 de mayo, en IFEMA (Madrid). Se trata de una oportunidad \u00fanica de volver a conectar con los profesionales del sector [&hellip;]<\/p>\n","protected":false},"author":4,"featured_media":131227,"comment_status":"open","ping_status":"closed","sticky":false,"template":"","format":"standard","meta":{"om_disable_all_campaigns":false,"jnews-multi-image_gallery":[],"jnews_single_post":[],"jnews_primary_category":[],"jnews_social_meta":[],"footnotes":""},"categories":[40],"tags":[13579,5892,1715,2397,24312,965,13860],"class_list":["post-131226","post","type-post","status-publish","format-standard","has-post-thumbnail","hentry","category-industria","tag-a-o","tag-cita","tag-espa-a","tag-importante","tag-t-nez","tag-tur-stica","tag-une"],"_links":{"self":[{"href":"https:\/\/dimensionturistica.com\/es\/wp-json\/wp\/v2\/posts\/131226","targetHints":{"allow":["GET"]}}],"collection":[{"href":"https:\/\/dimensionturistica.com\/es\/wp-json\/wp\/v2\/posts"}],"about":[{"href":"https:\/\/dimensionturistica.com\/es\/wp-json\/wp\/v2\/types\/post"}],"author":[{"embeddable":true,"href":"https:\/\/dimensionturistica.com\/es\/wp-json\/wp\/v2\/users\/4"}],"replies":[{"embeddable":true,"href":"https:\/\/dimensionturistica.com\/es\/wp-json\/wp\/v2\/comments?post=131226"}],"version-history":[{"count":0,"href":"https:\/\/dimensionturistica.com\/es\/wp-json\/wp\/v2\/posts\/131226\/revisions"}],"wp:featuredmedia":[{"embeddable":true,"href":"https:\/\/dimensionturistica.com\/es\/wp-json\/wp\/v2\/media\/131227"}],"wp:attachment":[{"href":"https:\/\/dimensionturistica.com\/es\/wp-json\/wp\/v2\/media?parent=131226"}],"wp:term":[{"taxonomy":"category","embeddable":true,"href":"https:\/\/dimensionturistica.com\/es\/wp-json\/wp\/v2\/categories?post=131226"},{"taxonomy":"post_tag","embeddable":true,"href":"https:\/\/dimensionturistica.com\/es\/wp-json\/wp\/v2\/tags?post=131226"}],"curies":[{"name":"wp","href":"https:\/\/api.w.org\/{rel}","templated":true}]}}