{"id":130757,"date":"2021-05-20T20:01:06","date_gmt":"2021-05-20T20:01:06","guid":{"rendered":"https:\/\/dimensionturistica.com\/es\/?p=130757"},"modified":"2021-05-20T20:01:06","modified_gmt":"2021-05-20T20:01:06","slug":"el-rey-presidente-de-honor-de-la-cumbre-de-agencias-de-viaje-en-leon","status":"publish","type":"post","link":"https:\/\/dimensionturistica.com\/es\/el-rey-presidente-de-honor-de-la-cumbre-de-agencias-de-viaje-en-leon\/","title":{"rendered":"El rey, presidente de honor de la cumbre de agencias de viaje en Le\u00f3n"},"content":{"rendered":"<p> <br \/>\n<\/p>\n<div id=\"cont-cuerpo-noticia\">\n\t\t\t\t\tEl rey Felipe VI ha aceptado la presidencia de honor de la sexta <strong>Cumbre Mundial de Asociaciones de Agencias de Viaje<\/strong>, que se celebrar\u00e1 entre los d\u00edas 3 y el 6 de noviembre y va a convertir a Le\u00f3n en \u00abcapital mundial del turismo\u00bb durante cuatro d\u00edas.<\/p>\n<p>El <strong>Auditorio Ciudad de Le\u00f3n<\/strong> ser\u00e1 el escenario principal de un evento en el que participar\u00e1n <strong>150 personas <\/strong>(a los 120 representantes del sector en todo el mundo se unir\u00e1n otras 30 que impartir\u00e1n diferentes ponencias), aunque tambi\u00e9n est\u00e1 previsto que se desarrollen visitas a algunos de los principales atractivos tur\u00edsticos de la provincia.<\/p>\n<p>Si bien la elecci\u00f3n de Le\u00f3n para albergar este evento ya se hab\u00eda dado a conocer hace algo m\u00e1s de un mes, ha sido ahora su puesta de largo oficial gracias a la <strong>Feria Internacional de Turismo<\/strong> (Fitur). Al acto asistieron el presidente de la Diputaci\u00f3n y del Consorcio Provincial de Turismo, Eduardo Mor\u00e1n, y la ministra de Industria, Comercio y Turismo, <strong>Reyes Maroto<\/strong>, quien vio en este evento \u00abla demostraci\u00f3n de la recuperaci\u00f3n econ\u00f3mica y el reinicio de la actividad viajera, en la que las afencias son un elemento prioritario\u00bb. Asimismo, Maroto explic\u00f3 que lo urgente es anunciar \u00abque se puede viajar y que se puede viajar con seguridad\u00bb y agradeci\u00f3 presidente de la Diputaci\u00f3n el haber sabido trasladar la \u00abmagia\u00bb de una provincia como Le\u00f3n a todos los presentes. \u00abLa presentaci\u00f3n de esta cumbre mundial supone un hito y hacerlo en Fitur es sin duda un presagio de que muy pronto, ya lo est\u00e1 haciendo, arrancar\u00e1 el turismo\u00bb, defendi\u00f3 la ministra del ramo, que se mostr\u00f3 optimista y confiada y ofreci\u00f3 la colaboraci\u00f3n de las instituciones a la cita de noviembre en tierras leonesas, una cita que espera que sea \u00abel punto de arranque de una nueva period para el sector tur\u00edstico\u00bb y a la que ha confirmado su asistencia para inaugurarla.<\/p>\n<p>Su celebraci\u00f3n en Le\u00f3n es fruto del protocolo firmado por la <strong>Confederaci\u00f3n Espa\u00f1ola de Agencias de Viajes<\/strong> (Ceav) y el Consorcio Provincial de Turismo, del que tambi\u00e9n forma parte el Ayuntamiento de Le\u00f3n. El encuentro es organizado por Ceav cada dos a\u00f1os desde 2013 y durante cuatro d\u00edas se llevar\u00e1n a cabo diversas ponencias y debates que har\u00e1n especial hincapi\u00e9 en la afectaci\u00f3n de la pandemia en el sector de las agencias y las perspectivas de recuperaci\u00f3n a nivel mundial. Tal y como destac\u00f3 el presidente de Ceav, <strong>Carlos Garrido<\/strong>, \u00abel principal objetivo es que esta cumbre siga siendo el foro de intercambio mundial de experiencias en el que se dialogue y debata, a nivel international, sobre los aspectos fundamentales del sector en un momento que es el m\u00e1s complicado de nuestra historia\u00bb. \u00abAhora ya parece que empieza a funcionar la actividad econ\u00f3mica por la mejora de la situaci\u00f3n sanitaria, que ser\u00e1 lenta y gradual\u00bb, dijo.<\/p>\n<p><span class=\"ladillo_sin_comillas float_left\">Maroto ve esta cita como la muestra de la reactivaci\u00f3n del sector y compromete su presencia para inaugurarla<\/span>Adem\u00e1s de las distintas<strong> conferencias y mesas redondas<\/strong>, el evento organizar\u00e1, en paralelo, un programa de visitas a los lugares m\u00e1s emblem\u00e1ticos de la capital y la provincia leonesa. La cita constituye as\u00ed una oportunidad para que los asistentes descubran \u00abuno de los destinos tur\u00edsticos de Espa\u00f1a con mayores atractivos por sus contrastes naturales, su enorme patrimonio monumental y su variada gastronom\u00eda\u00bb, ratific\u00f3 Garrido. Al respecto, Mor\u00e1n solo pudo agradecer sus palabras y confi\u00f3 en que todos los profesionales participantes sean despu\u00e9s prescriptores en sus lugares de origen para \u00abpromocionar los contrastes naturales, culturales y gastron\u00f3micos\u00bb de la provincia.<\/p>\n<p>\u00abNo podemos perder esta oportunidad para ense\u00f1ar al mundo la belleza de Le\u00f3n. Ning\u00fan territorio tiene tantos contrastes en su espacio, con tanta historia\u00bb, coment\u00f3 Mor\u00e1n, quien adem\u00e1s destac\u00f3 la seguridad que ofrece la provincia en tiempos del Covid-19. Para concluir, agradeci\u00f3 la presencia a la ministra porque \u00abrefleja el apoyo del <strong>Gobierno <\/strong>a esta cita a Le\u00f3n\u00bb. Por ello, al tomar la palabra, Reyes Maroto record\u00f3 que han trabajado desde hace meses de la mano para la organizaci\u00f3n de la cita en noviembre y coment\u00f3 que este congreso pone en el foco a las agencias, \u00abesos prescriptores que est\u00e1n en cada pueblo y ciudad haciendo de intermediarios y dedicando su tiempo para asesorar al cliente en su mejor viaje\u00bb. \u00abSe convierten en amigos\u00bb, defini\u00f3.<\/p>\n<h3>&#8220;Empieza a ver la luz&#8221;<\/h3>\n<p>Adem\u00e1s, avanz\u00f3 que el sector empieza a ver la luz gracias a los <strong>datos positivos del mercado<\/strong> tur\u00edstico nacional y a la apertura de pa\u00edses europeos. Pronto, dijo, lo har\u00e1 tambi\u00e9n el Reino Unido, principal emisor de turistas hacia Espa\u00f1a. \u00abLas cifras son optimistas, pero hay que proteger a los trabajadores del sector, que lo han pasado mal. Todo funcionar\u00e1 mejor si la situaci\u00f3n epidemiol\u00f3gica lo permite; y el mensaje que debemos trasladar es que nuestro pa\u00eds y Le\u00f3n est\u00e1n abiertos al turismo y con los m\u00e1ximos est\u00e1ndares de seguridad\u00bb, asever\u00f3. En este sentido, reclam\u00f3 al sector de agencias de viaje un \u00faltimo esfuerzo y que \u00abaguante ahora que la situaci\u00f3n econ\u00f3mica se acelerar\u00e1 con vigor\u00bb. Para ello, se\u00f1al\u00f3 que este \u00e1mbito ser\u00e1n una pata muy relevante de la recuperaci\u00f3n del pa\u00eds, por el peso del turismo, y que en ese sentido \u00abcontar\u00e1n con la ayuda de los fondos europeos\u00bb.<\/p>\n<p>Por otro lado, entendi\u00f3 que cada habr\u00e1 m\u00e1s medidas de \u00abflexibilizaci\u00f3n\u00bb para atraer viajeros, como la propuesta del <strong>Gobierno de Baleares<\/strong> de no exigir PCR al viajero nacional que ya llegue con la primera dosis de la vacuna administrada; y vaticin\u00f3 un equilibrio entre los transportes a\u00e9reos, ferroviario y por carretera, una vez que el <strong>Plan 2050 <\/strong>presentado por el presidente del Gobierno, Pedro S\u00e1nchez, plantee la posibilidad de reducir los vuelos cortos y que sean sustituidos por el tren. \u00abEstamos hablando a largo plazo\u00bb, tranquiliz\u00f3 la ministra a las aerol\u00edneas. \u00abA corto plazo nuestro reto es recuperar la conectividad\u00bb, finaliz\u00f3.<\/p>\n<p>La cumbre, que cuenta con el apoyo del Ayuntamiento de Le\u00f3n, del <strong>Consorcio de Turismo de Le\u00f3<\/strong>n y de los colaboradores habituales de Ceav (<strong>Iberia, Renfe, Amadeus, Iberia Playing cards<\/strong> y <strong>Aon<\/strong>), convertir\u00e1 la ciudad en el foco de atenci\u00f3n de las agencias de viajes y de los m\u00e1ximos representantes del sector. Para su organizaci\u00f3n, adem\u00e1s, Ceav cuenta con la <strong>Asociaci\u00f3n Provincial de Agencias de Viaje de Le\u00f3n<\/strong> (Aprolav) y la<strong> Federaci\u00f3n Castellano Leonesa de Agencias de Viajes<\/strong> (Feclav).&#13;\n\t\t\t\t<\/p>\n<\/div>\n\n<p><em> &#8221; Fuentes www.lanuevacronica.com &#8221; <\/em><\/p>\n","protected":false},"excerpt":{"rendered":"<p>El rey Felipe VI ha aceptado la presidencia de honor de la sexta Cumbre Mundial de Asociaciones de Agencias de Viaje, que se celebrar\u00e1 entre los d\u00edas 3 y el 6 de noviembre y va a convertir a Le\u00f3n en \u00abcapital mundial del turismo\u00bb durante cuatro d\u00edas. El Auditorio Ciudad de Le\u00f3n ser\u00e1 el escenario [&hellip;]<\/p>\n","protected":false},"author":4,"featured_media":130758,"comment_status":"open","ping_status":"closed","sticky":false,"template":"","format":"standard","meta":{"om_disable_all_campaigns":false,"jnews-multi-image_gallery":[],"jnews_single_post":[],"jnews_primary_category":[],"jnews_social_meta":[],"footnotes":""},"categories":[40],"tags":[783,9056,702],"class_list":["post-130757","post","type-post","status-publish","format-standard","has-post-thumbnail","hentry","category-industria","tag-agencias-de-viaje","tag-cumbre","tag-leon"],"_links":{"self":[{"href":"https:\/\/dimensionturistica.com\/es\/wp-json\/wp\/v2\/posts\/130757","targetHints":{"allow":["GET"]}}],"collection":[{"href":"https:\/\/dimensionturistica.com\/es\/wp-json\/wp\/v2\/posts"}],"about":[{"href":"https:\/\/dimensionturistica.com\/es\/wp-json\/wp\/v2\/types\/post"}],"author":[{"embeddable":true,"href":"https:\/\/dimensionturistica.com\/es\/wp-json\/wp\/v2\/users\/4"}],"replies":[{"embeddable":true,"href":"https:\/\/dimensionturistica.com\/es\/wp-json\/wp\/v2\/comments?post=130757"}],"version-history":[{"count":0,"href":"https:\/\/dimensionturistica.com\/es\/wp-json\/wp\/v2\/posts\/130757\/revisions"}],"wp:featuredmedia":[{"embeddable":true,"href":"https:\/\/dimensionturistica.com\/es\/wp-json\/wp\/v2\/media\/130758"}],"wp:attachment":[{"href":"https:\/\/dimensionturistica.com\/es\/wp-json\/wp\/v2\/media?parent=130757"}],"wp:term":[{"taxonomy":"category","embeddable":true,"href":"https:\/\/dimensionturistica.com\/es\/wp-json\/wp\/v2\/categories?post=130757"},{"taxonomy":"post_tag","embeddable":true,"href":"https:\/\/dimensionturistica.com\/es\/wp-json\/wp\/v2\/tags?post=130757"}],"curies":[{"name":"wp","href":"https:\/\/api.w.org\/{rel}","templated":true}]}}