{"id":130596,"date":"2021-05-20T15:49:18","date_gmt":"2021-05-20T15:49:18","guid":{"rendered":"https:\/\/dimensionturistica.com\/es\/?p=130596"},"modified":"2021-05-20T15:49:18","modified_gmt":"2021-05-20T15:49:18","slug":"la-jornada-sebastiao-salgado-presenta-en-paris-la-muestra-amazonia","status":"publish","type":"post","link":"https:\/\/dimensionturistica.com\/es\/la-jornada-sebastiao-salgado-presenta-en-paris-la-muestra-amazonia\/","title":{"rendered":"La Jornada &#8211; Sebastiao Salgado presenta en Par\u00eds la muestra \u2018Amazonia\u2019"},"content":{"rendered":"<p> <br \/>\n<\/p>\n<div id=\"content_nitf\">\n<p><em>Par\u00eds.<\/em> Celebrar lo que todav\u00eda queda para lograr protegerlo. Con este \u00edmpetu, el fot\u00f3grafo brasile\u00f1o Sebastiao Salgado lanza en Par\u00eds la muestra <em>Amazonia<\/em>, fruto de un viaje de siete a\u00f1os a las entra\u00f1as del mayor bosque tropical del mundo.<\/p>\n<p>Inaugurada este jueves en la Filarm\u00f3nica de Par\u00eds, la exposici\u00f3n nace con vocaci\u00f3n internacional. Viajar\u00e1 a ciudades como Londres y Roma, adem\u00e1s de Sao Paulo y Rio de Janeiro, de la misma forma que su anterior gran trabajo, <em>G\u00e9nesis,<\/em> dio la vuelta al mundo para mostrar los lugares m\u00e1s bellos y rec\u00f3nditos del planeta.<\/p>\n<p>Pero <em>Amazonia<\/em> es sin duda su trabajo m\u00e1s private y reivindicativo. Salgado, de 77 a\u00f1os, ten\u00eda incluso la intenci\u00f3n de invitar a l\u00edderes ind\u00edgenas a la inauguraci\u00f3n para hacer o\u00edr su voz contra la destrucci\u00f3n de su h\u00e1bitat y sus consecuencias para el planeta. Conf\u00eda en hacerlo en cuanto remita la pandemia.<\/p>\n<h2>Una est\u00e9tica inmaculada<\/h2>\n<p>Entrar en la exposici\u00f3n es empujar una puerta hacia el inside del bosque tropical y adentrarse en un periplo de fotograf\u00edas en blanco y negro que se van abriendo paso en la penumbra, como una expedici\u00f3n en la selva. El viaje est\u00e1 acompa\u00f1ado de la m\u00fasica compuesta para la ocasi\u00f3n por el compositor franc\u00e9s Jean-Michel Jarre, pionero de la m\u00fasica electr\u00f3nica.<\/p>\n<p>Desde las primeras vistas a\u00e9reas, que realiz\u00f3 acompa\u00f1ando al ej\u00e9rcito en misiones en la Amazonia brasile\u00f1a, Salgado convierte la naturaleza exuberante en un arte cuya fuerza reside en una est\u00e9tica inmaculada.<\/p>\n<p>El fot\u00f3grafo recuerda con cada clich\u00e9 que este ecosistema que ocupa casi un tercio del continente sudamericano y que incumbe a nueve pa\u00edses, principalmente Brasil, es la suma de elementos.<\/p>\n<p>Empezando por el agua, con el Amazonas y sus afluentes que serpentean la tierra durante miles de kil\u00f3metros, los genuinos &#8220;r\u00edos voladores&#8221; &#8212; flujos masivos de vapor que se forman por encima del bosque &#8212; y las lluvias torrenciales, que en las fotograf\u00edas de Salgado parecen capaces hasta de empapar al observador.<\/p>\n<p>&#8220;La Amazonia es la prehistoria de la humanidad, el para\u00edso sobre la Tierra&#8221;, reivindic\u00f3 Salgado en la presentaci\u00f3n a la prensa de la exposici\u00f3n, con la que quiere despertar &#8220;conciencias&#8221;.<\/p>\n<h2>El &#8220;estudio&#8221; en el bosque<\/h2>\n<p>Tras despejar la frondosidad, se llega al coraz\u00f3n de la selva: Salgado presenta a los diez grupos ind\u00edgenas con los que convivi\u00f3 durante su periplo de siete a\u00f1os, adem\u00e1s de otros viajes puntuales, el \u00faltimo en febrero de este a\u00f1o.<\/p>\n<p>Miembros de los yanonami, los marubo, los yawanaw\u00e1\u2026 el fot\u00f3grafo los invita a su &#8220;estudio&#8221; entre los \u00e1rboles: una s\u00e1bana blanca colgada de fondo y un pl\u00e1stico en el suelo listo para enrollarse tras la irrupci\u00f3n de una lluvia.<\/p>\n<p>Algunos se visten para la ocasi\u00f3n, pint\u00e1ndose el cuerpo y coloc\u00e1ndose un tocado de plumas.<\/p>\n<p>Salgado espera a que sean ellos quienes tengan la iniciativa, de la misma forma que lleg\u00f3 hasta estas poblaciones solo tras obtener su autorizaci\u00f3n y el d\u00eda en que as\u00ed lo establecieron, gracias a la mediaci\u00f3n de la Fundaci\u00f3n Nacional del Indio (Funai) de Brasil.<\/p>\n<h2>&#8220;Lo que necesitamos ahora&#8221;<\/h2>\n<p>Las 200 fotograf\u00edas que componen la exposici\u00f3n imaginada y montada por la esposa del fot\u00f3grafo, L\u00e9lia Wanick Salgado, est\u00e1n acompa\u00f1adas de la m\u00fasica de Jarre, quien se sirvi\u00f3 adem\u00e1s de los archivos sonoros del Amazonia que atesora el Museo de Etnograf\u00eda de Ginebra.<\/p>\n<p>&#8220;Ni Salgado ni yo quer\u00edamos una m\u00fasica de ambiente ni exclusivamente \u00e9tnica. Un bosque es muy ruidoso, tiene sonidos independientes, no es como una orquesta&#8221;. Y sin embargo &#8220;es armonioso para el o\u00eddo humano&#8221;, dijo el compositor.<\/p>\n<p>Para Jarre, &#8220;la exposici\u00f3n podr\u00eda haber sido fruto de un documentalista, pero es el trabajo de un artista. Salgado nos invita a un paseo m\u00edstico, que es lo que necesitamos ahora que empezamos a salir de esta pandemia&#8221;.<\/p>\n<\/div>\n<p><script>\n      !function(f,b,e,v,n,t,s)\n      {if(f.fbq)return;n=f.fbq=function(){n.callMethod?\n      n.callMethod.apply(n,arguments):n.queue.push(arguments)};\n      if(!f._fbq)f._fbq=n;n.push=n;n.loaded=!0;n.version='2.0';\n      n.queue=[];t=b.createElement(e);t.async=!0;\n      t.src=v;s=b.getElementsByTagName(e)[0];\n      s.parentNode.insertBefore(t,s)}(window, document,'script',\n      'https:\/\/connect.facebook.net\/en_US\/fbevents.js');\n      fbq('init', '133913093805922');\n      fbq('track', 'PageView');\n      fbq('track', 'Contact');\n      fbq('track', 'Donate');\n      fbq('track', 'FindLocation');\n      fbq('track', 'Lead');\n      fbq('track', 'Search');\n      fbq('track', 'Subscribe', {value: '0.00', currency: 'MXN', predicted_ltv: '0.00'});\n      fbq('track', 'ViewContent');\n    <\/script><script type=\"text\/javascript\">(function(d, s, id) {\n\t  var js, fjs = d.getElementsByTagName(s)[0];\n\t  if (d.getElementById(id)) return;\n\t  js = d.createElement(s); js.id = id;\n\t  js.src = \"https:\/\/connect.facebook.net\/es_LA\/sdk.js#xfbml=1&version=v3.3&appId=774389309362880\";\n\t  fjs.parentNode.insertBefore(js, fjs);\n\t}(document, 'script', 'facebook-jssdk'));<\/script><br \/>\n<br \/><\/p>\n<p><em> &#8221; Fuentes www.jornada.com.mx &#8221; <\/em><\/p>\n","protected":false},"excerpt":{"rendered":"<p>Par\u00eds. Celebrar lo que todav\u00eda queda para lograr protegerlo. Con este \u00edmpetu, el fot\u00f3grafo brasile\u00f1o Sebastiao Salgado lanza en Par\u00eds la muestra Amazonia, fruto de un viaje de siete a\u00f1os a las entra\u00f1as del mayor bosque tropical del mundo. Inaugurada este jueves en la Filarm\u00f3nica de Par\u00eds, la exposici\u00f3n nace con vocaci\u00f3n internacional. Viajar\u00e1 a [&hellip;]<\/p>\n","protected":false},"author":4,"featured_media":130597,"comment_status":"open","ping_status":"closed","sticky":false,"template":"","format":"standard","meta":{"om_disable_all_campaigns":false,"jnews-multi-image_gallery":[],"jnews_single_post":[],"jnews_primary_category":[],"jnews_social_meta":[],"footnotes":""},"categories":[39],"tags":[2372,24222],"class_list":["post-130596","post","type-post","status-publish","format-standard","has-post-thumbnail","hentry","category-viajes","tag-amazonia","tag-sebastiao-salgado"],"_links":{"self":[{"href":"https:\/\/dimensionturistica.com\/es\/wp-json\/wp\/v2\/posts\/130596","targetHints":{"allow":["GET"]}}],"collection":[{"href":"https:\/\/dimensionturistica.com\/es\/wp-json\/wp\/v2\/posts"}],"about":[{"href":"https:\/\/dimensionturistica.com\/es\/wp-json\/wp\/v2\/types\/post"}],"author":[{"embeddable":true,"href":"https:\/\/dimensionturistica.com\/es\/wp-json\/wp\/v2\/users\/4"}],"replies":[{"embeddable":true,"href":"https:\/\/dimensionturistica.com\/es\/wp-json\/wp\/v2\/comments?post=130596"}],"version-history":[{"count":0,"href":"https:\/\/dimensionturistica.com\/es\/wp-json\/wp\/v2\/posts\/130596\/revisions"}],"wp:featuredmedia":[{"embeddable":true,"href":"https:\/\/dimensionturistica.com\/es\/wp-json\/wp\/v2\/media\/130597"}],"wp:attachment":[{"href":"https:\/\/dimensionturistica.com\/es\/wp-json\/wp\/v2\/media?parent=130596"}],"wp:term":[{"taxonomy":"category","embeddable":true,"href":"https:\/\/dimensionturistica.com\/es\/wp-json\/wp\/v2\/categories?post=130596"},{"taxonomy":"post_tag","embeddable":true,"href":"https:\/\/dimensionturistica.com\/es\/wp-json\/wp\/v2\/tags?post=130596"}],"curies":[{"name":"wp","href":"https:\/\/api.w.org\/{rel}","templated":true}]}}