{"id":130471,"date":"2021-05-20T12:17:48","date_gmt":"2021-05-20T12:17:48","guid":{"rendered":"https:\/\/dimensionturistica.com\/es\/?p=130471"},"modified":"2021-05-20T12:17:49","modified_gmt":"2021-05-20T12:17:49","slug":"barco-a-balears-mas-hotel-en-un-unico-billete","status":"publish","type":"post","link":"https:\/\/dimensionturistica.com\/es\/barco-a-balears-mas-hotel-en-un-unico-billete\/","title":{"rendered":"Barco a Balears m\u00e1s hotel en un \u00fanico billete"},"content":{"rendered":"<p> <br \/>\n<\/p>\n<div itemprop=\"articleBody\">\n<ul>\n<li style=\"text-align: justify;\">Bale\u00e0ria y Logitravel Gruoup lanzan &#8216;Baleando&#8217;, una plataforma de reservas de paquetes vacacionales que incluyen los servicios de ferry, alojamiento y actividades en destino, tanto en la pen\u00ednsula como en las islas<\/li>\n<\/ul>\n<p style=\"text-align: justify;\">La naviera Bale\u00e0ria y el holding tur\u00edstico Logitravel Group acaban de lanzar al mercado Baleando, un touroperador y portal internet de viajes para ofrecer paquetes vacacionales que incluyen ferry, resort y actividades a sus clientes, con la intenci\u00f3n de facilitarles al m\u00e1ximo la organizaci\u00f3n de unas vacaciones completas.<\/p>\n<p style=\"text-align: justify;\">El nuevo servicio une la extensa purple de ferries de Bale\u00e0ria que conectan la pen\u00ednsula con les Illes Balears, con el amplio portfolio de hoteles contratados directamente por Logitravel, facilitando as\u00ed su reserva conjunta en la plataforma Baleando, creada espec\u00edficamente para ofrecer paquetes vacacionales al viajero con varios servicios incluidos.<\/p>\n<p style=\"text-align: justify;\">Baleando permite a los clientes que deseen viajar en verano o simplemente hacer una peque\u00f1a escapada, reservar todos los servicios juntos en una misma aplicaci\u00f3n, seleccionando los ferries que mejor se adapten a sus necesidades y eligiendo entre una amplia gama de hoteles ofrecidos por Logitravel, con la seguridad de saber adem\u00e1s que est\u00e1n protegidos por la normativa de viajes combinados.<\/p>\n<p><a rel=\"nofollow noopener\" target=\"_blank\" href=\"https:\/\/lamarinaplaza.b-cdn.net\/wp-content\/uploads\/2021\/05\/Balearia_Baleando.jpg\"><img decoding=\"async\" class=\"aligncenter wp-image-838432\" src=\"data:image\/svg+xml,%3Csvg%20xmlns=\" http:=\"\" alt=\"\" width=\"650\" height=\"434\" data-lazy-srcset=\"https:\/\/lamarinaplaza.b-cdn.net\/wp-content\/uploads\/2021\/05\/Balearia_Baleando.jpg 1024w, https:\/\/lamarinaplaza.b-cdn.net\/wp-content\/uploads\/2021\/05\/Balearia_Baleando-300x200.jpg 300w\" data-lazy-sizes=\"(max-width: 650px) 100vw, 650px\" data-lazy-src=\"https:\/\/lamarinaplaza.b-cdn.net\/wp-content\/uploads\/2021\/05\/Balearia_Baleando.jpg\"\/><noscript><img decoding=\"async\" class=\"aligncenter wp-image-838432\" src=\"https:\/\/lamarinaplaza.b-cdn.net\/wp-content\/uploads\/2021\/05\/Balearia_Baleando.jpg\" alt=\"\" width=\"650\" height=\"434\" srcset=\"https:\/\/lamarinaplaza.b-cdn.net\/wp-content\/uploads\/2021\/05\/Balearia_Baleando.jpg 1024w, https:\/\/lamarinaplaza.b-cdn.net\/wp-content\/uploads\/2021\/05\/Balearia_Baleando-300x200.jpg 300w\" sizes=\"(max-width: 650px) 100vw, 650px\"\/><\/noscript><\/a><\/p>\n<p style=\"text-align: justify;\">En Baleando el cliente tiene flexibilidad para elegir el n\u00famero de noches que quiere viajar y tiene la opci\u00f3n adem\u00e1s de llevarse su coche al destino elegido, con la consiguiente comodidad de llevar equipaje y art\u00edculos sin l\u00edmites, adem\u00e1s de poder llegar en coche hasta un destino m\u00e1s lejano al puerto de llegada.<\/p>\n<p style=\"text-align: justify;\">El nuevo sitio internet est\u00e1 disponible como <a rel=\"nofollow noopener\" target=\"_blank\" href=\"http:\/\/www.baleando.es\">www.baleando.es<\/a> es tanto en versi\u00f3n escritorio como en dispositivos m\u00f3viles y se integra adem\u00e1s en el sitio internet de Bale\u00e0ria a trav\u00e9s de enlaces destacados.<\/p>\n<p style=\"text-align: justify;\">Seg\u00fan explica Georges Bassoul, director basic de Bale\u00e0ria, la compa\u00f1\u00eda lleva &#8220;ya un a\u00f1o trabajando el concepto de ferry m\u00e1s hotel y Baleando surge de la buen\u00edsima acogida que ha tenido por parte de nuestros clientes. El objetivo es crear una marca reconocible y digital que a\u00fane toda esta oferta de vacaciones&#8221;.<\/p>\n<p style=\"text-align: justify;\">&#8220;Sabemos que m\u00e1s del 70% de nuestros clientes reservan algo m\u00e1s que el ferry, incluso cuando visitan a amigos y familiares. Esta colaboraci\u00f3n nos permite facilitar a nuestros clientes un \u00fanico lugar para reservar todos los servicios, ofreci\u00e9ndoles un gran valor a\u00f1adido y m\u00faltiples opciones para elegir&#8221;, concluye Bassoul.<\/p>\n<p style=\"text-align: justify;\">Mandy Spherical, managing director of partnerships de Logitravel comenta por su parte que &#8220;Logitravel ha trabajado en estrecha colaboraci\u00f3n con Bale\u00e0ria durante muchos a\u00f1os, pero ahora la pandemia ha supuesto un cambio significativo para los clientes que buscan m\u00e1s protecci\u00f3n al reservar sus vacaciones. La protecci\u00f3n que brinda la reserva de un paquete vacacional con un \u00fanico turoperador convirti\u00f3 en un paso natural el poder ofrecer este servicio a los clientes de Bale\u00e0ria&#8221;. Y a\u00f1ade: &#8220;Desde Logitravel trataremos a Baleando como si fuera una de nuestras propias l\u00edneas de turoperaci\u00f3n internas, gestionadas por Traveltino y dirigidas por Diego Rosales, con una selecci\u00f3n personalizada de hoteles contratados directamente en los destinos m\u00e1s populares, agreg\u00e1ndolos a los ferries con mejor precio de Bale\u00e0ria y haciendo de esta web el lugar ideal para reservar un paquete de ferry+hotel con el mejor servicio y los mejores precios&#8221;.<\/p>\n<p style=\"text-align: justify;\">Los precios para reservar un paquete de ferry+resort en Baleando van desde los 200\u20ac. Por ejemplo, se puede reservar un paquete con salida de Val\u00e8ncia y destino Mallorca con una estancia de 7 noches en resort 3* con Todo Incluido para este verano desde 262\u20ac. O un paquete con salida de Barcelona y destino Formentera con estancia de 2 noches en un resort 3* a media pensi\u00f3n desde 239\u20ac.<\/p>\n<p><!-- pie banner --><br \/>\n<!-- B display bajonot --><\/p>\n<div class=\"tit-page-sus\">\n<h3>La Marina Plaza, periodismo pase lo que pase&#8230; siempre<\/h3>\n<p>Llevamos juntos siete a\u00f1os. Y juntos hemos vivido ya de todo: inundaciones, incendios, disaster, momentos duros y otros muy buenos, gestas sociales y oleadas de solidaridad de las que nos hemos sentido orgullosos.. Por eso, tampoco ahora vamos a rendirnos. Queremos seguir contigo, haciendo lo que sabemos hacer: periodismo. \u00bfNos ayudas?<\/p>\n<p><span style=\"clear:both;\" class=\"lasuscripcion\"><a rel=\"nofollow noopener\" target=\"_blank\" href=\"https:\/\/suscripcion.lamarinaplaza.com\"><span>SUSCR\u00cdBETE<\/span><\/a><\/span>\n<\/div><\/div>\n\n<p><em> &#8221; Fuentes lamarinaplaza.com &#8221; <\/em><\/p>\n","protected":false},"excerpt":{"rendered":"<p>Bale\u00e0ria y Logitravel Gruoup lanzan &#8216;Baleando&#8217;, una plataforma de reservas de paquetes vacacionales que incluyen los servicios de ferry, alojamiento y actividades en destino, tanto en la pen\u00ednsula como en las islas La naviera Bale\u00e0ria y el holding tur\u00edstico Logitravel Group acaban de lanzar al mercado Baleando, un touroperador y portal internet de viajes para [&hellip;]<\/p>\n","protected":false},"author":4,"featured_media":130472,"comment_status":"open","ping_status":"closed","sticky":false,"template":"","format":"standard","meta":{"om_disable_all_campaigns":false,"jnews-multi-image_gallery":[],"jnews_single_post":[],"jnews_primary_category":[],"jnews_social_meta":[],"footnotes":""},"categories":[39],"tags":[707,871,869,854,880,862,844,843,855,850,849,874,875,863,662,840,837,703,883,882,704,881,868,870,872,873,857,865,547,846,856,858,860,861,838,839,853,879,705,836,848,866,867,773,847,841,842,831,877,546,859,878,736,719,876,852,851,864,544,706,716,845],"class_list":["post-130471","post","type-post","status-publish","format-standard","has-post-thumbnail","hentry","category-viajes","tag-actualidad","tag-agenda","tag-agenda-cultural","tag-altea","tag-audios","tag-benidorm","tag-benisa","tag-benissa","tag-callossa-den-sarria","tag-calp","tag-calpe","tag-cartelera","tag-cine","tag-costa-blanca","tag-cultura","tag-denia","tag-diari","tag-diario","tag-diario-denia","tag-diario-marina-alta","tag-digital","tag-el-tiempo","tag-entrevistas","tag-espectaculos","tag-festival","tag-festivales","tag-finestrat","tag-informacio","tag-informacion","tag-javea","tag-lalfas-del-pi","tag-la-nucia","tag-la-vila","tag-la-vila-joiosa","tag-marina","tag-marina-alta","tag-moraira","tag-noticia","tag-noticias","tag-noticies","tag-ondara","tag-online","tag-opinio","tag-opinion","tag-pedreguer","tag-pego","tag-pego-y-les-valls","tag-periodico","tag-poesia","tag-politica","tag-polop","tag-programacion","tag-reportajes","tag-servicios","tag-teatro","tag-teulada","tag-teulada-y-moraira","tag-turisme","tag-turismo","tag-ultima-hora","tag-videos","tag-xabia"],"_links":{"self":[{"href":"https:\/\/dimensionturistica.com\/es\/wp-json\/wp\/v2\/posts\/130471","targetHints":{"allow":["GET"]}}],"collection":[{"href":"https:\/\/dimensionturistica.com\/es\/wp-json\/wp\/v2\/posts"}],"about":[{"href":"https:\/\/dimensionturistica.com\/es\/wp-json\/wp\/v2\/types\/post"}],"author":[{"embeddable":true,"href":"https:\/\/dimensionturistica.com\/es\/wp-json\/wp\/v2\/users\/4"}],"replies":[{"embeddable":true,"href":"https:\/\/dimensionturistica.com\/es\/wp-json\/wp\/v2\/comments?post=130471"}],"version-history":[{"count":0,"href":"https:\/\/dimensionturistica.com\/es\/wp-json\/wp\/v2\/posts\/130471\/revisions"}],"wp:featuredmedia":[{"embeddable":true,"href":"https:\/\/dimensionturistica.com\/es\/wp-json\/wp\/v2\/media\/130472"}],"wp:attachment":[{"href":"https:\/\/dimensionturistica.com\/es\/wp-json\/wp\/v2\/media?parent=130471"}],"wp:term":[{"taxonomy":"category","embeddable":true,"href":"https:\/\/dimensionturistica.com\/es\/wp-json\/wp\/v2\/categories?post=130471"},{"taxonomy":"post_tag","embeddable":true,"href":"https:\/\/dimensionturistica.com\/es\/wp-json\/wp\/v2\/tags?post=130471"}],"curies":[{"name":"wp","href":"https:\/\/api.w.org\/{rel}","templated":true}]}}