{"id":130178,"date":"2021-05-19T22:16:33","date_gmt":"2021-05-19T22:16:33","guid":{"rendered":"https:\/\/dimensionturistica.com\/es\/?p=130178"},"modified":"2021-05-19T22:16:33","modified_gmt":"2021-05-19T22:16:33","slug":"mi-trabajo-legislativo-sera-en-favor-de-la-industria-turistica-laufdzoficial","status":"publish","type":"post","link":"https:\/\/dimensionturistica.com\/es\/mi-trabajo-legislativo-sera-en-favor-de-la-industria-turistica-laufdzoficial\/","title":{"rendered":"Mi trabajo legislativo ser\u00e1 en favor de la industria tur\u00edstica: @LauFdzOficial"},"content":{"rendered":"<p> <br \/>\n<\/p>\n<div>\n<p><strong><em>Canc\u00fan, Quintana Roo, a 19 de mayo de 2021.<\/em><\/strong>\u2013 \u201cMi agenda ha sido y siempre ser\u00e1 la agenda del turismo del Caribe Mexicano. En los pr\u00f3ximos tres a\u00f1os no ser\u00e9 una diputada m\u00e1s, mi trabajo legislativo ser\u00e1 en favor de la industria tur\u00edstica, del Estado y de las y los quintanarroenses\u201d, se\u00f1al\u00f3 la candidata a diputada federal de la coalici\u00f3n \u201cJuntos Hacemos Historia\u201d por el Distrito 4, Laura Fern\u00e1ndez Pi\u00f1a.<\/p>\n<p>Durante el encuentro convocado por la Asociaci\u00f3n de Clubes Vacacionales de Quintana Roo (Acluvaq), encabezada por su presidenta, Patricia de la Pe\u00f1a, la abanderada del Partido Verde, Morena y Partido del Trabajo destac\u00f3 que impulsar\u00e1 la regulaci\u00f3n de las plataformas digitales que ofertan espacios para rentas vacacionales.<\/p>\n<p>\u201cDebemos armonizar las leyes para que no se oferten cuartos, casas ni departamentos para turistas en zonas en las que hay altos \u00edndices delictivos, que carecen de servicios p\u00fablicos y en las que se dificulta la transportaci\u00f3n y la calidad de ese servicio\u201d, mencion\u00f3.<\/p>\n<p>Durante el evento, al que tambi\u00e9n asisti\u00f3 Miriam Cort\u00e9s Franco, presidenta ejecutiva de la Acluvaq, Laura Fern\u00e1ndez indic\u00f3 que se promover\u00e1 \u201cpiso parejo\u201d para que no haya competencias desleales con quienes llevan d\u00e9cadas luchando para posicionarse en destinos como Canc\u00fan, como es el caso de los clubes vacacionales.<\/p>\n<p>\u201cCada segmento que participa en el gran espectro de turismo representa una importante derrama y generaci\u00f3n de empleos, como son los tiempos compartidos, que adem\u00e1s generan visitantes repetitivos\u201d, dijo la candidata.<br \/>Cabe destacar que el 21 por ciento del turismo que llega a Canc\u00fan es a trav\u00e9s del segmento de tiempos compartidos y el 58 por ciento de esos visitantes regresa al destino en dos o m\u00e1s ocasiones; la derrama econ\u00f3mica representa m\u00e1s 2 mil 700 millones de d\u00f3lares anuales.<\/p>\n<p>\u201cSoy una aliada de la industria de la hospitalidad y desde la C\u00e1mara de Diputados voy a trabajar para dar el paso para el apoyo total a este sector productivo de Quintana Roo, con el impulso de leyes y reglamentaci\u00f3n que brinde \u2018piso parejo\u2019 a todos aquellos que se suman a la actividad, como las rentas vacacionales, y con ello contribuir al desarrollo de infraestructura adecuada y seguridad primordial para todos nuestros turistas\u201d, mencion\u00f3.<\/p>\n<p>Por \u00faltimo, Laura Fern\u00e1ndez agradeci\u00f3 a la Acluvaq por la invitaci\u00f3n a presentar sus propuestas de campa\u00f1a, junto con la candidata a la presidencia municipal de Benito Ju\u00e1rez por la coalici\u00f3n \u201cJuntos Haremos Historia en Quintana Roo\u201d, Mara Lezama, con quien dijo har\u00e1 un gran equipo para consolidar la transformaci\u00f3n de Canc\u00fan.<\/p>\n<figure class=\"wp-block-image size-large\"><img decoding=\"async\" loading=\"lazy\" width=\"708\" height=\"472\" src=\"https:\/\/i0.wp.com\/www.cancunmio.com\/wp-content\/uploads\/2021\/05\/laura-fernandez-49.jpeg?resize=708%2C472&amp;ssl=1\" alt=\"\" class=\"wp-image-183898 jetpack-lazy-image\" data-recalc-dims=\"1\" data-lazy-srcset=\"https:\/\/i0.wp.com\/www.cancunmio.com\/wp-content\/uploads\/2021\/05\/laura-fernandez-49.jpeg?w=1280&amp;ssl=1 1280w, https:\/\/i0.wp.com\/www.cancunmio.com\/wp-content\/uploads\/2021\/05\/laura-fernandez-49.jpeg?resize=300%2C200&amp;ssl=1 300w, https:\/\/i0.wp.com\/www.cancunmio.com\/wp-content\/uploads\/2021\/05\/laura-fernandez-49.jpeg?resize=768%2C512&amp;ssl=1 768w\" data-lazy-sizes=\"(max-width: 708px) 100vw, 708px\" data-lazy-src=\"https:\/\/i0.wp.com\/www.cancunmio.com\/wp-content\/uploads\/2021\/05\/laura-fernandez-49.jpeg?resize=708%2C472&amp;is-pending-load=1#038;ssl=1\" srcset=\"data:image\/gif;base64,R0lGODlhAQABAIAAAAAAAP\/\/\/yH5BAEAAAAALAAAAAABAAEAAAIBRAA7\"\/><noscript><img decoding=\"async\" loading=\"lazy\" width=\"708\" height=\"472\" src=\"https:\/\/i0.wp.com\/www.cancunmio.com\/wp-content\/uploads\/2021\/05\/laura-fernandez-49.jpeg?resize=708%2C472&amp;ssl=1\" alt=\"\" class=\"wp-image-183898\" srcset=\"https:\/\/i0.wp.com\/www.cancunmio.com\/wp-content\/uploads\/2021\/05\/laura-fernandez-49.jpeg?w=1280&amp;ssl=1 1280w, https:\/\/i0.wp.com\/www.cancunmio.com\/wp-content\/uploads\/2021\/05\/laura-fernandez-49.jpeg?resize=300%2C200&amp;ssl=1 300w, https:\/\/i0.wp.com\/www.cancunmio.com\/wp-content\/uploads\/2021\/05\/laura-fernandez-49.jpeg?resize=768%2C512&amp;ssl=1 768w\" sizes=\"auto, (max-width: 708px) 100vw, 708px\" data-recalc-dims=\"1\"\/><\/noscript><\/figure>\n<\/p><\/div>\n<p><script data-cfasync=\"false\">(function(d, s, id){\n\t\t\t\t\t  var js, fjs = d.getElementsByTagName(s)[0];\n\t\t\t\t\t  if (d.getElementById(id)) return;\n\t\t\t\t\t  js = d.createElement(s); js.id = id;\n\t\t\t\t\t  js.src = \"https:\/\/connect.facebook.net\/es_ES\/sdk.js#xfbml=1&version=v3.2\";\n\t\t\t\t\t  fjs.parentNode.insertBefore(js, fjs);\n\t\t\t\t\t}(document, 'script', 'facebook-jssdk'));<\/script><br \/>\n<br \/><\/p>\n<p><em> &#8221; Fuentes www.cancunmio.com &#8221; <\/em><\/p>\n","protected":false},"excerpt":{"rendered":"<p>Canc\u00fan, Quintana Roo, a 19 de mayo de 2021.\u2013 \u201cMi agenda ha sido y siempre ser\u00e1 la agenda del turismo del Caribe Mexicano. En los pr\u00f3ximos tres a\u00f1os no ser\u00e9 una diputada m\u00e1s, mi trabajo legislativo ser\u00e1 en favor de la industria tur\u00edstica, del Estado y de las y los quintanarroenses\u201d, se\u00f1al\u00f3 la candidata a [&hellip;]<\/p>\n","protected":false},"author":4,"featured_media":130179,"comment_status":"open","ping_status":"closed","sticky":false,"template":"","format":"standard","meta":{"om_disable_all_campaigns":false,"jnews-multi-image_gallery":[],"jnews_single_post":[],"jnews_primary_category":[],"jnews_social_meta":[],"footnotes":""},"categories":[40],"tags":[2010,2151],"class_list":["post-130178","post","type-post","status-publish","format-standard","has-post-thumbnail","hentry","category-industria","tag-cancun","tag-principal"],"_links":{"self":[{"href":"https:\/\/dimensionturistica.com\/es\/wp-json\/wp\/v2\/posts\/130178","targetHints":{"allow":["GET"]}}],"collection":[{"href":"https:\/\/dimensionturistica.com\/es\/wp-json\/wp\/v2\/posts"}],"about":[{"href":"https:\/\/dimensionturistica.com\/es\/wp-json\/wp\/v2\/types\/post"}],"author":[{"embeddable":true,"href":"https:\/\/dimensionturistica.com\/es\/wp-json\/wp\/v2\/users\/4"}],"replies":[{"embeddable":true,"href":"https:\/\/dimensionturistica.com\/es\/wp-json\/wp\/v2\/comments?post=130178"}],"version-history":[{"count":0,"href":"https:\/\/dimensionturistica.com\/es\/wp-json\/wp\/v2\/posts\/130178\/revisions"}],"wp:featuredmedia":[{"embeddable":true,"href":"https:\/\/dimensionturistica.com\/es\/wp-json\/wp\/v2\/media\/130179"}],"wp:attachment":[{"href":"https:\/\/dimensionturistica.com\/es\/wp-json\/wp\/v2\/media?parent=130178"}],"wp:term":[{"taxonomy":"category","embeddable":true,"href":"https:\/\/dimensionturistica.com\/es\/wp-json\/wp\/v2\/categories?post=130178"},{"taxonomy":"post_tag","embeddable":true,"href":"https:\/\/dimensionturistica.com\/es\/wp-json\/wp\/v2\/tags?post=130178"}],"curies":[{"name":"wp","href":"https:\/\/api.w.org\/{rel}","templated":true}]}}