{"id":130020,"date":"2021-05-19T17:31:35","date_gmt":"2021-05-19T17:31:35","guid":{"rendered":"https:\/\/dimensionturistica.com\/es\/?p=130020"},"modified":"2021-05-19T17:31:36","modified_gmt":"2021-05-19T17:31:36","slug":"la-industria-turistica-se-aferra-a-las-vacunas-para-volver-a-la-normalidad-companias","status":"publish","type":"post","link":"https:\/\/dimensionturistica.com\/es\/la-industria-turistica-se-aferra-a-las-vacunas-para-volver-a-la-normalidad-companias\/","title":{"rendered":"La industria tur\u00edstica se aferra a las vacunas para volver a la normalidad | Compa\u00f1\u00edas"},"content":{"rendered":"<p> <br \/>\n<\/p>\n<div id=\"cuerpo_noticia\" itemprop=\"articleBody\">\n<p>Hoteles, aerol\u00edneas, turoperadores, bares, restaurantes o transporte cruzan los dedos para que no se trunque <a rel=\"nofollow noopener\" target=\"_blank\" href=\"https:\/\/cincodias.elpais.com\/tag\/vacunas\/a\">la velocidad de crucero de la vacunaci\u00f3n en Espa\u00f1a<\/a> y en los grandes mercados emisores de turistas. El Gobierno prev\u00e9 alcanzar \u201cla inmunidad de reba\u00f1o\u201d en agosto, un mensaje con el que trata de arrancar la confianza de los turistas nacionales, que este a\u00f1o ser\u00e1n decisivos en la primera parte del verano, y sobre todo la del turismo extranjero, que llegar\u00e1 a partir de agosto. En la inauguraci\u00f3n de Fitur 2021, <strong>la ministra de Industria, Comercio y Turismo, Reyes Maroto, previ\u00f3 que la campa\u00f1a de verano podr\u00eda cerrarse con la mitad de los turistas internacionales que viajaron a Espa\u00f1a en ese periodo en 2019<\/strong> (en torno a 37 millones). \u201cEspa\u00f1a es un destino seguro y las previsiones son prudentes. No estamos como el a\u00f1o pasado y encaramos el verano con optimismo. Espa\u00f1a ya est\u00e1 abierta y los datos son positivos\u201d, concluy\u00f3.<\/p>\n<p><strong>Los empresarios consultados por CincoD\u00edas se muestran optimistas con un horizonte que ha cambiado radicalmente con las vacunas<\/strong> y que les puede permitir remontar el vuelo antes de tiempo, aunque muy lejos de las ocupaciones precrisis. Las estimaciones hablan de porcentajes entre el 50% y el 70% para la temporada alta, lo que puede limitar la venta de activos para lograr liquidez o reducir deuda. <strong>Tanto NH como Meli\u00e1 han anunciado desinversiones por 200 millones de euros en los pr\u00f3ximos meses<\/strong>. Algo a lo que por ejemplo no recurrir\u00e1 Riu. \u201cFondos de inversi\u00f3n, socimis y otras alternativas financieras est\u00e1n intentando comprar activos a unos precios realmente bajos. Quien venda ser\u00e1 quien est\u00e9 muy mal\u201d, asegur\u00f3 <strong>Carmen Riu, consejera delegada de Riu, con 99 hoteles en todo el mundo.<\/strong><\/p>\n<section class=\"sumario_apoyos centro\" id=\"sumario_1|apoyos\">\n<\/section>\n<p>En cualquier caso, la industria tur\u00edstica alerta de que la situaci\u00f3n sigue siendo cr\u00edtica e insiste en reclamar <a rel=\"nofollow noopener\" target=\"_blank\" href=\"https:\/\/cincodias.elpais.com\/cincodias\/2021\/05\/18\/companias\/1621351302_565677.html\">el mantenimiento de los ERTE sin cambios hasta final de a\u00f1o<\/a> y la puesta en marcha de un programa de ayudas directas para frenar la espiral de deuda de los \u00faltimos 13 meses y activar de nuevo la inversi\u00f3n. <strong>Sim\u00f3n Pedro Barcel\u00f3, copresidente de Barcel\u00f3<\/strong>, la segunda cadena m\u00e1s grande de Espa\u00f1a con 257 establecimientos, se\u00f1al\u00f3 que el grupo lleg\u00f3 a la disaster con un nivel de deuda financiera muy bajo. \u201cSi antes \u00e9ramos muy conservadores, ahora lo vamos a ser m\u00e1s, por lo que las decisiones estar\u00e1n en funci\u00f3n de los resultados de 2022, 2023 y 2024\u201d, asegur\u00f3.<\/p>\n<p><strong>Niveles precrisis<\/strong><\/p>\n<p>Esas mejores previsiones, sin embargo, est\u00e1n sujetas a que el mercado alem\u00e1n y sobre todo el brit\u00e1nico levanten las restricciones para que sus turistas visiten Espa\u00f1a. En el caso de Alemania, <strong>el Gobierno alem\u00e1n ya va a incluir a Baleares y a Canarias en la lista de destinos seguros<\/strong>, mientras que Fritz Joussen, consejero delegado de TUI, el mayor turoperador del mundo, vaticin\u00f3 el lunes que <a rel=\"nofollow noopener\" target=\"_blank\" href=\"https:\/\/cincodias.elpais.com\/cincodias\/2021\/05\/18\/companias\/1621341620_405330.html\">las reservas a Baleares podr\u00edan alcanzar un 85% de los viajeros germanos enviados a Baleares en el verano de 2019<\/a>.<\/p>\n<p>Pese a esa incertidumbre, las empresas siguen desempolvando sus planes de inversi\u00f3n a la espera de que el turismo internacional se reactive despu\u00e9s del verano. <strong>Es el caso de NH, participada en un 94% por Minor, que present\u00f3 el mi\u00e9rcoles su agenda de aperturas, con 15 nuevos establecimientos este a\u00f1o.<\/strong> De ellos, ocho ser\u00e1n de la marca NH Assortment, con importantes novedades, como el desembarco en EE UU con el estreno en Nueva York. Tambi\u00e9n inaugurar\u00e1 su primer establecimiento en Qatar y Dinamarca. Por su parte, la marca NH Resorts se estrena en Oriente Medio, con un resort en Dub\u00e1i.<\/p>\n<\/div>\n\n<p><em> &#8221; Fuentes cincodias.elpais.com &#8221; <\/em><\/p>\n","protected":false},"excerpt":{"rendered":"<p>Hoteles, aerol\u00edneas, turoperadores, bares, restaurantes o transporte cruzan los dedos para que no se trunque la velocidad de crucero de la vacunaci\u00f3n en Espa\u00f1a y en los grandes mercados emisores de turistas. El Gobierno prev\u00e9 alcanzar \u201cla inmunidad de reba\u00f1o\u201d en agosto, un mensaje con el que trata de arrancar la confianza de los turistas [&hellip;]<\/p>\n","protected":false},"author":4,"featured_media":130021,"comment_status":"open","ping_status":"closed","sticky":false,"template":"","format":"standard","meta":{"om_disable_all_campaigns":false,"jnews-multi-image_gallery":[],"jnews_single_post":[],"jnews_primary_category":[],"jnews_social_meta":[],"footnotes":""},"categories":[39],"tags":[3131,1762,1820,24139,1482,24141,24140,1289,604,24142,4411,4165,760,1924,1810,596,1548,1597,1598],"class_list":["post-130020","post","type-post","status-publish","format-standard","has-post-thumbnail","hentry","category-viajes","tag-3131","tag-1762","tag-aerolinea","tag-aferrar","tag-alemania","tag-anunciar","tag-atento","tag-hoteles","tag-industria","tag-inmueble","tag-nh","tag-normalidad","tag-nuevo","tag-reapertura","tag-reino-unido","tag-turistica","tag-turistico","tag-vacuna","tag-volver"],"_links":{"self":[{"href":"https:\/\/dimensionturistica.com\/es\/wp-json\/wp\/v2\/posts\/130020","targetHints":{"allow":["GET"]}}],"collection":[{"href":"https:\/\/dimensionturistica.com\/es\/wp-json\/wp\/v2\/posts"}],"about":[{"href":"https:\/\/dimensionturistica.com\/es\/wp-json\/wp\/v2\/types\/post"}],"author":[{"embeddable":true,"href":"https:\/\/dimensionturistica.com\/es\/wp-json\/wp\/v2\/users\/4"}],"replies":[{"embeddable":true,"href":"https:\/\/dimensionturistica.com\/es\/wp-json\/wp\/v2\/comments?post=130020"}],"version-history":[{"count":0,"href":"https:\/\/dimensionturistica.com\/es\/wp-json\/wp\/v2\/posts\/130020\/revisions"}],"wp:featuredmedia":[{"embeddable":true,"href":"https:\/\/dimensionturistica.com\/es\/wp-json\/wp\/v2\/media\/130021"}],"wp:attachment":[{"href":"https:\/\/dimensionturistica.com\/es\/wp-json\/wp\/v2\/media?parent=130020"}],"wp:term":[{"taxonomy":"category","embeddable":true,"href":"https:\/\/dimensionturistica.com\/es\/wp-json\/wp\/v2\/categories?post=130020"},{"taxonomy":"post_tag","embeddable":true,"href":"https:\/\/dimensionturistica.com\/es\/wp-json\/wp\/v2\/tags?post=130020"}],"curies":[{"name":"wp","href":"https:\/\/api.w.org\/{rel}","templated":true}]}}