{"id":129989,"date":"2021-05-19T17:02:30","date_gmt":"2021-05-19T17:02:30","guid":{"rendered":"https:\/\/dimensionturistica.com\/es\/?p=129989"},"modified":"2021-05-19T17:02:30","modified_gmt":"2021-05-19T17:02:30","slug":"el-brazil-travel-market-se-realizara-en-octubre-eventos","status":"publish","type":"post","link":"https:\/\/dimensionturistica.com\/es\/el-brazil-travel-market-se-realizara-en-octubre-eventos\/","title":{"rendered":"El Brazil Travel Market se realizar\u00e1 en octubre &#8211; Eventos"},"content":{"rendered":"<p> <br \/>\n<\/p>\n<div>\n<ol class=\"breadcrumb\">\n<li><a rel=\"nofollow noopener\" target=\"_blank\" href=\"https:\/\/contactonews.co\">Inicio<\/a><\/li>\n<li><a rel=\"nofollow noopener\" target=\"_blank\" href=\"https:\/\/contactonews.co\/eventos\">Eventos<\/a><\/li>\n<li class=\"active\">El Brazil Journey Market se realizar\u00e1 en octubre<\/li>\n<\/ol>\n<p class=\"article-blurb\">El Brasil Journey Market (BTM) 2021 fue confirmado para los d\u00edas 22 y 23 de octubre, en Fortaleza, en el Centro de Convenciones de Cear\u00e1. La feria tendr\u00e1 lugar dos semanas despu\u00e9s de la Abav Expo 2021, que a partir de este a\u00f1o pasa a ser itinerante y tambi\u00e9n se realizar\u00e1 en Cear\u00e1.<\/p>\n<p>                              <span class=\"pb-byline author\" itemprop=\"author\" itemscope=\"\" itemtype=\"http:\/\/schema.org\/Organization\">Por <a rel=\"nofollow noopener\" target=\"_blank\" href=\"https:\/\/contactonews.co\/autor\/contacto-editorial\"><span itemprop=\"name\">Contacto Editorial<\/span><\/a> | <\/span><br \/>\n                                <span class=\"publish-date\">19 de mayo de 2021<\/span><\/p>\n<figure>\n    <img decoding=\"async\" src=\"https:\/\/contactonews.co\/storage\/images\/thumb-large-Brasil_Travel_market.jpg\" alt=\"El Brazil Travel Market se realizar\u00e1 en octubre\"\/><br \/>\n        <\/figure>\n<\/p><\/div>\n<div>\n<p>La d\u00e9cima edici\u00f3n del BTM ser realizar\u00e1 por primera en la capital de Cear\u00e1, con un vasto programa con grandes novedades.<i> \u201cCon el avance de la campa\u00f1a de vacunaci\u00f3n, confiamos en que la fecha del 10 \u00b0 BTM &#8211; Brazil Journey Market &#8211; se mantenga sin cambios, por lo que se realizar\u00e1 en persona los d\u00edas 22 y 23 de octubre de 2021. Ha sido elementary el apoyo incondicional del Ministerio de Turismo, Gobierno del Estado de Cear\u00e1, Ayuntamiento de Fortaleza, expositores que llevan diez a\u00f1os con nosotros y agentes de viajes y operadores de todo Brasil&#8221;<\/i>, expresaron los organizadores en un comunicado. <\/p>\n<\/p><\/div>\n<p><script async defer src=\"https:\/\/connect.facebook.net\/es_ES\/sdk.js\"><\/script><br \/>\n<br \/><\/p>\n<p><em> &#8221; Fuentes contactonews.co &#8221; <\/em><\/p>\n","protected":false},"excerpt":{"rendered":"<p>Inicio Eventos El Brazil Journey Market se realizar\u00e1 en octubre El Brasil Journey Market (BTM) 2021 fue confirmado para los d\u00edas 22 y 23 de octubre, en Fortaleza, en el Centro de Convenciones de Cear\u00e1. La feria tendr\u00e1 lugar dos semanas despu\u00e9s de la Abav Expo 2021, que a partir de este a\u00f1o pasa a [&hellip;]<\/p>\n","protected":false},"author":4,"featured_media":129990,"comment_status":"open","ping_status":"closed","sticky":false,"template":"","format":"standard","meta":{"om_disable_all_campaigns":false,"jnews-multi-image_gallery":[],"jnews_single_post":[],"jnews_primary_category":[],"jnews_social_meta":[],"footnotes":""},"categories":[40],"tags":[24138,55],"class_list":["post-129989","post","type-post","status-publish","format-standard","has-post-thumbnail","hentry","category-industria","tag-brasil-travel-market","tag-coronavirus"],"_links":{"self":[{"href":"https:\/\/dimensionturistica.com\/es\/wp-json\/wp\/v2\/posts\/129989","targetHints":{"allow":["GET"]}}],"collection":[{"href":"https:\/\/dimensionturistica.com\/es\/wp-json\/wp\/v2\/posts"}],"about":[{"href":"https:\/\/dimensionturistica.com\/es\/wp-json\/wp\/v2\/types\/post"}],"author":[{"embeddable":true,"href":"https:\/\/dimensionturistica.com\/es\/wp-json\/wp\/v2\/users\/4"}],"replies":[{"embeddable":true,"href":"https:\/\/dimensionturistica.com\/es\/wp-json\/wp\/v2\/comments?post=129989"}],"version-history":[{"count":0,"href":"https:\/\/dimensionturistica.com\/es\/wp-json\/wp\/v2\/posts\/129989\/revisions"}],"wp:featuredmedia":[{"embeddable":true,"href":"https:\/\/dimensionturistica.com\/es\/wp-json\/wp\/v2\/media\/129990"}],"wp:attachment":[{"href":"https:\/\/dimensionturistica.com\/es\/wp-json\/wp\/v2\/media?parent=129989"}],"wp:term":[{"taxonomy":"category","embeddable":true,"href":"https:\/\/dimensionturistica.com\/es\/wp-json\/wp\/v2\/categories?post=129989"},{"taxonomy":"post_tag","embeddable":true,"href":"https:\/\/dimensionturistica.com\/es\/wp-json\/wp\/v2\/tags?post=129989"}],"curies":[{"name":"wp","href":"https:\/\/api.w.org\/{rel}","templated":true}]}}