{"id":129950,"date":"2021-05-19T16:13:18","date_gmt":"2021-05-19T16:13:18","guid":{"rendered":"https:\/\/dimensionturistica.com\/es\/?p=129950"},"modified":"2021-05-19T16:13:18","modified_gmt":"2021-05-19T16:13:18","slug":"lanzarote-despliega-en-fitur-2021-su-estrategia-como-destino-unico-seguro-y-sostenible","status":"publish","type":"post","link":"https:\/\/dimensionturistica.com\/es\/lanzarote-despliega-en-fitur-2021-su-estrategia-como-destino-unico-seguro-y-sostenible\/","title":{"rendered":"Lanzarote despliega en Fitur 2021 su estrategia como destino \u00fanico, seguro y sostenible"},"content":{"rendered":"<p> <br \/>\n<\/p>\n<div id=\"\">\n<p><strong><img decoding=\"async\" itemprop=\"image\" src=\"https:\/\/www.lancelotdigital.com\/images\/2021\/05\/Primera_Jornada_en_Fitur_2021_1.jpg\"\/><\/strong><\/p>\n<p>&#13;<\/p>\n<p><strong>La delegaci\u00f3n lanzarote\u00f1a tiene previstas m\u00e1s de 20 reuniones con los principales operadores tur\u00edsticos a fin de impulsar la reactivaci\u00f3n del turismo nacional de cara al verano<\/strong><\/p>\n<p>&#13;<br \/>\n &#13;<\/p>\n<p>\u00a0<\/p>\n<p>&#13;<\/p>\n<li class=\"texto\"><i class=\"fa fa-file-text-o\"\/>Lancelot Digital<\/li>\n<p>&#13;<\/p>\n<p>\u00a0<\/p>\n<p>&#13;<\/p>\n<p>La delegaci\u00f3n lanzarote\u00f1a trasladada a Fitur 2021, encabezada por la presidenta del Cabildo, M\u00aa Dolores Corujo, y el consejero de Promoci\u00f3n Tur\u00edstica, \u00c1ngel V\u00e1zquez, desplegar\u00e1 en la que est\u00e1 considerada una de las tres ferias de turismo m\u00e1s importantes del mundo una intensa y apretada agenda de trabajo focalizada en reforzar la promoci\u00f3n de Lanzarote como destino seguro y sostenible, l\u00edder en innovaci\u00f3n, y \u00fanico en el mundo por sus genuinas caracter\u00edsticas paisaj\u00edsticas y medioambientales.<\/p>\n<p>&#13;<\/p>\n<p>\u00a0<\/p>\n<p>&#13;<\/p>\n<p>&#8220;Vamos a volcarnos en dar a conocer a los operadores tur\u00edsticos lo mejor de nuestro destino a fin de atraer y apoyar la reactivaci\u00f3n de uno de nuestros mercados esenciales y m\u00e1s querido para nosotros, como es el peninsular&#8221;, se\u00f1al\u00f3 la presidenta durante la tradicional visita al stand lanzarote\u00f1o del presidente del Gobierno de Canarias, \u00c1ngel V\u00edctor Torres, con la que arrancaba en la ma\u00f1ana de hoy mi\u00e9rcoles Fitur 2021, en una edici\u00f3n caracterizada por la ausencia de soportes promocionales f\u00edsicos y fuertemente marcada por las medidas de seguridad impuestas por la pandemia.<\/p>\n<p>&#13;<\/p>\n<p>\u00a0<\/p>\n<p>&#13;<\/p>\n<p>&#8220;Estamos llevando a cabo un trabajo incansable desde el inicio de la pandemia y realizando un gran esfuerzo para reposicionar a Lanzarote en el lugar que merece: somos una isla especial y diferente, con un binomio naturaleza y arte inigualable, y queremos trasladar a nuestros mercados que Lanzarote es un destino tur\u00edstico conectado, inteligente, sostenible y seguro&#8221;, resalt\u00f3 Corujo durante este encuentro en el que tambi\u00e9n estuvieron presentes el consejero insular de Turismo, \u00c1ngel V\u00e1zquez, y su hom\u00f3loga en el Gobierno canario, Yaiza Castilla.<\/p>\n<p>&#13;<\/p>\n<p>\u00a0<\/p>\n<p>&#13;<\/p>\n<p>Por su parte, \u00c1ngel V\u00e1zquez se\u00f1al\u00f3 que &#8220;el mercado nacional se encuentra entre los m\u00e1s afines a nuestro destino y es uno de los m\u00e1s interesantes para la isla, por su alto nivel de gasto y la b\u00fasqueda de variedad de experiencias que Lanzarote le ofrece, a trav\u00e9s de los clubs de producto que tenemos bien definidos, como son, adem\u00e1s del producto sostenible, el gastron\u00f3mico, que cobra un peso espec\u00edfico propio a trav\u00e9s de Saborea Lanzarote, o el deportivo, bajo el paraguas de European Sports Destination, entre otros&#8221;.<\/p>\n<p>&#13;<\/p>\n<p>\u00a0<\/p>\n<p>&#13;<\/p>\n<p>Turismo nacional y Lanzarote Premium<\/p>\n<p>&#13;<\/p>\n<p>\u00a0<\/p>\n<p>&#13;<\/p>\n<p>A fin de reforzar la previsible reactivaci\u00f3n del turismo nacional de cara a la inminente temporada de verano, la comitiva lanzarote\u00f1a, junto al equipo de SPEL-Turismo Lanzarote, capitaneado por su consejero delegado, H\u00e9ctor Fern\u00e1ndez, afronta una intensa actividad que concentra en apenas dos d\u00edas m\u00e1s de 20 reuniones con operadores y l\u00edneas a\u00e9reas nacionales, as\u00ed como Oficinas Espa\u00f1olas de Turismo (OETs) de mercados internacionales Premium dentro de la estrategia de atracci\u00f3n de turismo de alta gama.<\/p>\n<p>&#13;<\/p>\n<p>\u00a0<\/p>\n<p>&#13;<\/p>\n<p>Reuniones concentradas en dos d\u00edas<\/p>\n<p>&#13;<\/p>\n<p>\u00a0<\/p>\n<p>&#13;<\/p>\n<p>La delegaci\u00f3n lanzarote\u00f1a, que adelant\u00f3 ayer en un d\u00eda su visita a Madrid a fin de reunirse con la aerol\u00ednea Iberia Categorical y la agencia de viajes de lujo Nuba, mantendr\u00e1 entre hoy y ma\u00f1ana encuentros de trabajo con representantes de la compa\u00f1\u00eda Vueling; las agencias de viajes Logitravel, Viajes El Corte Ingl\u00e9s, eDreams, Minube, Destinia.com, atrapalo.com y lastminute.com; los touroperadores Travelplan y Soltour, el grupo Avoris; y el proveedor de servicios tur\u00edsticos W2M (world2meet). Asimismo presentar\u00e1 la completa oferta de turismo activo, rural y de pr\u00e1ctica deportiva ligada a la naturaleza a la Confederaci\u00f3n Espa\u00f1ola de Agencias de Viaje (CEAV).<\/p>\n<p>&#13;<\/p>\n<p>\u00a0<\/p>\n<p>&#13;<\/p>\n<p>Los representantes de Turismo Lanzarote tambi\u00e9n tienen previsto una serie de encuentros con los directores de las OETs que Turespa\u00f1a tiene en Los \u00c1ngeles, Bruselas, Miami, Nueva York y La Haya, dentro del marco de Lanzarote Premium.<\/p>\n<p>&#13;<\/p>\n<p>\u00a0<\/p>\n<p>&#13;<\/p>\n<p>La cita tur\u00edstica madrile\u00f1a cuenta tambi\u00e9n con la presencia del consejero delegado de los CACTs, Benjam\u00edn Perdomo, y el concejal de Turismo de T\u00edas, Mame Fern\u00e1ndez, as\u00ed como la presidenta de la Federaci\u00f3n Tur\u00edstica de Lanzarote, Susana P\u00e9rez, adem\u00e1s de directivos y representantes del sector empresarial insular.<\/p>\n<\/p><\/div>\n<p><script src=\"https:\/\/connect.facebook.net\/es_ES\/all.js#xfbml=1\" type=\"text\/javascript\"><\/script><script type=\"text\/javascript\">\n\/\/<![CDATA[\n   \twindow.fbAsyncInit = function() {\n\t\tFB.init({ appId: '171342606239806', \n\t\t\tstatus: true, \n\t\t\tcookie: true,\n\t\t\txfbml: true,\n\t\t\toauth: true\n\t\t});\n   \t\t    \n\t  \t\t};\n    \/\/      \n    jQuery(window).load(function() {\n    \t(function(){\n    \t\tif(!document.getElementById('fb-root')) {\n    \t\t\tvar root = document.createElement('div');\n    \t\t\troot.id = 'fb-root';\n    \t\t\tdocument.getElementById('gkfb-root').appendChild(root);\n    \t\t\tvar e = document.createElement('script');\n    \t\t\te.src = document.location.protocol + '\/\/connect.facebook.net\/es_ES\/all.js';\n    \t\t\te.async = true;\n    \t\t\tdocument.getElementById('fb-root').appendChild(e);\n    \t\t}  \n    \t})();\n    });\n    \/\/]]>\n<\/script><br \/>\n<br \/><\/p>\n<p><em> &#8221; Fuentes www.lancelotdigital.com &#8221; <\/em><\/p>\n","protected":false},"excerpt":{"rendered":"<p>&#13; La delegaci\u00f3n lanzarote\u00f1a tiene previstas m\u00e1s de 20 reuniones con los principales operadores tur\u00edsticos a fin de impulsar la reactivaci\u00f3n del turismo nacional de cara al verano &#13; &#13; \u00a0 &#13; Lancelot Digital &#13; \u00a0 &#13; La delegaci\u00f3n lanzarote\u00f1a trasladada a Fitur 2021, encabezada por la presidenta del Cabildo, M\u00aa Dolores Corujo, y el [&hellip;]<\/p>\n","protected":false},"author":4,"featured_media":129951,"comment_status":"open","ping_status":"closed","sticky":false,"template":"","format":"standard","meta":{"om_disable_all_campaigns":false,"jnews-multi-image_gallery":[],"jnews_single_post":[],"jnews_primary_category":[],"jnews_social_meta":[],"footnotes":""},"categories":[40],"tags":[946],"class_list":["post-129950","post","type-post","status-publish","format-standard","has-post-thumbnail","hentry","category-industria","tag-lancelot-digital-noticias-lanzarote-diario-digital-periodico-canarias-sucesos-deportes-cultura-vida-social-opinion-semanario-revista"],"_links":{"self":[{"href":"https:\/\/dimensionturistica.com\/es\/wp-json\/wp\/v2\/posts\/129950","targetHints":{"allow":["GET"]}}],"collection":[{"href":"https:\/\/dimensionturistica.com\/es\/wp-json\/wp\/v2\/posts"}],"about":[{"href":"https:\/\/dimensionturistica.com\/es\/wp-json\/wp\/v2\/types\/post"}],"author":[{"embeddable":true,"href":"https:\/\/dimensionturistica.com\/es\/wp-json\/wp\/v2\/users\/4"}],"replies":[{"embeddable":true,"href":"https:\/\/dimensionturistica.com\/es\/wp-json\/wp\/v2\/comments?post=129950"}],"version-history":[{"count":0,"href":"https:\/\/dimensionturistica.com\/es\/wp-json\/wp\/v2\/posts\/129950\/revisions"}],"wp:featuredmedia":[{"embeddable":true,"href":"https:\/\/dimensionturistica.com\/es\/wp-json\/wp\/v2\/media\/129951"}],"wp:attachment":[{"href":"https:\/\/dimensionturistica.com\/es\/wp-json\/wp\/v2\/media?parent=129950"}],"wp:term":[{"taxonomy":"category","embeddable":true,"href":"https:\/\/dimensionturistica.com\/es\/wp-json\/wp\/v2\/categories?post=129950"},{"taxonomy":"post_tag","embeddable":true,"href":"https:\/\/dimensionturistica.com\/es\/wp-json\/wp\/v2\/tags?post=129950"}],"curies":[{"name":"wp","href":"https:\/\/api.w.org\/{rel}","templated":true}]}}