{"id":129492,"date":"2021-05-18T22:11:46","date_gmt":"2021-05-18T22:11:46","guid":{"rendered":"https:\/\/dimensionturistica.com\/es\/?p=129492"},"modified":"2021-05-18T22:11:46","modified_gmt":"2021-05-18T22:11:46","slug":"vacunacion-y-armonizacion-de-medidas-claves-para-reanudar-los-viajes","status":"publish","type":"post","link":"https:\/\/dimensionturistica.com\/es\/vacunacion-y-armonizacion-de-medidas-claves-para-reanudar-los-viajes\/","title":{"rendered":"Vacunaci\u00f3n y armonizaci\u00f3n de medidas, claves para reanudar los viajes"},"content":{"rendered":"<p> <br \/>\n<\/p>\n<div>\n<p>Los pa\u00edses que han tomado la delantera en el proceso de vacunaci\u00f3n de sus poblaciones est\u00e1n experimentando una recuperaci\u00f3n del tr\u00e1fico a\u00e9reo en sus conexiones dom\u00e9sticas que alcanza incluso el 95% de los niveles que registraban en 2019. Hay optimismo respecto al verano, pero la inmunizaci\u00f3n junto a la armonizaci\u00f3n de medidas y requisitos sanitarios entre los pa\u00edses europeos son las claves fundamentales para la recuperaci\u00f3n del tr\u00e1fico a\u00e9reo y, en consecuencia, del turismo y todos sus subsectores. En ello han coincidido los ponentes del debate \u201cTransporte a\u00e9reo de viajeros. Infraestructuras, conectividad y digitalizaci\u00f3n\u201d en el marco del VII Foro Hotusa: el presidente de Aena, Maurici Lucena; el fundador y CEO de Volotea, Carlos Mu\u00f1oz; el presidente y CEO de Iberia, Javier S\u00e1nchez-Prieto y el CEO de Ryanair, Eddie Wilson.<\/p>\n<\/div>\n<div>\n<h2>Ni en tiempos de guerra<\/h2>\n<p>Las medidas y estrategias para sobrevivir al impacto de la pandemia fue el primer tema abordado por los panelistas. El presidente de Aena ha afirmado que &#8220;el mundo de la aviaci\u00f3n, tal y como lo conoc\u00edamos, ha quedado arrasado temporalmente por la pandemia y la ca\u00edda de la actividad en 2020 no tiene precedentes hist\u00f3ricos. Incluso, la actividad del transporte a\u00e9reo fue mayor en per\u00edodos b\u00e9licos que en 2020 y lo que llevamos de 2021&#8230;&#8221;.<\/p>\n<p>Ha destacado que, en el caso de Aena, &#8220;afrontamos una contradicci\u00f3n porque, por un lado, hemos tenido que mantener abiertos los aeropuertos de Espa\u00f1a para atender aviones que llegaban con mercanc\u00edas de primera necesidad, equipo sanitario esencial y operando vuelos de repatriaci\u00f3n de espa\u00f1oles o residentes que quedaron varados por otros pa\u00edses y para llevar de vuelta a viajeros internacionales a sus pa\u00edses de origen y, al mismo tiempo, hacer un importante ajuste de costes para que la compa\u00f1\u00eda no se desangrara y o quemar caja m\u00e1s all\u00e1 de lo estrictamente necesario&#8221;.<\/p>\n<div class=\"wysiwyg-photo\"><img decoding=\"async\" title=\"\" src=\"https:\/\/static.hosteltur.com\/app\/public\/uploads\/img\/articles\/2021\/05\/18\/L_215744_foro-hotusa-transporthhh.jpg\" alt=\"\" data-id=\"226732\"\/>  <\/div>\n<h2>Vacunas y medidas est\u00e1ndar<\/h2>\n<p>Carlos Mu\u00f1oz, fundador y CEO de Volotea, aerol\u00ednea low price especializada en rutas entre ciudades peque\u00f1as y medianas de Europa, considera que el sector est\u00e1 de enhorabuena despu\u00e9s de la devastadora disaster sin precedentes en 2020 para el turismo y para aerol\u00edneas y aeropuertos. &#8220;Lo digo porque, finalmente, en estas \u00faltimas cuatro a seis semanas, el proceso de vacunaci\u00f3n en Europa ha cogido una velocidad de crucero. Si vemos los pa\u00edses que van m\u00e1s avanzados en ese proceso como Israel, el Reino Unido o e los Estados Unidos, con el aumento de la vacunaci\u00f3n se ha visto una mejora de la confianza del consumidor que ha llevado a incrementar las reservas y el nivel de tr\u00e1fico hasta el punto que en los EEUU, est\u00e1 en el 95% de los niveles del tr\u00e1fico dom\u00e9stico de 2019&#8221;, ha explicado Mu\u00f1oz.<\/p>\n<p>Agreg\u00f3 que Europa va seis semanas por detr\u00e1s de EEUU, lo que significa que lo que &#8220;esa situaci\u00f3n la veremos a finales de junio si seguimos a la velocidad actual\u2026 Nosotros en estos momentos, ya tenemos un nivel de ventas bastante sano. La vacunaci\u00f3n est\u00e1 ayudando mucho y nuestra previsi\u00f3n es que vamos a ver un verano bastante fuerte\u201d.<\/p>\n<p>No obstante, ha apuntado que las mayores dudas giran en torno a &#8220;la descoordinaci\u00f3n y la falta de un est\u00e1ndar de medidas entre los distintos pa\u00edses de la regi\u00f3n&#8221; para dar seguridad y que los ciudadanos de Reino Unido, Alemania, Francia e Italia vengan. Vemos por ejemplo que Italia pide una prueba de ant\u00edgenos, otros pa\u00edses la PCR, Grecia ha levantado las restricciones para los vacunados, todo esto va a ser clave&#8221;.<\/p>\n<div class=\"wysiwyg-photo\"><img decoding=\"async\" title=\"\" src=\"https:\/\/static.hosteltur.com\/app\/public\/uploads\/img\/articles\/2021\/05\/18\/L_215911_vii-foro-hotusa-explorahhh.jpg\" alt=\"\" data-id=\"226733\"\/>  <\/div>\n<p>Coincidiendo con la falta de armonizaci\u00f3n, Javier S\u00e1nchez-Prieto, CEO de Iberia, ha se\u00f1alado que la Uni\u00f3n Europea decidi\u00f3 en consenso la creaci\u00f3n de un certificado verde digital para la informaci\u00f3n sanitaria, pero que al mismo tiempo acordaron que cada pa\u00eds pod\u00eda establecer medidas adicionales. &#8220;Esto es solo dentro de Europa, pero debemos tener en cuenta que competimos en un mundo global. Si esas mismas medidas no se extienden a los otros pa\u00edses las restricciones ser\u00e1n diferentes&#8221;, lo cual, no ayuda a recuperar la confianza de los clientes y la demanda.<\/p>\n<p>Siguiendo esta l\u00ednea, el CEO de Ryanair, Eddie Wilson, tambi\u00e9n ha sido muy claro con su mensaje. Para \u00e9l es elementary \u201crecuperar las cifras de tr\u00e1fico anteriores siempre que los niveles de vacunaci\u00f3n sigan aumentando\u201d. Adem\u00e1s, ha afirmado que es necesario que las administraciones vayan un paso por delante para recuperar estos ratios, puesto que los clientes ya est\u00e1n \u201ccon la maleta en la mano\u201d para empezar a viajar: \u201cSi queremos que el tr\u00e1fico vuelva a Espa\u00f1a como en 2019 tenemos que incentivarlo, el gobierno deber\u00e1 tomar medidas para recuperar su cuota de viajes para todas las aerol\u00edneas. Es imprescindible recompensar a esas aerol\u00edneas para que vuelvan a llevar pasajeros\u201d.<\/p>\n<h2>Las tasas m\u00e1s baratas<\/h2>\n<p>Aprovechando la participaci\u00f3n del presidente de Aena, los tres representantes de la industria a\u00e9rea han coincidido en que, si bien entienden que los aeropuertos espa\u00f1oles, especialmente los de mayor tr\u00e1fico, requieren de nuevas inversiones, pero es el peor momento para subirlas, precisamente cuando las aerol\u00edneas bajan sus tarifas y los pasajeros no est\u00e1n en la mejor situaci\u00f3n econ\u00f3mica.<\/p>\n<p>S\u00e1nchez-Prieto ha afirmado, por su parte, que entendiendo la necesidad inversora de los aeropuertos, deber\u00edan &#8220;ser capaces de acompasar esos planes con la situaci\u00f3n que nos ha dejado este tsunami que ha sido la pandemia que nos ha quitado casi dos a\u00f1os de nuestra vida y que, adem\u00e1s, ser\u00eda mejor para Espa\u00f1a salir al mercado con tasas m\u00e1s competitivas. Como industria debemos poner nuestro granito de enviornment en esa competencia international y reducir las tasas para colaborar en la recuperaci\u00f3n\u201d.<\/p>\n<p>El presidente de Aena, Maurici Lucena ha rebatido tales planteamientos, reiterando que Espa\u00f1a tiene las tarifas aeroportuarias m\u00e1s bajas de Europa: \u201cLas tasas que aplican Madrid-Barajas y Barcelona-El Prat frente a los aeropuertos europeos de su misma categor\u00eda son un 44% m\u00e1s bajas en vuelos de corto y medio radio y un 53%, en los de largo radio\u201d. Tambi\u00e9n ha a\u00f1adido que \u201cAENA ha hecho una propuesta para 2026 en que tendr\u00e1 las tarifas aeroportuarias m\u00e1s bajas desde 2016\u201d<\/p>\n<\/div>\n\n<p><em> &#8221; Fuentes www.hosteltur.com &#8221; <\/em><\/p>\n","protected":false},"excerpt":{"rendered":"<p>Los pa\u00edses que han tomado la delantera en el proceso de vacunaci\u00f3n de sus poblaciones est\u00e1n experimentando una recuperaci\u00f3n del tr\u00e1fico a\u00e9reo en sus conexiones dom\u00e9sticas que alcanza incluso el 95% de los niveles que registraban en 2019. Hay optimismo respecto al verano, pero la inmunizaci\u00f3n junto a la armonizaci\u00f3n de medidas y requisitos sanitarios [&hellip;]<\/p>\n","protected":false},"author":4,"featured_media":129493,"comment_status":"open","ping_status":"closed","sticky":false,"template":"","format":"standard","meta":{"om_disable_all_campaigns":false,"jnews-multi-image_gallery":[],"jnews_single_post":[],"jnews_primary_category":[],"jnews_social_meta":[],"footnotes":""},"categories":[39],"tags":[1555],"class_list":["post-129492","post","type-post","status-publish","format-standard","has-post-thumbnail","hentry","category-viajes","tag-transportes"],"_links":{"self":[{"href":"https:\/\/dimensionturistica.com\/es\/wp-json\/wp\/v2\/posts\/129492","targetHints":{"allow":["GET"]}}],"collection":[{"href":"https:\/\/dimensionturistica.com\/es\/wp-json\/wp\/v2\/posts"}],"about":[{"href":"https:\/\/dimensionturistica.com\/es\/wp-json\/wp\/v2\/types\/post"}],"author":[{"embeddable":true,"href":"https:\/\/dimensionturistica.com\/es\/wp-json\/wp\/v2\/users\/4"}],"replies":[{"embeddable":true,"href":"https:\/\/dimensionturistica.com\/es\/wp-json\/wp\/v2\/comments?post=129492"}],"version-history":[{"count":0,"href":"https:\/\/dimensionturistica.com\/es\/wp-json\/wp\/v2\/posts\/129492\/revisions"}],"wp:featuredmedia":[{"embeddable":true,"href":"https:\/\/dimensionturistica.com\/es\/wp-json\/wp\/v2\/media\/129493"}],"wp:attachment":[{"href":"https:\/\/dimensionturistica.com\/es\/wp-json\/wp\/v2\/media?parent=129492"}],"wp:term":[{"taxonomy":"category","embeddable":true,"href":"https:\/\/dimensionturistica.com\/es\/wp-json\/wp\/v2\/categories?post=129492"},{"taxonomy":"post_tag","embeddable":true,"href":"https:\/\/dimensionturistica.com\/es\/wp-json\/wp\/v2\/tags?post=129492"}],"curies":[{"name":"wp","href":"https:\/\/api.w.org\/{rel}","templated":true}]}}