{"id":129105,"date":"2021-05-18T12:04:19","date_gmt":"2021-05-18T12:04:19","guid":{"rendered":"https:\/\/dimensionturistica.com\/es\/?p=129105"},"modified":"2021-05-18T12:04:20","modified_gmt":"2021-05-18T12:04:20","slug":"reapertura-turistica-en-pandemia-como-es-en-espana-francia-italia-alemania-reino-unido-y-eeuu","status":"publish","type":"post","link":"https:\/\/dimensionturistica.com\/es\/reapertura-turistica-en-pandemia-como-es-en-espana-francia-italia-alemania-reino-unido-y-eeuu\/","title":{"rendered":"Reapertura tur\u00edstica en pandemia: c\u00f3mo es en Espa\u00f1a, Francia, Italia, Alemania, Reino Unido y EEUU"},"content":{"rendered":"<p> <br \/>\n<\/p>\n<div>\n                    <!--\n\n<div class=\"col-lg-12\">--><\/p>\n<p><img decoding=\"async\" style=\"width: 100%;\" title=\"Turismo en pandemia, Europa, NA\" src=\"https:\/\/www.diario26.com\/media\/image\/2021\/05\/18\/475992.jpg\" alt=\"Turismo en pandemia, Europa, NA\"\/><strong><em>Turismo, Europa, NA.<\/em><\/strong><\/p>\n<p>Europa y Estados Unidos<strong>\u00a0avanzan en las reaperturas tras la segunda ola de Covid<\/strong>\u00a0y eso incluye al turismo. En ese sentido, el ministro de Turismo y Deportes,\u00a0<a rel=\"nofollow noopener\" target=\"_blank\" href=\"https:\/\/noticiasargentinas.com\/politica\/lammens-viaja-a-espana-en-busca-de-inversiones-para-reactivar-el-turismo\">Mat\u00edas Lammens, viaja a Espa\u00f1a<\/a>\u00a0para\u00a0asistir a la\u00a0Feria Internacional de Turismo en Madrid (FITUR) donde buscar\u00e1 promover la actividad tur\u00edstica pospandemia de coronavirus.<\/p>\n<p>\u00a0<\/p>\n<p>La Comisi\u00f3n Europea anunci\u00f3 un plan para suavizar las restricciones a los\u00a0<strong>viajes recreativos<\/strong>\u00a0de cara al verano, tanto hacia la Uni\u00f3n Europea como dentro de ella.<\/p>\n<p>\u00a0<\/p>\n<p>Seg\u00fan esta nueva propuesta, los extranjeros que procedan de un pa\u00eds con\u00a0<strong>buena situaci\u00f3n epidemiol\u00f3gica<\/strong>\u00a0o que se hayan vacunado contra el Covid-19 podr\u00e1n entrar en la UE.<\/p>\n<p>\u00a0<\/p>\n<p class=\"top-margin\"><b>Noticias relacionadas<\/b><\/p>\n<div class=\"col-sm-12 clear\">\n<div class=\"row bottom-margin right col-sm-6 top-margin\" style=\"padding: 0px;\">\n    <!-- start:article.thumb --><\/p>\n<article class=\"thumb\">\n        <!--  --><\/p>\n<div class=\"col-sm-7 col-xs-12\">\n<div class=\"thumb-wrap relative\">\n                <a rel=\"nofollow noopener\" target=\"_blank\" href=\"https:\/\/www.diario26.com\/300032--fernandez-arribo-a-lisboa-para-dar-comienzo-a-su-gira-por-europa\"><br \/>\n                    <img decoding=\"async\" src=\"https:\/\/cdn.diario26.com\/media\/image\/2021\/05\/09\/475270.jpg?s=5&amp;a=300032\" alt=\"Fern\u00e1ndez arrib\u00f3 a Lisboa para dar comienzo a su gira por Europa\" title=\"Fern\u00e1ndez arrib\u00f3 a Lisboa para dar comienzo a su gira por Europa\" class=\"img-responsive\"\/><br \/>\n                <\/a>\n            <\/div><\/div>\n<p>        <!--  --><br \/>\n        <!--  --><\/p>\n<p>        <!--  --><br \/>\n    <\/article>\n<\/div>\n<div class=\"row bottom-margin left col-sm-6 top-margin\" style=\"padding: 0px;\">\n    <!-- start:article.thumb --><\/p>\n<article class=\"thumb\">\n        <!--  --><\/p>\n<div class=\"col-sm-7 col-xs-12\">\n<div class=\"thumb-wrap relative\">\n                <a rel=\"nofollow noopener\" target=\"_blank\" href=\"https:\/\/www.diario26.com\/299619--violentas-protestas-en-europa-en-el-dia-del-trabajador\"><br \/>\n                    <img decoding=\"async\" src=\"https:\/\/cdn.diario26.com\/media\/image\/2021\/05\/01\/474645.jpg?s=5&amp;a=299619\" alt=\"Violentas protestas en Europa en el d\u00eda del trabajador\" title=\"Violentas protestas en Europa en el d\u00eda del trabajador\" class=\"img-responsive\"\/><br \/>\n                <\/a>\n            <\/div><\/div>\n<p>        <!--  --><br \/>\n        <!--  --><\/p>\n<p>        <!--  --><br \/>\n    <\/article>\n<\/div>\n<\/div>\n<p>Los Estados miembros podr\u00e1n seguir restringiendo los viajes desde los pa\u00edses en los que surjan nuevas variantes, mediante el llamado\u00a0<strong>freno de emergencia<\/strong>.<\/p>\n<p>\u00a0<\/p>\n<p>Esto permitir\u00e1 a los pa\u00edses miembros actuar r\u00e1pidamente y limitar temporalmente, a un m\u00ednimo estricto, todos los viajes desde los pa\u00edses afectados, durante el tiempo necesario para poner en marcha las medidas sanitarias adecuadas.<\/p>\n<p>\u00a0<\/p>\n<p>Los europeos que quieran viajar por la UE podr\u00e1n presentar un\u00a0<strong>certificado digital<\/strong>\u00a0que demuestre que se han vacunado, que se han recuperado del\u00a0<strong>Covid-19<\/strong>\u00a0o que han dado negativo en la prueba PCR.<\/p>\n<p>\u00a0<\/p>\n<p>El Reino Unido, Espa\u00f1a, Francia, Italia y Alemania van acomodando sus restricciones para permitir\u00a0<strong>planificar vacaciones<\/strong>\u00a0con \u201cpases anti Covid\u201d,\u00a0inmunizaci\u00f3n por vacunas, fin de cuarentenas, toques de queda \u201clights\u201d y pruebas gratuitas para todos.<\/p>\n<p>\u00a0<\/p>\n<p><strong>Alemania<\/strong><\/p>\n<p>Reabri\u00f3 las localidades costeras para recibir turistas.\u00a0La reapertura est\u00e1 sometida a varias\u00a0<strong>medidas sanitarias<\/strong>, los\u00a0<strong>barbijos son obligatorios en los espacios concurridos<\/strong>\u00a0y cada visitante deber\u00e1 presentar\u00a0<strong>dos pruebas PCR negativas<\/strong>\u00a0y estar dispuesto a realizarse otras m\u00e1s durante su estad\u00eda.<\/p>\n<p>Pese al alivio de los comerciantes, m\u00e9dicos y pol\u00edticos advierten que la\u00a0<strong>amenaza<\/strong>\u00a0de la enfermedad a\u00fan no ha desaparecido. La movilidad entre regiones podr\u00eda traer consigo otra\u00a0<strong>explosi\u00f3n de contagios<\/strong>\u00a0si no se siguen las medidas adecuadamente.<\/p>\n<p>\u00a0<\/p>\n<p><strong>Espa\u00f1a<\/strong><\/p>\n<p>La ministra de Industria, Comercio y Turismo de Espa\u00f1a, Reyes Maroto, anunci\u00f3 en conferencia de prensa el lanzamiento de su nueva campa\u00f1a \u201cTe mereces Espa\u00f1a\u201d. Se\u00f1al\u00f3 que buscar\u00e1n\u00a0<strong>atraer entre 40 y 45 millones de turistas<\/strong>\u00a0en la temporada estival, la mitad de los registrados en 2019.\u00a0La campa\u00f1a tur\u00edstica de advertising est\u00e1 dirigida principalmente para viajeros de Reino Unido, Francia, Alemania, Italia, Holanda y B\u00e9lgica.\u00a0<\/p>\n<p>Reyes Maroto record\u00f3 que en junio se pondr\u00e1 en marcha el\u00a0<strong>Certificado Verde Digital (CVD)<\/strong>\u00a0que funcionar\u00e1 como\u00a0<strong>pasaporte sanitario.<\/strong>\u00a0Esto permitir\u00e1 agilizar la movilidad de los turistas dentro de la Uni\u00f3n Europea al homologar los requisitos de entrada por\u00a0<a rel=\"nofollow noopener\" target=\"_blank\" href=\"https:\/\/www.who.int\/es\">Covid<\/a>.<\/p>\n<p>\u00a0<\/p>\n<p><strong>Italia<\/strong>\u00a0<\/p>\n<p>Italia anunci\u00f3\u00a0la\u00a0<strong>eliminaci\u00f3n de la cuarentena de cinco d\u00edas\u00a0<\/strong>impuesta hasta ahora a los\u00a0viajeros provenientes de los pa\u00edses de la Uni\u00f3n Europea.\u00a0Los viajeros de la\u00a0Uni\u00f3n Europea, de la zona Schengen, Gran Breta\u00f1a e Israel, podr\u00e1n entrar en Italia presentado una prueba\u00a0de Covid-19 negativa\u00a0y no est\u00e1n obligados a cumplir la minicuarentena vigente hasta ahora, explic\u00f3 el ministerio en un comunicado.<\/p>\n<p>\u00a0<\/p>\n<p>Speranza anunci\u00f3 adem\u00e1s que se expandir\u00e1n los servicios de testeo para los viajeros exentos de cuarentena que lleguen en vuelos procedentes de Canad\u00e1, Jap\u00f3n y Emiratos \u00c1rabes Unidos, inform\u00f3 la agencia de noticias italiana<strong>\u00a0Ansa.<\/strong><\/p>\n<p>\u00a0<\/p>\n<p>Actualmente, solo los aeropuertos de Roma y Mil\u00e1n ofrecen el servicio de\u00a0<strong>check r\u00e1pido de coronavirus<\/strong>\u00a0a algunos vuelos llegados desde Estados Unidos, pero con la nueva ordenanza el servicio se extiende a los de Venecia y N\u00e1poles.<\/p>\n<p>\u00a0<\/p>\n<p><strong>Francia<\/strong>\u00a0<\/p>\n<p>El gobierno franc\u00e9s\u00a0prev\u00e9 permitir el regreso de los turistas extranjeros a partir del 9 de junio, siempre que porten un certificado sanitario de estar vacunados contra el Covid-<a rel=\"nofollow noopener\" target=\"_blank\" href=\"https:\/\/www.hosteltur.com\/tag\/coronavirus\">19<\/a>\u00a0o una prueba de PCR negativa. El presidente Emmanuel Macron anunci\u00f3, no obstante, que\u00a0las\u00a0<strong>terrazas de los caf\u00e9s y restaurantes<\/strong>\u00a0podr\u00e1n reabrir el 19 de mayo junto con\u00a0<strong>museos, cines, teatros y salas de conciertos<\/strong>\u00a0bajo ciertas condiciones.\u00a0<\/p>\n<p>\u00a0<\/p>\n<p>El 9 de junio, los caf\u00e9s y restaurantes podr\u00e1n reanudar el servicio common hasta el toque de queda a las 11 pm. Se permitir\u00e1n eventos de hasta 5,000 personas.<\/p>\n<p>\u00a0<\/p>\n<p>La\u00a0\u00faltima etapa del plan ver\u00e1 el\u00a0<strong>last del toque de queda nocturno<\/strong>\u00a0y el levantamiento de la mayor\u00eda de las restricciones el 30 de junio, aunque\u00a0<strong>los clubes nocturnos permanecer\u00e1n cerrados<\/strong>.<\/p>\n<p>\u00a0<\/p>\n<p><strong>Reino Unido\u00a0<\/strong><\/p>\n<p>El pa\u00eds brit\u00e1nico fomenta el mercado de las\u00a0<em>staycations<\/em>, las\u00a0<strong>vacaciones en casa.<\/strong>\u00a0En 2020 este mercado ingres\u00f3 una\u00a0cantidad additional\u00a0de 8.000 millones de libras esterlinas (exactamente 8.240, lo que significa m\u00e1s de 9.000 millones de euros), gracias a la decisi\u00f3n de muchas familias de\u00a0<strong>quedarse en casa<\/strong>\u00a0<strong>en lugar de irse al extranjero<\/strong>\u00a0a causa de las\u00a0restricciones impuestas por el Gobierno brit\u00e1nico a muchos de sus destinos favoritos, entre ellos, Espa\u00f1a.<\/p>\n<p>\u00a0<\/p>\n<p>Y es que los viajeros que se desplacen a destinos como Espa\u00f1a, deben presentar un\u00a0<strong>check para regresar a Reino Unido<\/strong>, guardar una\u00a0<strong>cuarentena domiciliaria de diez d\u00edas<\/strong>, y presentar\u00a0<strong>dos check m\u00e1s al segundo y octavo d\u00eda<\/strong>.<\/p>\n<p>\u00a0<\/p>\n<p><strong>Estados Unidos<\/strong><\/p>\n<p>En el pa\u00eds norteamericano se est\u00e1 dando el fen\u00f3meno del\u00a0<strong>&#8220;turismo de vacunas<\/strong>&#8220;. Miles de personas viajan al pa\u00eds para inmunizarse, debido al f\u00e1cil acceso a las mismas. Ciudades como\u00a0<strong>Nueva York y Miami<\/strong>\u00a0ya anunciaron su\u00a0<strong>apertura tur\u00edstica<\/strong>. En Miami, por ejemplo, llevan\u00a0adelante una fuerte estrategia para atraer a turistas y lograr reactivar a los sectores m\u00e1s golpeados por la pandemia. \u201cNo hace falta que seas ciudadano (norteamericano) ni que cuentes con residencia activa para vacunarte; ya sea que est\u00e9s en caso de emergencia sanitaria, viaje de negocios o vacaciones, est\u00e1s habilitado para la\u00a0<strong>vacunaci\u00f3n responsable<\/strong>\u00a0que ofrece la ciudad de Miami. Solo tenes que ser mayor de 18 a\u00f1os\u201d, expresa un comunicado.<\/p>\n<p>                    <!----><br \/>\n                    <!--<\/div>\n\n-->\n                <\/div>\n<p><script>\n  window.fbAsyncInit = function() {\n    FB.init({\n      appId      : '309037012804770',\n      xfbml      : true,\n      version    : 'v2.7'\n    });\n  };\n  (function(d, s, id){\n     var js, fjs = d.getElementsByTagName(s)[0];\n     if (d.getElementById(id)) {return;}\n     js = d.createElement(s); js.id = id;\n     js.src = \"https:\/\/connect.facebook.net\/es_LA\/sdk.js\";\n     fjs.parentNode.insertBefore(js, fjs);\n   }(document, 'script', 'facebook-jssdk'));\n<\/script><br \/>\n<br \/><\/p>\n<p><em> &#8221; Fuentes www.diario26.com &#8221; <\/em><\/p>\n","protected":false},"excerpt":{"rendered":"<p>Turismo, Europa, NA. Europa y Estados Unidos\u00a0avanzan en las reaperturas tras la segunda ola de Covid\u00a0y eso incluye al turismo. En ese sentido, el ministro de Turismo y Deportes,\u00a0Mat\u00edas Lammens, viaja a Espa\u00f1a\u00a0para\u00a0asistir a la\u00a0Feria Internacional de Turismo en Madrid (FITUR) donde buscar\u00e1 promover la actividad tur\u00edstica pospandemia de coronavirus. \u00a0 La Comisi\u00f3n Europea anunci\u00f3 [&hellip;]<\/p>\n","protected":false},"author":4,"featured_media":129106,"comment_status":"open","ping_status":"closed","sticky":false,"template":"","format":"standard","meta":{"om_disable_all_campaigns":false,"jnews-multi-image_gallery":[],"jnews_single_post":[],"jnews_primary_category":[],"jnews_social_meta":[],"footnotes":""},"categories":[40],"tags":[],"class_list":["post-129105","post","type-post","status-publish","format-standard","has-post-thumbnail","hentry","category-industria"],"_links":{"self":[{"href":"https:\/\/dimensionturistica.com\/es\/wp-json\/wp\/v2\/posts\/129105","targetHints":{"allow":["GET"]}}],"collection":[{"href":"https:\/\/dimensionturistica.com\/es\/wp-json\/wp\/v2\/posts"}],"about":[{"href":"https:\/\/dimensionturistica.com\/es\/wp-json\/wp\/v2\/types\/post"}],"author":[{"embeddable":true,"href":"https:\/\/dimensionturistica.com\/es\/wp-json\/wp\/v2\/users\/4"}],"replies":[{"embeddable":true,"href":"https:\/\/dimensionturistica.com\/es\/wp-json\/wp\/v2\/comments?post=129105"}],"version-history":[{"count":0,"href":"https:\/\/dimensionturistica.com\/es\/wp-json\/wp\/v2\/posts\/129105\/revisions"}],"wp:featuredmedia":[{"embeddable":true,"href":"https:\/\/dimensionturistica.com\/es\/wp-json\/wp\/v2\/media\/129106"}],"wp:attachment":[{"href":"https:\/\/dimensionturistica.com\/es\/wp-json\/wp\/v2\/media?parent=129105"}],"wp:term":[{"taxonomy":"category","embeddable":true,"href":"https:\/\/dimensionturistica.com\/es\/wp-json\/wp\/v2\/categories?post=129105"},{"taxonomy":"post_tag","embeddable":true,"href":"https:\/\/dimensionturistica.com\/es\/wp-json\/wp\/v2\/tags?post=129105"}],"curies":[{"name":"wp","href":"https:\/\/api.w.org\/{rel}","templated":true}]}}