{"id":129046,"date":"2021-05-18T09:59:56","date_gmt":"2021-05-18T09:59:56","guid":{"rendered":"https:\/\/dimensionturistica.com\/es\/?p=129046"},"modified":"2021-05-18T09:59:56","modified_gmt":"2021-05-18T09:59:56","slug":"john-f-kennedy-alejo-a-su-custodia-momentos-antes-de-ser-asesinado-en-texas","status":"publish","type":"post","link":"https:\/\/dimensionturistica.com\/es\/john-f-kennedy-alejo-a-su-custodia-momentos-antes-de-ser-asesinado-en-texas\/","title":{"rendered":"John F. Kennedy alej\u00f3 a su custodia momentos antes de ser asesinado en Texas"},"content":{"rendered":"<p> <br \/>\n<\/p>\n<div>\n<p><a rel=\"nofollow noopener\" target=\"_blank\" href=\"https:\/\/radio.perfil.com\/noticias\/podcasts\/el-5-de-abril-de-1963-se-conecto-el-telefono-rojo-entre-eeuu-y-la-union-sovietica.phtml?_ga=2.196758248.518947140.1621206719-587346133.1599164186\">John F. Kennedy<\/a> orden\u00f3\u00a0al Servicio Secreto de Estados Unidos que<strong> mantuviera distancia el d\u00eda en que fue asesinado<\/strong> (18 de noviembre de 1963)\u00a0en medio de un viaje de campa\u00f1a a Dallas, Texas. Se trata de\u00a0uno de los sucesos m\u00e1s recordados del Siglo XX.<\/p>\n<p><em>JFK<\/em>\u00a0permanec\u00eda en el auto presidencial cuando decidi\u00f3 contactarse con el supervisor del <em>Servicio Secreto<\/em>, Floyd Boring. Solicit\u00f3 que los agentes que viajaban en grupos especiales instalados cerca del maletero\u00a0<strong>retrocedieran\u00a0y procedieran a seguirlo desde otro lugar<\/strong>.<\/p>\n<p>&#8220;Es excesivo, Floyd. Y est\u00e1 dando una impresi\u00f3n equivocada a la gente&#8221;, le dijo <em>Kennedy <\/em>a <em>Boring<\/em>. <strong>&#8220;Tenemos unas elecciones pr\u00f3ximas. El objetivo es que yo sea accesible para la gente&#8221;, <\/strong>justific\u00f3 e\u00a0insisti\u00f3 el presidente N\u00b035\u00a0de los Estados Unidos.<\/p>\n<div style=\"text-align:center\">\n<figure class=\"image\" style=\"display:inline-block\"><img decoding=\"async\" style=\"max-width: 100%; width: 100%;\" alt=\"Kennedy Asesinato Custodia\" height=\"618\" src=\"https:\/\/fotos.perfil.com\/\/2021\/05\/18\/900\/0\/kennedy-asesinato-custodia-1174127.jpg\" width=\"900\" loading=\"lazy\"\/><figcaption>John F. Kennedy y Jacqueline Kennedy, momentos antes de comenzar su recorrido por las calles de Dallas, Texas.<\/figcaption><\/figure>\n<\/div>\n<p>El exabrupto y evidente enfado del exmandatario\u00a0por la proximidad de los agentes no fue un\u00a0hecho aislado.<strong> Conductas similares fueron esbozadas por \u00e9l mismo y dem\u00e1s mandatarios<\/strong>,<strong>\u00a0<\/strong>respecto de la protecci\u00f3n ofrecida\u00a0por el <a rel=\"nofollow noopener\" target=\"_blank\" href=\"https:\/\/www.perfil.com\/noticias\/internacional\/familia-trumo-dos-miembros-eran-peligrosamente-cercanos-a-los-agentes-del-servicio-secreto.phtml\">Servicio Secreto<\/a> norteamericano.<\/p>\n<p>Tras el cruento asesinato, a manos de un fusil de cerrojo italiano\u00a0<em>Carcano M91\/38<\/em>\u00a0de\u00a06,5 mm, algunos de los agentes que custodiaban el <em>Lincoln Continental<\/em>\u00a0<strong>se preguntaron si esa distancia adicional del autom\u00f3vil les impidi\u00f3\u00a0salvarle la vida a\u00a0JFK<\/strong>.<\/p>\n<p><em>&#8220;Zero Fail: The Rise and Fall of the Secret Service&#8221;,<\/em>\u00a0libro de la reportera del <em>Washington Publish<\/em>, Carol Leonnig, y\u00a0que est\u00e1\u00a0a la venta este mismo martes, <strong>relata la historia presidencial desde el punto de vista del servicio y evidencia lo ocurrido aquel 18 de noviembre.<\/strong><\/p>\n<div style=\"text-align:center\">\n<figure class=\"image\" style=\"display:inline-block\"><img decoding=\"async\" style=\"max-width: 100%; width: 100%;\" alt=\"Kennedy Asesinato Custodia\" height=\"618\" src=\"https:\/\/fotos.perfil.com\/\/2021\/05\/18\/900\/0\/kennedy-asesinato-custodia-1174124.jpg\" width=\"900\" loading=\"lazy\"\/><figcaption>Custodiado por agentes del Servicio Secreto de Estados Unidos, Kennedy continuaba con su recorrido presidencial.<\/figcaption><\/figure>\n<\/div>\n<p>El escrito exhibe pruebas contundentes que marcaron\u00a0la diferencia <a rel=\"nofollow noopener\" target=\"_blank\" href=\"https:\/\/www.perfil.com\/noticias\/actualidad\/los-archivos-del-asesinato-de-kennedy-seguiran-siendo-secretos.phtml\">el d\u00eda en el que Kennedy fue asesinado a sangre fr\u00eda<\/a>. Entre ellas, <strong>presupuestos inadecuados, luchas pol\u00edticas internas y agentes mal preparados para\u00a0misiones de vida o muerte.<\/strong><\/p>\n<p>Asimismo, y como el mismo expresidente dej\u00f3 en evidencia a trav\u00e9s de sus declaraciones, <strong>su presencia e imagen ten\u00edan un impacto mayormente positivo siempre y cuando pudiera tener contacto directo con el p\u00fablico<\/strong>. Ello tambi\u00e9n implicaba\u00a0un desaf\u00edo.<\/p>\n<p>&#8220;En privado, los agentes del Servicio Secreto <strong>vieron a un hombre cortejando al peligro<\/strong>, sobretodo durante frecuentes coqueteos de \u00e9ste con mujeres j\u00f3venes &#8220;, escribe <em>Leonnig<\/em>, en un adelanto del Publish.\u00a0<strong>&#8220;Kennedy fue extremadamente imprudente&#8221;<\/strong>, agreg\u00f3.<\/p>\n<div style=\"text-align:center\">\n<figure class=\"image\" style=\"display:inline-block\"><img decoding=\"async\" style=\"max-width: 100%; width: 100%;\" alt=\"Kennedy Asesinato Custodia\" height=\"618\" src=\"https:\/\/fotos.perfil.com\/\/2021\/05\/18\/900\/0\/kennedy-asesinato-custodia-1174126.jpg\" width=\"900\" loading=\"lazy\"\/><figcaption>El momento exacto en el que John F. Kennedy es asesinado a manos de un fusil de cerrojo italiano\u00a0<em>Carcano M91\/38.<\/em><\/figcaption><\/figure>\n<\/div>\n<p><strong>&#8220;Sus acciones hicieron que algunos de sus protectores se sintieran inc\u00f3modos y algunos bastante enojados&#8221;, <\/strong>revel\u00f3\u00a0la reportera estadounidense a la vez que insisti\u00f3 en que\u00a0<strong>&#8220;profesionalmente, fue su tarea m\u00e1s dif\u00edcil hasta el momento&#8221;<\/strong>.<\/p>\n<p>Kennedy fue uno de los pocos mandatarios que <strong>logr\u00f3 quebrantar \u00a0todos los r\u00e9cords de viajes presidenciales <\/strong>fuera de la Casa Blanca y alrededor de los Estados Unidos. La mayor\u00eda de ellos tuvieron lugar\u00a0inmediatamente despu\u00e9s de asumir el cargo en 1961.\u00a0<\/p>\n<p>Durante el per\u00edodo en el que se extendi\u00f3 su presidencia, siendo esto desde enero de aquel a\u00f1o hasta noviembre de 1963,\u00a0<strong>el destacamento del Servicio Secreto\u00a0contaba\u00a0solo 34 agentes<\/strong>, que trabajaban en equipos formados por\u00a0seis hombres.<\/p>\n<div style=\"text-align:center\">\n<figure class=\"image\" style=\"display:inline-block\"><img decoding=\"async\" style=\"max-width: 100%; width: 100%;\" alt=\"Kennedy Asesinato Custodia\" height=\"618\" src=\"https:\/\/fotos.perfil.com\/\/2021\/05\/18\/900\/0\/kennedy-asesinato-custodia-1174128.jpg\" width=\"900\" loading=\"lazy\"\/><figcaption>Tras recibir un disparo a la cabeza, agentes del Servicio Secreto y su esposa Jacqueline socorrieron a Kennedy.<\/figcaption><\/figure>\n<\/div>\n<p>Con el objetivo de cubrir una extremadamente ocupada agenda presidencial<strong>, dichos\u00a0agentes deb\u00edan trabaja\u00a0turnos dobles e incluso ofrecer sus servicios\u00a0en sus d\u00edas libres.<\/strong> A\u00a0menudo, renunciaban a noches de sue\u00f1os y la fatiga lograba quebrarlos de tanto en tanto.<\/p>\n<p>Sin embargo, y para desgracia del Servicio Secreto, <strong>el problema no period la falta de mano de obra, sino el propio Kennedy. <\/strong>Cuando \u00e9l sent\u00eda que le period\u00a0conveniente, decid\u00eda deshacerse\u00a0de los\u00a0guardias que lo custodiaban, <strong>crey\u00e9ndolos finalmente ineficaces<\/strong>.<\/p>\n<p><em>JFG<\/em><\/p>\n<div class=\"noticias-relacionadas\">\n<p>Tambi\u00e9n te puede interesar<\/p>\n<\/div>\n<\/div>\n<p><script type=\"94ef0a6d22e82bd916e04c3f-text\/javascript\">\n                !function(f,b,e,v,n,t,s)\n                {if(f.fbq)return;n=f.fbq=function(){n.callMethod?\n                    n.callMethod.apply(n,arguments):n.queue.push(arguments)};\n                    if(!f._fbq)f._fbq=n;n.push=n;n.loaded=!0;n.version='2.0';\n                    n.queue=[];t=b.createElement(e);t.async=!0;\n                    t.src=v;s=b.getElementsByTagName(e)[0];\n                    s.parentNode.insertBefore(t,s)}(window, document,'script',\n                    'https:\/\/connect.facebook.net\/en_US\/fbevents.js');\n                window.paywallConfig.facebook_pixel=\"1000228364089342\"\n            <\/script><script async defer crossorigin=\"anonymous\" src=\"https:\/\/connect.facebook.net\/es_LA\/sdk.js#xfbml=1&#038;version=v10.0&#038;appId=641084159376902&#038;autoLogAppEvents=1\" nonce=\"9rD4vd6X\" type=\"94ef0a6d22e82bd916e04c3f-text\/javascript\"><\/script><br \/>\n<br \/><\/p>\n<p><em> &#8221; Fuentes www.perfil.com &#8221; <\/em><\/p>\n","protected":false},"excerpt":{"rendered":"<p>John F. Kennedy orden\u00f3\u00a0al Servicio Secreto de Estados Unidos que mantuviera distancia el d\u00eda en que fue asesinado (18 de noviembre de 1963)\u00a0en medio de un viaje de campa\u00f1a a Dallas, Texas. Se trata de\u00a0uno de los sucesos m\u00e1s recordados del Siglo XX. JFK\u00a0permanec\u00eda en el auto presidencial cuando decidi\u00f3 contactarse con el supervisor del [&hellip;]<\/p>\n","protected":false},"author":4,"featured_media":129047,"comment_status":"open","ping_status":"closed","sticky":false,"template":"","format":"standard","meta":{"om_disable_all_campaigns":false,"jnews-multi-image_gallery":[],"jnews_single_post":[],"jnews_primary_category":[],"jnews_social_meta":[],"footnotes":""},"categories":[40],"tags":[],"class_list":["post-129046","post","type-post","status-publish","format-standard","has-post-thumbnail","hentry","category-industria"],"_links":{"self":[{"href":"https:\/\/dimensionturistica.com\/es\/wp-json\/wp\/v2\/posts\/129046","targetHints":{"allow":["GET"]}}],"collection":[{"href":"https:\/\/dimensionturistica.com\/es\/wp-json\/wp\/v2\/posts"}],"about":[{"href":"https:\/\/dimensionturistica.com\/es\/wp-json\/wp\/v2\/types\/post"}],"author":[{"embeddable":true,"href":"https:\/\/dimensionturistica.com\/es\/wp-json\/wp\/v2\/users\/4"}],"replies":[{"embeddable":true,"href":"https:\/\/dimensionturistica.com\/es\/wp-json\/wp\/v2\/comments?post=129046"}],"version-history":[{"count":0,"href":"https:\/\/dimensionturistica.com\/es\/wp-json\/wp\/v2\/posts\/129046\/revisions"}],"wp:featuredmedia":[{"embeddable":true,"href":"https:\/\/dimensionturistica.com\/es\/wp-json\/wp\/v2\/media\/129047"}],"wp:attachment":[{"href":"https:\/\/dimensionturistica.com\/es\/wp-json\/wp\/v2\/media?parent=129046"}],"wp:term":[{"taxonomy":"category","embeddable":true,"href":"https:\/\/dimensionturistica.com\/es\/wp-json\/wp\/v2\/categories?post=129046"},{"taxonomy":"post_tag","embeddable":true,"href":"https:\/\/dimensionturistica.com\/es\/wp-json\/wp\/v2\/tags?post=129046"}],"curies":[{"name":"wp","href":"https:\/\/api.w.org\/{rel}","templated":true}]}}