{"id":128944,"date":"2021-05-18T04:09:30","date_gmt":"2021-05-18T04:09:30","guid":{"rendered":"https:\/\/dimensionturistica.com\/es\/?p=128944"},"modified":"2021-05-18T04:09:30","modified_gmt":"2021-05-18T04:09:30","slug":"jefe-maestro-amigo","status":"publish","type":"post","link":"https:\/\/dimensionturistica.com\/es\/jefe-maestro-amigo\/","title":{"rendered":"Jefe, maestro, amigo"},"content":{"rendered":"<p> <br \/>\n<\/p>\n<div>\n<p data-gtm-element-container=\"modulo-texto-link\" class=\"paragraph\">Soy periodista porque un d\u00eda de junio de 1979 Ricardo Estarriol me oy\u00f3 hablar castellano como estudiante de Filolog\u00eda Espa\u00f1ola en la sala de prensa donde una hueste de reporteros reci\u00e9n llegados de todo el mundo tramitaban acreditaciones y contrataban a traductores para cubrir el primer viaje de Karol Wojtyla a su patria en calidad de papa Juan Pablo II. Me contrat\u00f3 como int\u00e9rprete dos a\u00f1os m\u00e1s tarde, cuando el sindicato Solidarnosc comenzaba a sacudir los cimientos del r\u00e9gimen comunista.<\/p>\n<p data-gtm-element-container=\"modulo-texto-link\" class=\"paragraph\">Con \u00e9l aprend\u00ed el oficio al recorrer Polonia siguiendo los vertiginosos sucesos de la revoluci\u00f3n democr\u00e1tica que alterar\u00eda la historia de mi pa\u00eds y de toda Europa del Este, entrevistando desde a altos cargos del r\u00e9gimen, pasando por jerarcas de la Iglesia cat\u00f3lica, hasta l\u00edderes y militantes de Solidarnosc, como Lech Walesa, as\u00ed como a la flor y nata de la intelectualidad, como Adam Michnik, Jacek Kuron, Bronislaw Geremek o Tadeusz Mazowiecki&#8230; Con Ricardo conoc\u00ed mejor mi propio pa\u00eds.<\/p>\n<p><span class=\"content-ad-module  hidden-ad\"><\/p>\n<p><span class=\"content-ad visible-xs roba-container  hidden-ad\"><span class=\"ad-unit roba\"><\/p>\n<p>                <\/span><\/span><span class=\"content-ad visible-md irr-container  hidden-ad\"><span class=\"ad-unit irr\"><\/p>\n<p>                <\/span><\/span><span class=\"content-html\"><span class=\"intext-md hidden-xs hidden-md\"\/><\/span><\/span><\/p>\n<p data-gtm-element-container=\"modulo-texto-link\" class=\"paragraph\">De su mano, empu\u00f1ando su min\u00fasculo bloc de notas colour naranja en vez de una grabadora, que despreciaba, aprend\u00ed que una entrevista hay que apuntarla al vuelo, por muy r\u00e1pido que transcurriera, porque as\u00ed se maximizaba la atenci\u00f3n y ahorraba tiempo.<\/p>\n<p><span class=\"content-subtitle \"><\/p>\n<h3 class=\"subtitle\">&#8220;Juntos vivimos la euf\u00f3rica, aunque pasajera, feria de la libertad con Solidarnosc entre 1980 y 1981, el golpe, la represi\u00f3n&#8230;&#8221;<\/h3>\n<p><\/span><\/p>\n<p data-gtm-element-container=\"modulo-texto-link\" class=\"paragraph\">Juntos vivimos la euf\u00f3rica, aunque pasajera, feria de la libertad con Solidarnosc entre 1980 y 1981, el golpe marcial del r\u00e9gimen en diciembre de 1981, la represi\u00f3n en los a\u00f1os siguientes, el asesinato del sacerdote Jerzy Popieluszko en 1984 por agentes de la polic\u00eda secreta y el inaudito juicio de sus asesinos en 1985. Juntos cubrimos los ocho viajes de Juan Pablo II a Polonia, las huelgas obreras y las apasionantes negociaciones entre Solidarnosc y el moribundo r\u00e9gimen comunista en la<i> mesa redonda <\/i>de la primavera de 1989, que puso en marcha la transici\u00f3n que devolver\u00eda a Polonia, a la vez, la independencia nacional, la democracia liberal y la econom\u00eda de mercado.<\/p>\n<p data-gtm-element-container=\"modulo-texto-link\" class=\"paragraph\">Juntos sorte\u00e1bamos el acoso que nos tend\u00eda la polic\u00eda pol\u00edtica, que ten\u00eda a Ricardo en la mira desde que a mediados de los a\u00f1os setenta entrevist\u00f3 en Varsovia a peligrosos enemigos del socialismo actual como Michnik. Viajamos tambi\u00e9n a Ucrania para cubrir el despertar nacional y democr\u00e1tico en los primeros a\u00f1os de la d\u00e9cada de los noventa.<\/p>\n<p><span class=\"content-ad-module  hidden-ad\"><\/p>\n<p><span class=\"content-ad visible-xs irr-container  hidden-ad\"><span class=\"ad-unit irr\"><\/p>\n<p>                <\/span><\/span><span class=\"content-html\"><span class=\"intext-xs hidden-xs hidden-md\"\/><\/span><\/span><\/p>\n<p data-gtm-element-container=\"modulo-texto-link\" class=\"paragraph\">Y, paulatinamente, a un paso casi inadvertido, Ricardo iba dejando de ser jefe y maestro de oficio, convirti\u00e9ndose en socio y amigo de infalible lealtad, mientras me preparaba para retomar la corresponsal\u00eda de<i> La Vanguardia <\/i>en Polonia, Ucrania, Lituania, Letonia hasta que finalmente, en 1989, un<i> aquelarre <\/i>de la redacci\u00f3n del diario en Pelai, 28, me consagr\u00f3 como corresponsal.<\/p>\n<p data-gtm-element-container=\"modulo-texto-link\" class=\"paragraph\">Nunca fue obst\u00e1culo entre nosotros que yo viniera de un ambiente de j\u00f3venes rebeldes anticomunistas pero con fantas\u00edas trotskistas y \u00e9l, del mundo del catolicismo militante y apost\u00f3lico. Su empat\u00eda y sabidur\u00eda venc\u00edan toda posible desconfianza, quiz\u00e1 porque siempre me ten\u00eda por \u201canima naturaliter cristiana\u201d, como me repet\u00eda en lat\u00edn, idioma que tan buen servicio le rindi\u00f3 en otras ocasiones, como durante un viaje a China cuando, a falta de lingua franca, invitaba a su interlocutor, un obispo clandestino, a fumar su Gitane: \u201c\u00bfFaciamos fumum? Ergo fumemus\u201d.<\/p>\n<p data-gtm-element-container=\"modulo-texto-link\" class=\"paragraph\">Amigos y colegas, polacos y extranjeros, no sal\u00edan de su asombro c\u00f3mo pod\u00edamos llevarnos tan bien. Pero a m\u00ed no me sorprend\u00eda.<\/p>\n<p data-gtm-element-container=\"modulo-texto-link\" class=\"paragraph\">En pleno diciembre de 1981, tras un enloquecido viaje nocturno en coche desde Viena a la nevada y g\u00e9lida Varsovia, que hab\u00eda emprendido al anunciarse el autogolpe del normal Jaruzelski contra Solidarnosc, Ricardo fue directo a mi casa al saber por una amiga m\u00eda que yo estaba detenido por distribuir folletos clandestinos contra el golpe en las f\u00e1bricas de Varsovia.<\/p>\n<p><span class=\"content-ad-module  hidden-ad\"><\/p>\n<p><span class=\"content-ad visible-xs roba-container  hidden-ad\"><span class=\"ad-unit roba\"><\/p>\n<p>                <\/span><\/span><\/span><\/p>\n<p data-gtm-element-container=\"modulo-texto-link\" class=\"paragraph\">Sin pensarlo, o sea sin saber como acabar\u00eda el trance, Ricardo corri\u00f3 a la oficina de prensa para corresponsales extranjeros para acreditarme como su colaborador e int\u00e9rprete.<\/p>\n<p><span class=\"content-subtitle \"><\/p>\n<h3 class=\"subtitle\">&#8220;La polic\u00eda comunista polaca me retir\u00f3\u00a0<br \/>el permiso para trabajar para este diario, y Ricardo se marc\u00f3 un farol en mi defensa&#8221;<\/h3>\n<p><\/span><\/p>\n<p data-gtm-element-container=\"modulo-texto-link\" class=\"paragraph\">Varios a\u00f1os m\u00e1s tarde, cuando la polic\u00eda comunista, alarmada ante los evidentes contactos de Estarriol con la Solidarnosc clandestina, me retir\u00f3 el permiso para trabajar para<i> La Vanguardia <\/i>y le ofreci\u00f3 el servicio de otros traductores de igual pericia ling\u00fc\u00edstica pero segura lealtad pol\u00edtica, Ricardo no vacil\u00f3 en marcarse un farol amenazando con la expulsi\u00f3n del corresponsal de la agencia de prensa polaca en Madrid.<\/p>\n<p data-gtm-element-container=\"modulo-texto-link\" class=\"paragraph\">No soy qui\u00e9n para saber si Ricardo disfrutar\u00e1 de la vida eterna. Ojal\u00e1. Pero de mi recuerdo y mi gratitud seguro que gozar\u00e1. Tallados en piedra.<\/p>\n<p><span class=\"content-ad-module  hidden-ad\"><\/p>\n<p><span class=\"content-ad visible-xs roba-container  hidden-ad\"><span class=\"ad-unit roba\"><\/p>\n<p>                <\/span><\/span><\/span>\n<\/div>\n<p><script type=\"script\/gg\">\ngg.didomi.doWhenConsent(!window.didomiBypass, 'c:facebooka-frU9M5JY', function () {\n!function(f,b,e,v,n,t,s)\n{if(f.fbq)return;n=f.fbq=function(){n.callMethod?\nn.callMethod.apply(n,arguments):n.queue.push(arguments)};\nif(!f._fbq)f._fbq=n;n.push=n;n.loaded=!0;n.version='2.0';\nn.queue=[];t=b.createElement(e);t.async=!0;\nt.src=v;s=b.getElementsByTagName(e)[0];\ns.parentNode.insertBefore(t,s)}(window, document,'script',\n'https:\/\/connect.facebook.net\/en_US\/fbevents.js');\nfbq('init', '161843274362284');\nfbq('track', 'PageView');\n});\n<\/script><br \/>\n<br \/><\/p>\n<p><em> &#8221; Fuentes www.lavanguardia.com &#8221; <\/em><\/p>\n","protected":false},"excerpt":{"rendered":"<p>Soy periodista porque un d\u00eda de junio de 1979 Ricardo Estarriol me oy\u00f3 hablar castellano como estudiante de Filolog\u00eda Espa\u00f1ola en la sala de prensa donde una hueste de reporteros reci\u00e9n llegados de todo el mundo tramitaban acreditaciones y contrataban a traductores para cubrir el primer viaje de Karol Wojtyla a su patria en calidad [&hellip;]<\/p>\n","protected":false},"author":4,"featured_media":128945,"comment_status":"open","ping_status":"closed","sticky":false,"template":"","format":"standard","meta":{"om_disable_all_campaigns":false,"jnews-multi-image_gallery":[],"jnews_single_post":[],"jnews_primary_category":[],"jnews_social_meta":[],"footnotes":""},"categories":[40],"tags":[],"class_list":["post-128944","post","type-post","status-publish","format-standard","has-post-thumbnail","hentry","category-industria"],"_links":{"self":[{"href":"https:\/\/dimensionturistica.com\/es\/wp-json\/wp\/v2\/posts\/128944","targetHints":{"allow":["GET"]}}],"collection":[{"href":"https:\/\/dimensionturistica.com\/es\/wp-json\/wp\/v2\/posts"}],"about":[{"href":"https:\/\/dimensionturistica.com\/es\/wp-json\/wp\/v2\/types\/post"}],"author":[{"embeddable":true,"href":"https:\/\/dimensionturistica.com\/es\/wp-json\/wp\/v2\/users\/4"}],"replies":[{"embeddable":true,"href":"https:\/\/dimensionturistica.com\/es\/wp-json\/wp\/v2\/comments?post=128944"}],"version-history":[{"count":0,"href":"https:\/\/dimensionturistica.com\/es\/wp-json\/wp\/v2\/posts\/128944\/revisions"}],"wp:featuredmedia":[{"embeddable":true,"href":"https:\/\/dimensionturistica.com\/es\/wp-json\/wp\/v2\/media\/128945"}],"wp:attachment":[{"href":"https:\/\/dimensionturistica.com\/es\/wp-json\/wp\/v2\/media?parent=128944"}],"wp:term":[{"taxonomy":"category","embeddable":true,"href":"https:\/\/dimensionturistica.com\/es\/wp-json\/wp\/v2\/categories?post=128944"},{"taxonomy":"post_tag","embeddable":true,"href":"https:\/\/dimensionturistica.com\/es\/wp-json\/wp\/v2\/tags?post=128944"}],"curies":[{"name":"wp","href":"https:\/\/api.w.org\/{rel}","templated":true}]}}