{"id":128790,"date":"2021-05-17T19:55:38","date_gmt":"2021-05-17T19:55:38","guid":{"rendered":"https:\/\/dimensionturistica.com\/es\/?p=128790"},"modified":"2021-05-17T19:55:38","modified_gmt":"2021-05-17T19:55:38","slug":"crece-demanda-de-pasajes-a-estados-unidos-porque-ecuatorianos-viajan-a-hacer-turismo-y-vacunarse-contra-el-covid-19-paquetes-promedian-los-1-300-dolares-ecuador-noticias","status":"publish","type":"post","link":"https:\/\/dimensionturistica.com\/es\/crece-demanda-de-pasajes-a-estados-unidos-porque-ecuatorianos-viajan-a-hacer-turismo-y-vacunarse-contra-el-covid-19-paquetes-promedian-los-1-300-dolares-ecuador-noticias\/","title":{"rendered":"Crece demanda de pasajes a Estados Unidos porque ecuatorianos viajan a hacer turismo y vacunarse contra el COVID-19; paquetes promedian los 1.300 d\u00f3lares | Ecuador | Noticias"},"content":{"rendered":"<p> <br \/>\n<\/p>\n<p>Datos del aeropuerto Mariscal Sucre de Quito destacan un crecimiento importante de viajeros a esa naci\u00f3n. Muchos aprovechan su desplazamiento para vacunarse.<\/p>\n<div id=\"\">\n<p class=\"prose-text\"><b>Lorena Merizalde, de 28 a\u00f1os<\/b>, retorn\u00f3 a Ecuador el pasado viernes, vacunada contra el coronavirus desde Los \u00c1ngeles, Estados Unidos.<\/p>\n<p class=\"prose-text\">Cont\u00f3 que, junto con familiares, hizo un<b> viaje de turismo<\/b>, y al realizar compras en un supermercado se invit\u00f3 a vacunarse a quienes as\u00ed lo desearan.<\/p>\n<p class=\"prose-text\">En el lugar inmunizaban con las vacunas de las empresas <b>Johnson &amp; Johnson y Moderna<\/b>. Opt\u00f3 por la primera, porque requiere solo una dosis.<\/p>\n<blockquote>\n<p class=\"text-xl italic mb-1\">Solamente nos acercamos. Hab\u00eda poca gente a la espera, porque est\u00e1n en varios Walmart; esperamos unos 15 minutos y despu\u00e9s de eso ya nos vacunaron. Tuvimos que estar a la espera de veinte minutos, y ya.<\/p>\n<p><cite class=\"text-sm italic\">Lorena Merizalde, viajera ecuatoriana<\/cite><\/p><\/blockquote>\n<p class=\"prose-text\"><b>Carla Flores, de 39 a\u00f1os<\/b>, espera aprovechar su desplazamiento a Estados Unidos para, adem\u00e1s de conocer sitios tur\u00edsticos, vacunarse contra el COVID-19.<\/p>\n<p class=\"prose-text\">Seg\u00fan la <b>Asociaci\u00f3n de Representantes de L\u00edneas A\u00e9reas del Ecuador (Arlae)<\/b>, que agrupa a unas 20 empresas, ha habido un<b> incremento de pasajeros en las \u00faltimas dos semanas hacia Estados Unidos<\/b>, lo que atribuye a un efecto medi\u00e1tico respecto a la apertura para inocular en esa naci\u00f3n.<\/p>\n<p class=\"prose-text\"><b>Marco Sub\u00eda, presidente de Arlae<\/b>, sostuvo que entre marzo y abril las ocupaciones estaban en alrededor <b>del 90%, y actualmente en casi 100%<\/b>. Considera que hubo gente que empez\u00f3 ya a viajar desde hace dos meses con el objetivo de vacunarse.<\/p>\n<blockquote>\n<p class=\"text-xl italic mb-1\">Lo que han hecho las aerol\u00edneas tambi\u00e9n es incrementar, en algunos casos, la capacidad de los aviones, e ir incrementando poco a poco tambi\u00e9n m\u00e1s frecuencias.<\/p>\n<p><cite class=\"text-sm italic\">Marco Sub\u00eda, presidente de la Arlae<\/cite><\/p><\/blockquote>\n<p class=\"prose-text\">Acerca de los <b>precios de los pasajes a\u00e9reos<\/b>, Sub\u00eda indic\u00f3 que responden a la oferta y demanda.<\/p>\n<p class=\"prose-text\">\u201cLa percepci\u00f3n es que las tarifas han subido, probablemente hayan subido algo (&#8230;); si es que la gente planifica sus viajes con tiempo, fuera de las temporadas altas, seguro va a encontrar tarifas econ\u00f3micas\u201d, acot\u00f3 Sub\u00eda.<\/p>\n<p><span class=\"pr-1 text-silver-200\"><svg xmlns=\"http:\/\/www.w3.org\/2000\/svg\" aria-hidden=\"true\" focusable=\"false\" data-prefix=\"far\" data-icon=\"link\" class=\"svg-inline--fa fa-link fa-w-16 \" role=\"img\" viewbox=\"0 0 512 512\"><path fill=\"currentColor\" d=\"M314.222 197.78c51.091 51.091 54.377 132.287 9.75 187.16-6.242 7.73-2.784 3.865-84.94 86.02-54.696 54.696-143.266 54.745-197.99 0-54.711-54.69-54.734-143.255 0-197.99 32.773-32.773 51.835-51.899 63.409-63.457 7.463-7.452 20.331-2.354 20.486 8.192a173.31 173.31 0 0 0 4.746 37.828c.966 4.029-.272 8.269-3.202 11.198L80.632 312.57c-32.755 32.775-32.887 85.892 0 118.8 32.775 32.755 85.892 32.887 118.8 0l75.19-75.2c32.718-32.725 32.777-86.013 0-118.79a83.722 83.722 0 0 0-22.814-16.229c-4.623-2.233-7.182-7.25-6.561-12.346 1.356-11.122 6.296-21.885 14.815-30.405l4.375-4.375c3.625-3.626 9.177-4.594 13.76-2.294 12.999 6.524 25.187 15.211 36.025 26.049zM470.958 41.04c-54.724-54.745-143.294-54.696-197.99 0-82.156 82.156-78.698 78.29-84.94 86.02-44.627 54.873-41.341 136.069 9.75 187.16 10.838 10.838 23.026 19.525 36.025 26.049 4.582 2.3 10.134 1.331 13.76-2.294l4.375-4.375c8.52-8.519 13.459-19.283 14.815-30.405.621-5.096-1.938-10.113-6.561-12.346a83.706 83.706 0 0 1-22.814-16.229c-32.777-32.777-32.718-86.065 0-118.79l75.19-75.2c32.908-32.887 86.025-32.755 118.8 0 32.887 32.908 32.755 86.025 0 118.8l-45.848 45.84c-2.93 2.929-4.168 7.169-3.202 11.198a173.31 173.31 0 0 1 4.746 37.828c.155 10.546 13.023 15.644 20.486 8.192 11.574-11.558 30.636-30.684 63.409-63.457 54.733-54.735 54.71-143.3-.001-197.991z\"\/><\/svg><\/span><a rel=\"nofollow noopener\" target=\"_blank\" href=\"https:\/\/www.eluniverso.com\/noticias\/internacional\/turistas-latinos-se-vacunan-contra-el-covid-19-en-miami-beach-nota\/\">Turistas latinos se vacunan en contra del coronavirus en Miami Beach<\/a><\/p>\n<p class=\"prose-text\">En el <b>aeropuerto internacional Mariscal Sucre de Quito<\/b> se nota un aumento de viajeros a Estados Unidos como primer destino.<\/p>\n<p class=\"prose-text\"><b>En enero de 2021 hubo 10.333 personas que se desplazaron a ese pa\u00eds; en febrero, 7.560; en marzo, 12.640; y en abril, 17.105 pasajeros.<\/b><\/p>\n<p class=\"prose-text\">Hay cuatro aerol\u00edneas que van a esa naci\u00f3n de forma directa.<\/p>\n<p class=\"prose-text\"><b>Luis Gal\u00e1rraga,<\/b> gerente de Comunicaci\u00f3n de la Corporaci\u00f3n Quiport, que administra esa terminal a\u00e9rea, indic\u00f3 que <b>American <\/b>Airways llega a Miami, <b>United<\/b> Airways a Houston, <b>JetBlue<\/b> a Fort Lauderdale y <b>Delta<\/b> Airways a Atlanta.<\/p>\n<blockquote>\n<p class=\"text-xl italic mb-1\">En el verano, a partir de julio, siempre sube el tr\u00e1fico, y como est\u00e1 coincidiendo adem\u00e1s el verano con este tema de las vacunas, algunas aerol\u00edneas ya nos han anunciado que van a aumentar frecuencias para esa temporada.<\/p>\n<p><cite class=\"text-sm italic\">Luis Gal\u00e1rraga, Corporaci\u00f3n Quiport<\/cite><\/p><\/blockquote>\n<p class=\"prose-text\"><b>Daniel Leng, director ejecutivo de la aerol\u00ednea Latam para Ecuador<\/b>, expres\u00f3 que en Per\u00fa, Ecuador, Colombia y Argentina hay alta demanda para vacunarse.<\/p>\n<p class=\"prose-text\">Los destinos favoritos son la Florida y Nueva York.<\/p>\n<p class=\"prose-text\">Latam en Ecuador no tiene conexi\u00f3n directa a Estados Unidos, sino que lo hace a trav\u00e9s de Lima, desde donde se triplicaron las frecuencias.<\/p>\n<p class=\"prose-text\"><b>En junio, aperturar\u00e1 una ruta a Miami<\/b> desde Guayaquil, con una escala en Bogot\u00e1.<\/p>\n<blockquote>\n<p class=\"text-xl italic mb-1\">Esta es una ruta nueva, que la hemos decidido poner a necesidad, dada la demanda explosiva que ha ocurrido por este fen\u00f3meno de vacunaci\u00f3n.<\/p>\n<p><cite class=\"text-sm italic\">Daniel Leng, ejecutivo de la aerol\u00ednea Latam<\/cite><\/p><\/blockquote>\n<p class=\"prose-text\">El ejecutivo considera que ser\u00e1 un hecho estacional por los costos altos que implica el desplazamiento.<\/p>\n<p class=\"prose-text\"><b>Jos\u00e9 Luis Egas, quien asesora a una empresa mayorista de turismo <\/b>que crea paquetes tur\u00edsticos a ser comercializados por agencias de viajes, indic\u00f3 que hay un aumento en la demanda tanto de boletos a\u00e9reos y hospedaje como de renta de veh\u00edculos en Estados Unidos.<\/p>\n<p class=\"prose-text\">Egas sostuvo que las agencias de viajes han encontrado una posibilidad de reactivar el negocio con paquetes tur\u00edsticos.<\/p>\n<p class=\"prose-text\"><b>El costo de un paquete creado recientemente a Miami est\u00e1 en alrededor de $ 1.380<\/b>. Incluye siete d\u00edas de estad\u00eda, boleto de avi\u00f3n, desayunos, traslados, <i>tour<\/i> de compras, visita a la ciudad e impuestos.<\/p>\n<p class=\"prose-text\">Analizan abrir otro a <b>Nueva York. <\/b>El alto flujo de pasajeros lo han notado desde hace aproximadamente un mes.<\/p>\n<p class=\"prose-text\">En la<b> segunda quincena de abril,<\/b> las b\u00fasquedas para Miami aumentaron 69% desde Guayaquil y 55% desde Quito, de acuerdo a una firma que mide la b\u00fasqueda de vuelos<\/p>\n<p class=\"prose-text\">En Quito hay preferencia de b\u00fasquedas por Miami, y en Guayaquil para Nueva York.<\/p>\n<p><span class=\"pr-1 text-silver-200\"><svg xmlns=\"http:\/\/www.w3.org\/2000\/svg\" aria-hidden=\"true\" focusable=\"false\" data-prefix=\"far\" data-icon=\"link\" class=\"svg-inline--fa fa-link fa-w-16 \" role=\"img\" viewbox=\"0 0 512 512\"><path fill=\"currentColor\" d=\"M314.222 197.78c51.091 51.091 54.377 132.287 9.75 187.16-6.242 7.73-2.784 3.865-84.94 86.02-54.696 54.696-143.266 54.745-197.99 0-54.711-54.69-54.734-143.255 0-197.99 32.773-32.773 51.835-51.899 63.409-63.457 7.463-7.452 20.331-2.354 20.486 8.192a173.31 173.31 0 0 0 4.746 37.828c.966 4.029-.272 8.269-3.202 11.198L80.632 312.57c-32.755 32.775-32.887 85.892 0 118.8 32.775 32.755 85.892 32.887 118.8 0l75.19-75.2c32.718-32.725 32.777-86.013 0-118.79a83.722 83.722 0 0 0-22.814-16.229c-4.623-2.233-7.182-7.25-6.561-12.346 1.356-11.122 6.296-21.885 14.815-30.405l4.375-4.375c3.625-3.626 9.177-4.594 13.76-2.294 12.999 6.524 25.187 15.211 36.025 26.049zM470.958 41.04c-54.724-54.745-143.294-54.696-197.99 0-82.156 82.156-78.698 78.29-84.94 86.02-44.627 54.873-41.341 136.069 9.75 187.16 10.838 10.838 23.026 19.525 36.025 26.049 4.582 2.3 10.134 1.331 13.76-2.294l4.375-4.375c8.52-8.519 13.459-19.283 14.815-30.405.621-5.096-1.938-10.113-6.561-12.346a83.706 83.706 0 0 1-22.814-16.229c-32.777-32.777-32.718-86.065 0-118.79l75.19-75.2c32.908-32.887 86.025-32.755 118.8 0 32.887 32.908 32.755 86.025 0 118.8l-45.848 45.84c-2.93 2.929-4.168 7.169-3.202 11.198a173.31 173.31 0 0 1 4.746 37.828c.155 10.546 13.023 15.644 20.486 8.192 11.574-11.558 30.636-30.684 63.409-63.457 54.733-54.735 54.71-143.3-.001-197.991z\"\/><\/svg><\/span><a rel=\"nofollow noopener\" target=\"_blank\" href=\"https:\/\/www.eluniverso.com\/noticias\/ecuador\/entre-4-y-1850-cuestan-las-vacunas-en-contra-del-coronavirus-que-se-aplican-en-ecuador-actualmente-nota\/\">En Ecuador los precios de las vacunas que se administran van entre $4 y $18.50, seg\u00fan el Ministerio de Salud<\/a><\/p>\n<p class=\"prose-text\"><b>Andr\u00e9s Ortiz se vacun\u00f3 en Miami <\/b>aprovechando un viaje de turismo.<\/p>\n<p class=\"prose-text\">Cont\u00f3 que se baj\u00f3 una <b>aplicaci\u00f3n de una farmacia<\/b>, se registr\u00f3, escogi\u00f3 el tipo de vacuna, el sitio, fecha y hora.<\/p>\n<p class=\"prose-text\">En el momento de vacunarse present\u00f3 documentaci\u00f3n donde constaba su nombre. \u00c9l escogi\u00f3 la de Pfizer. Recibi\u00f3 un carn\u00e9 de vacunaci\u00f3n. El proceso fue gratuito.<\/p>\n<p class=\"prose-text\">Hay otros lugares en los que, tras <b>escanear un c\u00f3digo QR<\/b>, se agenda la cita en lugares p\u00fablicos.<\/p>\n<p><span class=\"pr-1 text-silver-200\"><svg xmlns=\"http:\/\/www.w3.org\/2000\/svg\" aria-hidden=\"true\" focusable=\"false\" data-prefix=\"far\" data-icon=\"link\" class=\"svg-inline--fa fa-link fa-w-16 \" role=\"img\" viewbox=\"0 0 512 512\"><path fill=\"currentColor\" d=\"M314.222 197.78c51.091 51.091 54.377 132.287 9.75 187.16-6.242 7.73-2.784 3.865-84.94 86.02-54.696 54.696-143.266 54.745-197.99 0-54.711-54.69-54.734-143.255 0-197.99 32.773-32.773 51.835-51.899 63.409-63.457 7.463-7.452 20.331-2.354 20.486 8.192a173.31 173.31 0 0 0 4.746 37.828c.966 4.029-.272 8.269-3.202 11.198L80.632 312.57c-32.755 32.775-32.887 85.892 0 118.8 32.775 32.755 85.892 32.887 118.8 0l75.19-75.2c32.718-32.725 32.777-86.013 0-118.79a83.722 83.722 0 0 0-22.814-16.229c-4.623-2.233-7.182-7.25-6.561-12.346 1.356-11.122 6.296-21.885 14.815-30.405l4.375-4.375c3.625-3.626 9.177-4.594 13.76-2.294 12.999 6.524 25.187 15.211 36.025 26.049zM470.958 41.04c-54.724-54.745-143.294-54.696-197.99 0-82.156 82.156-78.698 78.29-84.94 86.02-44.627 54.873-41.341 136.069 9.75 187.16 10.838 10.838 23.026 19.525 36.025 26.049 4.582 2.3 10.134 1.331 13.76-2.294l4.375-4.375c8.52-8.519 13.459-19.283 14.815-30.405.621-5.096-1.938-10.113-6.561-12.346a83.706 83.706 0 0 1-22.814-16.229c-32.777-32.777-32.718-86.065 0-118.79l75.19-75.2c32.908-32.887 86.025-32.755 118.8 0 32.887 32.908 32.755 86.025 0 118.8l-45.848 45.84c-2.93 2.929-4.168 7.169-3.202 11.198a173.31 173.31 0 0 1 4.746 37.828c.155 10.546 13.023 15.644 20.486 8.192 11.574-11.558 30.636-30.684 63.409-63.457 54.733-54.735 54.71-143.3-.001-197.991z\"\/><\/svg><\/span><a rel=\"nofollow noopener\" target=\"_blank\" href=\"https:\/\/www.eluniverso.com\/guayaquil\/comunidad\/ministro-asegura-que-falta-vacunar-a-250000-adultos-mayores-y-a-2000-profesionales-de-la-salud-plan-tiene-retrasos-nota\/\">El plan de vacunaci\u00f3n en contra del coronavirus en Ecuador marcha con retraso<\/a><\/p>\n<p class=\"prose-text\"><b>Andrea G\u00f3mez, m\u00e9dica salubrista y epidemi\u00f3loga<\/b>, expres\u00f3 que las <b>vacunas aprobadas<\/b>, ya sea por emergencia o aprobadas en diferentes pa\u00edses, han mostrado <b>seguridad y eficacia<\/b> para evitar la enfermedad grave y la mortalidad.<\/p>\n<p class=\"prose-text\">G\u00f3mez expres\u00f3 que, por<b> la forma en la que se ha venido vacunando<\/b>, probablemente las personas m\u00e1s j\u00f3venes no accedan a la vacuna de manera temprana y buscan una soluci\u00f3n que, a su criterio, podr\u00eda ser moralmente criticable.<\/p>\n<blockquote>\n<p class=\"text-xl italic mb-1\">Seguimos aumentando esta brecha de inequidad dentro del pa\u00eds, que quienes tienen dinero y la posibilidad de viajar y vacunarse, lo hacen; pero quienes no, siguen esperando.<\/p>\n<p><cite class=\"text-sm italic\">Andrea G\u00f3mez, m\u00e9dica salubrista y epidemi\u00f3loga<\/cite><\/p><\/blockquote>\n<p class=\"prose-text\">Por ello, <b>G\u00f3mez<\/b> espera que el<b> proceso de vacunaci\u00f3n <\/b>se organice adecuadamente en Ecuador.<\/p>\n<\/div>\n\n<p><em> &#8221; Fuentes www.eluniverso.com &#8221; <\/em><\/p>\n","protected":false},"excerpt":{"rendered":"<p>Datos del aeropuerto Mariscal Sucre de Quito destacan un crecimiento importante de viajeros a esa naci\u00f3n. Muchos aprovechan su desplazamiento para vacunarse. Lorena Merizalde, de 28 a\u00f1os, retorn\u00f3 a Ecuador el pasado viernes, vacunada contra el coronavirus desde Los \u00c1ngeles, Estados Unidos. Cont\u00f3 que, junto con familiares, hizo un viaje de turismo, y al realizar [&hellip;]<\/p>\n","protected":false},"author":4,"featured_media":128791,"comment_status":"open","ping_status":"closed","sticky":false,"template":"","format":"standard","meta":{"om_disable_all_campaigns":false,"jnews-multi-image_gallery":[],"jnews_single_post":[],"jnews_primary_category":[],"jnews_social_meta":[],"footnotes":""},"categories":[40],"tags":[],"class_list":["post-128790","post","type-post","status-publish","format-standard","has-post-thumbnail","hentry","category-industria"],"_links":{"self":[{"href":"https:\/\/dimensionturistica.com\/es\/wp-json\/wp\/v2\/posts\/128790","targetHints":{"allow":["GET"]}}],"collection":[{"href":"https:\/\/dimensionturistica.com\/es\/wp-json\/wp\/v2\/posts"}],"about":[{"href":"https:\/\/dimensionturistica.com\/es\/wp-json\/wp\/v2\/types\/post"}],"author":[{"embeddable":true,"href":"https:\/\/dimensionturistica.com\/es\/wp-json\/wp\/v2\/users\/4"}],"replies":[{"embeddable":true,"href":"https:\/\/dimensionturistica.com\/es\/wp-json\/wp\/v2\/comments?post=128790"}],"version-history":[{"count":0,"href":"https:\/\/dimensionturistica.com\/es\/wp-json\/wp\/v2\/posts\/128790\/revisions"}],"wp:featuredmedia":[{"embeddable":true,"href":"https:\/\/dimensionturistica.com\/es\/wp-json\/wp\/v2\/media\/128791"}],"wp:attachment":[{"href":"https:\/\/dimensionturistica.com\/es\/wp-json\/wp\/v2\/media?parent=128790"}],"wp:term":[{"taxonomy":"category","embeddable":true,"href":"https:\/\/dimensionturistica.com\/es\/wp-json\/wp\/v2\/categories?post=128790"},{"taxonomy":"post_tag","embeddable":true,"href":"https:\/\/dimensionturistica.com\/es\/wp-json\/wp\/v2\/tags?post=128790"}],"curies":[{"name":"wp","href":"https:\/\/api.w.org\/{rel}","templated":true}]}}