{"id":128769,"date":"2021-05-17T19:31:02","date_gmt":"2021-05-17T19:31:02","guid":{"rendered":"https:\/\/dimensionturistica.com\/es\/?p=128769"},"modified":"2021-05-17T19:31:02","modified_gmt":"2021-05-17T19:31:02","slug":"la-rioja-presenta-en-fitur-el-plan-de-sostenibilidad-turistica-de-ezcaray-y-valdezcaray-radio-haro-cadena-ser","status":"publish","type":"post","link":"https:\/\/dimensionturistica.com\/es\/la-rioja-presenta-en-fitur-el-plan-de-sostenibilidad-turistica-de-ezcaray-y-valdezcaray-radio-haro-cadena-ser\/","title":{"rendered":"La Rioja presenta en FITUR el Plan de Sostenibilidad tur\u00edstica de Ezcaray y Valdezcaray \u2013 Radio Haro \u2013 Cadena Ser."},"content":{"rendered":"<p> <br \/>\n<\/p>\n<div><head><meta charset=\"UTF-8\"\/><meta name=\"viewport\" content=\"width=device-width, initial-scale=1\"\/><meta http-equiv=\"Content-Type\" content=\"text\/html; charset=UTF-8\"\/><link rel=\"pingback\" href=\"https:\/\/www.radioharo.com\/xmlrpc.php\"\/>  <title>La Rioja presenta en FITUR el Plan de Sostenibilidad tur\u00edstica de Ezcaray y Valdezcaray \u2013 Radio Haro \u2013 Cadena Ser.<\/title><link rel=\"dns-prefetch\" href=\"https:\/\/ajax.googleapis.com\"\/><link rel=\"dns-prefetch\" href=\"https:\/\/code.jquery.com\"\/><link rel=\"dns-prefetch\" href=\"https:\/\/fonts.googleapis.com\"\/><link rel=\"alternate\" type=\"application\/rss+xml\" title=\"Radio Haro - Cadena Ser. \u00bb Feed\" href=\"https:\/\/www.radioharo.com\/feed\/\"\/><link rel=\"alternate\" type=\"application\/rss+xml\" title=\"Radio Haro - Cadena Ser. \u00bb Feed de los comentarios\" href=\"https:\/\/www.radioharo.com\/comments\/feed\/\"\/><link rel=\"alternate\" type=\"application\/rss+xml\" title=\"Radio Haro - Cadena Ser. \u00bb Comentario La Rioja presenta en FITUR el Plan de Sostenibilidad tur\u00edstica de Ezcaray y Valdezcaray del feed\" href=\"https:\/\/www.radioharo.com\/2021\/05\/17\/la-rioja-presenta-en-fitur-el-plan-de-sostenibilidad-turistica-de-ezcaray-y-valdezcaray\/feed\/\"\/><meta property=\"og:title\" content=\"La Rioja presenta en FITUR el Plan de Sostenibilidad tur\u00edstica de Ezcaray y Valdezcaray\"\/><meta property=\"og:type\" content=\"article\"\/><meta property=\"og:url\" content=\"https:\/\/www.radioharo.com\/2021\/05\/17\/la-rioja-presenta-en-fitur-el-plan-de-sostenibilidad-turistica-de-ezcaray-y-valdezcaray\/\"\/><meta property=\"og:site_name\" content=\"Radio Haro - Cadena Ser.\"\/><meta property=\"og:image\" content=\"https:\/\/www.radioharo.com\/wp-content\/uploads\/2021\/05\/Stand-LRT.jpg\"\/>   <!-- <link\nrel=\"stylesheet\" id='wp-block-library-css'  href=\"https:\/\/www.radioharo.com\/wp-includes\/css\/dist\/block-library\/style.min.css?ver=5.4.6\" type=\"text\/css\" media=\"all\" \/> --><!-- <link\nrel=\"stylesheet\" id='ap-fileuploader-animation-css'  href=\"https:\/\/www.radioharo.com\/wp-content\/plugins\/accesspress-anonymous-post-pro\/css\/loading-animation.css?ver=5.4.6\" type=\"text\/css\" media=\"all\" \/> --><!-- <link\nrel=\"stylesheet\" id='ap-fileuploader-css'  href=\"https:\/\/www.radioharo.com\/wp-content\/plugins\/accesspress-anonymous-post-pro\/css\/fileuploader.css?ver=5.4.6\" type=\"text\/css\" media=\"all\" \/> -->\n<link rel=\"stylesheet\" type=\"text\/css\" href=\"https:\/\/www.radioharo.com\/wp-content\/cache\/wpfc-minified\/szv0k4e\/b0yk.css\" media=\"all\"\/><link rel=\"stylesheet\" id=\"ap-jquery-ui-style-css\" href=\"https:\/\/ajax.googleapis.com\/ajax\/libs\/jqueryui\/1.8.2\/themes\/smoothness\/jquery-ui.css?ver=5.4.6\" type=\"text\/css\" media=\"all\"\/><!-- <link\nrel=\"stylesheet\" id='ap-tagit-styles-css'  href=\"https:\/\/www.radioharo.com\/wp-content\/plugins\/accesspress-anonymous-post-pro\/css\/jquery.tagit.css?ver=5.4.6\" type=\"text\/css\" media=\"all\" \/> --><!-- <link\nrel=\"stylesheet\" id='ap-tagit-ui-styles-css'  href=\"https:\/\/www.radioharo.com\/wp-content\/plugins\/accesspress-anonymous-post-pro\/css\/tagit.ui-zendesk.css?ver=5.4.6\" type=\"text\/css\" media=\"all\" \/> --><!-- <link\nrel=\"stylesheet\" id='ap-front-styles-css'  href=\"https:\/\/www.radioharo.com\/wp-content\/plugins\/accesspress-anonymous-post-pro\/css\/frontend-style.css?ver=3.2.0\" type=\"text\/css\" media=\"all\" \/> --><!-- <link\nrel=\"stylesheet\" id='ap-lightbox-css-css'  href=\"https:\/\/www.radioharo.com\/wp-content\/plugins\/accesspress-anonymous-post-pro\/lightbox\/css\/lightbox.css?ver=3.2.0\" type=\"text\/css\" media=\"all\" \/> --><!-- <link\nrel=\"stylesheet\" id='contact-form-7-css'  href=\"https:\/\/www.radioharo.com\/wp-content\/plugins\/contact-form-7\/includes\/css\/styles.css?ver=5.3.2\" type=\"text\/css\" media=\"all\" \/> --><!-- <link\nrel=\"stylesheet\" id='dw-reaction-style-css'  href=\"https:\/\/www.radioharo.com\/wp-content\/plugins\/dw-reactions\/assets\/css\/style.css?ver=120004042016\" type=\"text\/css\" media=\"all\" \/> --><!-- <link\nrel=\"stylesheet\" id='font-awesome-four-css'  href=\"https:\/\/www.radioharo.com\/wp-content\/plugins\/font-awesome-4-menus\/css\/font-awesome.min.css?ver=4.7.0\" type=\"text\/css\" media=\"all\" \/> --><!-- <link\nrel=\"stylesheet\" id='bkswcss-css'  href=\"https:\/\/www.radioharo.com\/wp-content\/plugins\/short-code\/css\/shortcode.css?ver=5.4.6\" type=\"text\/css\" media=\"all\" \/> --><!-- <link\nrel=\"stylesheet\" id='wp-polls-css'  href=\"https:\/\/www.radioharo.com\/wp-content\/plugins\/wp-polls\/polls-css.css?ver=2.75.6\" type=\"text\/css\" media=\"all\" \/> -->\n<link rel=\"stylesheet\" type=\"text\/css\" href=\"https:\/\/www.radioharo.com\/wp-content\/cache\/wpfc-minified\/6zcw7h3z\/4b8ef.css\" media=\"all\"\/><link rel=\"stylesheet\" id=\"jquery-core-css-css\" href=\"https:\/\/code.jquery.com\/ui\/1.11.4\/themes\/smoothness\/jquery-ui.css?ver=5.4.6\" type=\"text\/css\" media=\"all\"\/><!-- <link\nrel=\"stylesheet\" id='bootstrap-css-css'  href=\"https:\/\/www.radioharo.com\/wp-content\/themes\/radioharo\/framework\/bootstrap\/css\/bootstrap.css?ver=5.4.6\" type=\"text\/css\" media=\"all\" \/> --><!-- <link\nrel=\"stylesheet\" id='fa-css'  href=\"https:\/\/www.radioharo.com\/wp-content\/themes\/radioharo\/css\/fonts\/awesome-fonts\/css\/font-awesome.min.css?ver=5.4.6\" type=\"text\/css\" media=\"all\" \/> --><!-- <link\nrel=\"stylesheet\" id='gloria-theme-plugins-css'  href=\"https:\/\/www.radioharo.com\/wp-content\/themes\/radioharo\/css\/theme_plugins.css?ver=5.4.6\" type=\"text\/css\" media=\"all\" \/> --><!-- <link\nrel=\"stylesheet\" id='gloria-style-css'  href=\"https:\/\/www.radioharo.com\/wp-content\/themes\/radioharo\/css\/bkstyle.css?ver=5.4.6\" type=\"text\/css\" media=\"all\" \/> --><!-- <link\nrel=\"stylesheet\" id='gloria-woocommerce-css'  href=\"https:\/\/www.radioharo.com\/wp-content\/themes\/radioharo\/css\/woocommerce_css\/woocommerce.css?ver=5.4.6\" type=\"text\/css\" media=\"all\" \/> --><!-- <link\nrel=\"stylesheet\" id='gloria-bbpress-css'  href=\"https:\/\/www.radioharo.com\/wp-content\/themes\/radioharo\/css\/bbpress_css\/bbpress.css?ver=5.4.6\" type=\"text\/css\" media=\"all\" \/> --><!-- <link\nrel=\"stylesheet\" id='gloria-responsive-css'  href=\"https:\/\/www.radioharo.com\/wp-content\/themes\/radioharo\/css\/responsive.css?ver=5.4.6\" type=\"text\/css\" media=\"all\" \/> --><!-- <link\nrel=\"stylesheet\" id='gloria-wpstyle-css'  href=\"https:\/\/www.radioharo.com\/wp-content\/themes\/radioharo\/style.css?ver=5.4.6\" type=\"text\/css\" media=\"all\" \/> --><!-- <link\nrel=\"stylesheet\" id='upw_theme_standard-css'  href=\"https:\/\/www.radioharo.com\/wp-content\/plugins\/ultimate-posts-widget\/css\/upw-theme-standard.min.css?ver=5.4.6\" type=\"text\/css\" media=\"all\" \/> --><!-- <link\nrel=\"stylesheet\" id='cookie-notice-front-css'  href=\"https:\/\/www.radioharo.com\/wp-content\/plugins\/cookie-notice\/includes\/..\/css\/front.min.css?ver=5.4.6\" type=\"text\/css\" media=\"all\" \/> --><!-- <link\nrel=\"stylesheet\" id='addtoany-css'  href=\"https:\/\/www.radioharo.com\/wp-content\/plugins\/add-to-any\/addtoany.min.css?ver=1.15\" type=\"text\/css\" media=\"all\" \/> -->\n<link rel=\"stylesheet\" type=\"text\/css\" href=\"https:\/\/www.radioharo.com\/wp-content\/cache\/wpfc-minified\/kcx5m7jh\/4b9ca.css\" media=\"all\"\/><link rel=\"stylesheet\" id=\"redux-google-fonts-gloria_option-css\" href=\"https:\/\/fonts.googleapis.com\/css?family=Open+Sans%3A300%2C400%2C600%2C700%2C800%2C300italic%2C400italic%2C600italic%2C700italic%2C800italic%7CArchivo+Narrow%3A400%2C500%2C600%2C700%2C400italic%2C500italic%2C600italic%2C700italic%7CRoboto+Slab%3A100%2C300%2C400%2C700&amp;subset=latin&amp;ver=1620641307\" type=\"text\/css\" media=\"all\"\/>\n<!--  --> <!--  --> <!--  --><br \/>\n<!--  --> <!--  --> <!--  --> <!--  --> <!--  --> <!--  --><br \/>\n<!--  --> <!--  --><br \/>\n<!--  --><br \/>\n<!--  --><br \/>\n<!--  --> <link rel=\"https:\/\/api.w.org\/\" href=\"https:\/\/www.radioharo.com\/wp-json\/\"\/><link rel=\"EditURI\" type=\"application\/rsd+xml\" title=\"RSD\" href=\"https:\/\/www.radioharo.com\/xmlrpc.php?rsd\"\/><link rel=\"wlwmanifest\" type=\"application\/wlwmanifest+xml\" href=\"https:\/\/www.radioharo.com\/wp-includes\/wlwmanifest.xml\"\/><link rel=\"prev\" title=\"IU insta al Ayuntamiento de Santo Domingo a iniciar el procedimiento administrativo para declarar la `Encina de la Ciudad\u00b4 como `\u00c1rbol Singular de La Rioja\u00b4\" href=\"https:\/\/www.radioharo.com\/2021\/05\/17\/iu-insta-al-ayuntamiento-de-santo-domingo-a-iniciar-el-procedimiento-administrativo-para-declarar-la-encina-de-la-ciud-como-arbol-singular-de-la-rioja\/\"\/><meta name=\"generator\" content=\"WordPress 5.4.6\"\/><link rel=\"canonical\" href=\"https:\/\/www.radioharo.com\/2021\/05\/17\/la-rioja-presenta-en-fitur-el-plan-de-sostenibilidad-turistica-de-ezcaray-y-valdezcaray\/\"\/><link rel=\"shortlink\" href=\"https:\/\/www.radioharo.com\/?p=146835\"\/><link rel=\"alternate\" type=\"application\/json+oembed\" href=\"https:\/\/www.radioharo.com\/wp-json\/oembed\/1.0\/embed?url=https%3A%2F%2Fwww.radioharo.com%2F2021%2F05%2F17%2Fla-rioja-presenta-en-fitur-el-plan-de-sostenibilidad-turistica-de-ezcaray-y-valdezcaray%2F\"\/><link rel=\"alternate\" type=\"text\/xml+oembed\" href=\"https:\/\/www.radioharo.com\/wp-json\/oembed\/1.0\/embed?url=https%3A%2F%2Fwww.radioharo.com%2F2021%2F05%2F17%2Fla-rioja-presenta-en-fitur-el-plan-de-sostenibilidad-turistica-de-ezcaray-y-valdezcaray%2F&amp;format=xml\"\/>    <meta name=\"generator\" content=\"Powered by WPBakery Page Builder - drag and drop page builder for WordPress.\"\/><link rel=\"icon\" href=\"https:\/\/www.radioharo.com\/wp-content\/uploads\/2016\/12\/cropped-logo2-32x32.png\" sizes=\"32x32\"\/><link rel=\"icon\" href=\"https:\/\/www.radioharo.com\/wp-content\/uploads\/2016\/12\/cropped-logo2-192x192.png\" sizes=\"192x192\"\/><link rel=\"apple-touch-icon\" href=\"https:\/\/www.radioharo.com\/wp-content\/uploads\/2016\/12\/cropped-logo2-180x180.png\"\/><meta name=\"msapplication-TileImage\" content=\"https:\/\/www.radioharo.com\/wp-content\/uploads\/2016\/12\/cropped-logo2-270x270.png\"\/><noscript\/><\/head><body data-rsssl=\"1\" class=\"post-template-default single single-post postid-146835 single-format-standard cookies-not-set wpb-js-composer js-comp-ver-6.2.0 vc_responsive\" id=\"wp_automatic_ReadabilityBody\">                    <\/p>\n<div id=\"cookie-notice\" role=\"banner\" class=\"cookie-notice-hidden cookie-revoke-hidden cn-position-bottom\" aria-label=\"Cookie Notice\" style=\"background-color: rgba(0,0,0,1);\">\n<div class=\"cookie-notice-container\" style=\"color: #fff;\"><span id=\"cn-notice-text\" class=\"cn-text-container\">Utilizamos cookies propias y de terceros para asegurar que damos la mejor experiencia al usuario en nuestro sitio net. Si contin\u00faa utilizando este sitio asumiremos que est\u00e1 de acuerdo.<\/span><span id=\"cn-notice-buttons\" class=\"cn-buttons-container\"><a rel=\"nofollow noopener\" target=\"_blank\" href=\"https:\/\/www.radioharo.com\/2021\/05\/17\/la-rioja-presenta-en-fitur-el-plan-de-sostenibilidad-turistica-de-ezcaray-y-valdezcaray\/#\" id=\"cn-accept-cookie\" data-cookie-set=\"accept\" class=\"cn-set-cookie cn-button button\" aria-label=\"Aceptar\">Aceptar<\/a><a rel=\"nofollow noopener\" target=\"_blank\" href=\"https:\/\/www.radioharo.com\/politica-de-cookies\/\" id=\"cn-more-info\" class=\"cn-more-info cn-button button\" aria-label=\"Leer m\u00e1s\">Leer m\u00e1s<\/a><\/span><a rel=\"nofollow noopener\" target=\"_blank\" href=\"https:\/\/www.radioharo.com\/2021\/05\/17\/la-rioja-presenta-en-fitur-el-plan-de-sostenibilidad-turistica-de-ezcaray-y-valdezcaray\/javascript:void(0);\" id=\"cn-close-notice\" data-cookie-set=\"accept\" class=\"cn-close-icon\" aria-label=\"Aceptar\"><\/div>\n<\/div>\n<p><\/body><\/div>\n\n<p><em> &#8221; Fuentes www.radioharo.com &#8221; <\/em><\/p>\n","protected":false},"excerpt":{"rendered":"<p>La Rioja presenta en FITUR el Plan de Sostenibilidad tur\u00edstica de Ezcaray y Valdezcaray \u2013 Radio Haro \u2013 Cadena Ser. Utilizamos cookies propias y de terceros para asegurar que damos la mejor experiencia al usuario en nuestro sitio net. Si contin\u00faa utilizando este sitio asumiremos que est\u00e1 de acuerdo.AceptarLeer m\u00e1s &#8221; Fuentes www.radioharo.com &#8221;<\/p>\n","protected":false},"author":4,"featured_media":128770,"comment_status":"open","ping_status":"closed","sticky":false,"template":"","format":"standard","meta":{"om_disable_all_campaigns":false,"jnews-multi-image_gallery":[],"jnews_single_post":[],"jnews_primary_category":[],"jnews_social_meta":[],"footnotes":""},"categories":[40],"tags":[],"class_list":["post-128769","post","type-post","status-publish","format-standard","has-post-thumbnail","hentry","category-industria"],"_links":{"self":[{"href":"https:\/\/dimensionturistica.com\/es\/wp-json\/wp\/v2\/posts\/128769","targetHints":{"allow":["GET"]}}],"collection":[{"href":"https:\/\/dimensionturistica.com\/es\/wp-json\/wp\/v2\/posts"}],"about":[{"href":"https:\/\/dimensionturistica.com\/es\/wp-json\/wp\/v2\/types\/post"}],"author":[{"embeddable":true,"href":"https:\/\/dimensionturistica.com\/es\/wp-json\/wp\/v2\/users\/4"}],"replies":[{"embeddable":true,"href":"https:\/\/dimensionturistica.com\/es\/wp-json\/wp\/v2\/comments?post=128769"}],"version-history":[{"count":0,"href":"https:\/\/dimensionturistica.com\/es\/wp-json\/wp\/v2\/posts\/128769\/revisions"}],"wp:featuredmedia":[{"embeddable":true,"href":"https:\/\/dimensionturistica.com\/es\/wp-json\/wp\/v2\/media\/128770"}],"wp:attachment":[{"href":"https:\/\/dimensionturistica.com\/es\/wp-json\/wp\/v2\/media?parent=128769"}],"wp:term":[{"taxonomy":"category","embeddable":true,"href":"https:\/\/dimensionturistica.com\/es\/wp-json\/wp\/v2\/categories?post=128769"},{"taxonomy":"post_tag","embeddable":true,"href":"https:\/\/dimensionturistica.com\/es\/wp-json\/wp\/v2\/tags?post=128769"}],"curies":[{"name":"wp","href":"https:\/\/api.w.org\/{rel}","templated":true}]}}