{"id":128722,"date":"2021-05-17T18:04:39","date_gmt":"2021-05-17T18:04:39","guid":{"rendered":"https:\/\/dimensionturistica.com\/es\/?p=128722"},"modified":"2021-05-17T18:04:40","modified_gmt":"2021-05-17T18:04:40","slug":"regresan-turistas-britanicos-a-las-playas-de-portugal","status":"publish","type":"post","link":"https:\/\/dimensionturistica.com\/es\/regresan-turistas-britanicos-a-las-playas-de-portugal\/","title":{"rendered":"Regresan turistas brit\u00e1nicos a las playas de Portugal"},"content":{"rendered":"<p> <br \/>\n<\/p>\n<div>\n<p class=\"paragraph\">LISBOA (AP) \u2014 Los vacacionistas brit\u00e1nicos empezaron a llegar en grandes cantidades al sur de Portugal el lunes, por primera vez en m\u00e1s de un a\u00f1o, despu\u00e9s de que los gobiernos de ambos pa\u00edses relajaron sus restricciones de viaje por la pandemia de COVID-19.<\/p>\n<p class=\"paragraph\">Un avi\u00f3n proveniente de Manchester, Inglaterra, arroj\u00f3 a los primeros de m\u00e1s de 5.000 turistas que se espera lleguen en 17 vuelos de Reino Unido a la regi\u00f3n Algarve del sur de Portugal durante el primer d\u00eda en que los viajes no esenciales son permitidos.<\/p>\n<p><span data-error=\"No dfp-path found.\"\/><\/p>\n<p class=\"paragraph\">Mientras la temperatura ascend\u00eda a unos 32 grados cent\u00edgrados (90 Fahrenheit), los turistas eran recibidos en el aeropuerto Faro con kits de bienvenida contra el COVID-19 que contienen mascarillas y desinfectante.<\/p>\n<p class=\"paragraph\">Los arribos iluminaron el panorama del sector tur\u00edstico portugu\u00e9s, que es essential para el pa\u00eds, en especial los centros vacacionales de sol y surf en las playas de Algarve, el cual depende enormemente del mercado brit\u00e1nico y donde los hoteles permanecieron cerrados la mayor parte del \u00faltimo a\u00f1o.<\/p>\n<p><span data-error=\"No dfp-path found.\"\/><\/p>\n<p class=\"paragraph\">A su llegada, los turistas deben mostrar un resultado negativo de una prueba PCR para COVID-19 realizada m\u00e1ximo 72 horas antes.<\/p>\n<p class=\"paragraph\">Tanto Portugal como el Reino Unido han tenido una disminuci\u00f3n en el promedio de nuevos casos de COVID-19 para un periodo de siete d\u00edas a entre tres o cuatro por cada 100.000 habitantes. Las autoridades indican que ese \u00edndice es lo suficientemente bajo como para relajar las restricciones.<\/p>\n<p class=\"paragraph\">El s\u00e1bado, el gobierno luso anunci\u00f3 que las personas provenientes de otros pa\u00edses con \u00edndices de incidencia de COVID-19 por debajo de los 500 casos por cada 100.000 habitantes en un periodo de 14 d\u00edas pueden ahora realizar viajes no esenciales a Portugal. Eso significa que la mayor\u00eda de los europeos puede visitar el pa\u00eds mostrando una prueba negativa de coronavirus.<\/p>\n<p><span data-error=\"No dfp-path found.\"\/><\/p>\n<p class=\"paragraph\">Las autoridades brit\u00e1nicas colocaron a Portugal y a otros 11 pa\u00edses en una Lista Verde de territorios de bajo riesgo. Los brit\u00e1nicos que regresen a casa de esas \u00e1reas no necesitan ponerse en cuarentena.<\/p>\n<\/div>\n<p><script defer=\"\">!function(f,b,e,v,n,t,s) {if(f.fbq)return;n=f.fbq=function(){n.callMethod? n.callMethod.apply(n,arguments):n.queue.push(arguments)}; if(!f._fbq)f._fbq=n;n.push=n;n.loaded=!0;n.version='2.0'; n.queue=[];t=b.createElement(e);t.async=!0; t.src=v;s=b.getElementsByTagName(e)[0]; s.parentNode.insertBefore(t,s)}(window, document,'script', 'https:\/\/connect.facebook.net\/en_US\/fbevents.js'); fbq('init', '336383993555320'); fbq('track', 'PageView'); fbq('track', 'ViewContent');<\/script><br \/>\n<br \/><\/p>\n<p><em> &#8221; Fuentes www.infobae.com &#8221; <\/em><\/p>\n","protected":false},"excerpt":{"rendered":"<p>LISBOA (AP) \u2014 Los vacacionistas brit\u00e1nicos empezaron a llegar en grandes cantidades al sur de Portugal el lunes, por primera vez en m\u00e1s de un a\u00f1o, despu\u00e9s de que los gobiernos de ambos pa\u00edses relajaron sus restricciones de viaje por la pandemia de COVID-19. Un avi\u00f3n proveniente de Manchester, Inglaterra, arroj\u00f3 a los primeros de [&hellip;]<\/p>\n","protected":false},"author":4,"featured_media":128723,"comment_status":"open","ping_status":"closed","sticky":false,"template":"","format":"standard","meta":{"om_disable_all_campaigns":false,"jnews-multi-image_gallery":[],"jnews_single_post":[],"jnews_primary_category":[],"jnews_social_meta":[],"footnotes":""},"categories":[40],"tags":[],"class_list":["post-128722","post","type-post","status-publish","format-standard","has-post-thumbnail","hentry","category-industria"],"_links":{"self":[{"href":"https:\/\/dimensionturistica.com\/es\/wp-json\/wp\/v2\/posts\/128722","targetHints":{"allow":["GET"]}}],"collection":[{"href":"https:\/\/dimensionturistica.com\/es\/wp-json\/wp\/v2\/posts"}],"about":[{"href":"https:\/\/dimensionturistica.com\/es\/wp-json\/wp\/v2\/types\/post"}],"author":[{"embeddable":true,"href":"https:\/\/dimensionturistica.com\/es\/wp-json\/wp\/v2\/users\/4"}],"replies":[{"embeddable":true,"href":"https:\/\/dimensionturistica.com\/es\/wp-json\/wp\/v2\/comments?post=128722"}],"version-history":[{"count":0,"href":"https:\/\/dimensionturistica.com\/es\/wp-json\/wp\/v2\/posts\/128722\/revisions"}],"wp:featuredmedia":[{"embeddable":true,"href":"https:\/\/dimensionturistica.com\/es\/wp-json\/wp\/v2\/media\/128723"}],"wp:attachment":[{"href":"https:\/\/dimensionturistica.com\/es\/wp-json\/wp\/v2\/media?parent=128722"}],"wp:term":[{"taxonomy":"category","embeddable":true,"href":"https:\/\/dimensionturistica.com\/es\/wp-json\/wp\/v2\/categories?post=128722"},{"taxonomy":"post_tag","embeddable":true,"href":"https:\/\/dimensionturistica.com\/es\/wp-json\/wp\/v2\/tags?post=128722"}],"curies":[{"name":"wp","href":"https:\/\/api.w.org\/{rel}","templated":true}]}}