{"id":128706,"date":"2021-05-17T17:37:39","date_gmt":"2021-05-17T17:37:39","guid":{"rendered":"https:\/\/dimensionturistica.com\/es\/?p=128706"},"modified":"2021-05-17T17:37:40","modified_gmt":"2021-05-17T17:37:40","slug":"el-turismo-argentino-se-une-con-el-objetivo-puesto-en-la-reconstruccion","status":"publish","type":"post","link":"https:\/\/dimensionturistica.com\/es\/el-turismo-argentino-se-une-con-el-objetivo-puesto-en-la-reconstruccion\/","title":{"rendered":"El turismo argentino se une con el objetivo puesto en la reconstrucci\u00f3n"},"content":{"rendered":"<p> <br \/>\n<\/p>\n<div id=\"\">Resurgir bajo nuevos conceptos y con innovadoras propuestas y atractivos que se ajusten a la nueva normalidad del mundo pospandemia. Esa es la premisa que gu\u00eda a la industria del turismo en nuestro pa\u00eds, tras haber tenido en 2020 la disaster m\u00e1s profunda de su historia. Estos conceptos quedaron plasmados este mi\u00e9rcoles en el acto inaugural del Congreso Internacional de Turismo Argentino (CITA 2021), organizado por la C\u00e1mara Argentina de Turismo (CAT) con el acompa\u00f1amiento del Consejo Federal del Turismo (CFT), el Instituto Nacional de Promoci\u00f3n Tur\u00edstica (Inprotur) y el apoyo de Aerol\u00edneas Argentinas.\u00a0<\/p>\n<p>Los salones del Sheraton Enviornment Studio, en Buenos Aires, fueron el escenario elegido para la inauguraci\u00f3n del evento que, tal como marcan los nuevos tiempos, se realiz\u00f3 en modalidad h\u00edbrida, con algunos participantes presentes de manera presencial siguiendo un estricto protocolo, y otros de manera remota desde distintos puntos del pa\u00eds, configurando un whole de 4.000 asistentes.\u00a0<\/p>\n<p><strong>Sebasti\u00e1n Giobellina<\/strong>, presidente del Ente Aut\u00e1rquico Tucum\u00e1n Turismo (EATT), fue parte de la ceremonia conectado desde San Miguel de Tucum\u00e1n. \u201cLa uni\u00f3n de nuestra industria es clave para la reactivaci\u00f3n. La participaci\u00f3n de actores del sector p\u00fablico, del privado y del acad\u00e9mico nos permite seguir aprendiendo de esta pandemia y discutiendo las formas de reconvertirnos para afrontar los nuevos tiempos. Es el momento de sentarnos a discutir en qu\u00e9 t\u00e9rminos y c\u00f3mo es el turismo que queremos, a medida que avanza la vacunaci\u00f3n en todo el pa\u00eds y se va resolviendo la problem\u00e1tica sanitaria\u201d, explic\u00f3 el funcionario provincial.\u00a0<\/p>\n<p>Durante el acto de apertura, la secretaria nacional de Promoci\u00f3n Tur\u00edstica, <strong>Yanina Mart\u00ednez<\/strong>, hizo especial \u00e9nfasis en la convocatoria a los sectores p\u00fablico y privado \u201ca trabajar en conjunto, sin mezquindades, para reactivar las econom\u00edas locales de todo el pa\u00eds en las que el turismo tiene un rol protag\u00f3nico\u201d. Por su parte, el presidente de la CAT,<strong> Aldo El\u00edas<\/strong>, destac\u00f3 la importancia de \u201ctrabajar sobre las cuestiones que hoy est\u00e1n presentes en todas las mesas del sector, para aprovechar las enormes posibilidades que ofrece la actividad tur\u00edstica frente a esta nueva realidad que nos impone el mundo\u201d.<\/p>\n<p>En el a\u00f1o de su 55\u00b0aniversario, la C\u00e1mara Argentina de Turismo propuso la recuperaci\u00f3n de este espacio como el punto de referencia anual que convoca a todos los integrantes de la industria tur\u00edstica, con el prop\u00f3sito de fomentar el intercambio de conocimientos, experiencias y nuevas concepts para la adaptaci\u00f3n de la actividad en l\u00ednea con los nuevos paradigmas globales.<\/p>\n<p>El evento se extender\u00e1 durante tres d\u00edas (12, 13 y 14 de mayo) con una amplia variedad de espacios de trabajo agrupados en diferentes ejes: econom\u00eda y consumo; formaci\u00f3n y empleo; integraci\u00f3n regional e internacional; g\u00e9nero; inclusi\u00f3n; sustentabilidad; innovaci\u00f3n y digitalizaci\u00f3n.<\/p>\n<p><img decoding=\"async\" alt=\"\" src=\"https:\/\/www.tucumanturismo.gob.ar\/carga\/image\/CITA2.jpg\"\/><\/p>\n<\/div>\n\n<p><em> &#8221; Fuentes www.tucumanturismo.gob.ar &#8221; <\/em><\/p>\n","protected":false},"excerpt":{"rendered":"<p>Resurgir bajo nuevos conceptos y con innovadoras propuestas y atractivos que se ajusten a la nueva normalidad del mundo pospandemia. Esa es la premisa que gu\u00eda a la industria del turismo en nuestro pa\u00eds, tras haber tenido en 2020 la disaster m\u00e1s profunda de su historia. Estos conceptos quedaron plasmados este mi\u00e9rcoles en el acto [&hellip;]<\/p>\n","protected":false},"author":4,"featured_media":128707,"comment_status":"open","ping_status":"closed","sticky":false,"template":"","format":"standard","meta":{"om_disable_all_campaigns":false,"jnews-multi-image_gallery":[],"jnews_single_post":[],"jnews_primary_category":[],"jnews_social_meta":[],"footnotes":""},"categories":[40],"tags":[],"class_list":["post-128706","post","type-post","status-publish","format-standard","has-post-thumbnail","hentry","category-industria"],"_links":{"self":[{"href":"https:\/\/dimensionturistica.com\/es\/wp-json\/wp\/v2\/posts\/128706","targetHints":{"allow":["GET"]}}],"collection":[{"href":"https:\/\/dimensionturistica.com\/es\/wp-json\/wp\/v2\/posts"}],"about":[{"href":"https:\/\/dimensionturistica.com\/es\/wp-json\/wp\/v2\/types\/post"}],"author":[{"embeddable":true,"href":"https:\/\/dimensionturistica.com\/es\/wp-json\/wp\/v2\/users\/4"}],"replies":[{"embeddable":true,"href":"https:\/\/dimensionturistica.com\/es\/wp-json\/wp\/v2\/comments?post=128706"}],"version-history":[{"count":0,"href":"https:\/\/dimensionturistica.com\/es\/wp-json\/wp\/v2\/posts\/128706\/revisions"}],"wp:featuredmedia":[{"embeddable":true,"href":"https:\/\/dimensionturistica.com\/es\/wp-json\/wp\/v2\/media\/128707"}],"wp:attachment":[{"href":"https:\/\/dimensionturistica.com\/es\/wp-json\/wp\/v2\/media?parent=128706"}],"wp:term":[{"taxonomy":"category","embeddable":true,"href":"https:\/\/dimensionturistica.com\/es\/wp-json\/wp\/v2\/categories?post=128706"},{"taxonomy":"post_tag","embeddable":true,"href":"https:\/\/dimensionturistica.com\/es\/wp-json\/wp\/v2\/tags?post=128706"}],"curies":[{"name":"wp","href":"https:\/\/api.w.org\/{rel}","templated":true}]}}