{"id":128689,"date":"2021-05-17T17:04:15","date_gmt":"2021-05-17T17:04:15","guid":{"rendered":"https:\/\/dimensionturistica.com\/es\/?p=128689"},"modified":"2021-05-17T17:04:15","modified_gmt":"2021-05-17T17:04:15","slug":"trabajadores-de-la-industria-turistica-podrian-tener-preferencia-en-la-vacunacion-contra-covid-19-revela-lider-de-canaco","status":"publish","type":"post","link":"https:\/\/dimensionturistica.com\/es\/trabajadores-de-la-industria-turistica-podrian-tener-preferencia-en-la-vacunacion-contra-covid-19-revela-lider-de-canaco\/","title":{"rendered":"Trabajadores de la industria tur\u00edstica podr\u00edan tener preferencia en la vacunaci\u00f3n contra Covid-19, revela l\u00edder de Canaco"},"content":{"rendered":"<p> <br \/>\n<\/p>\n<div data-td-block-uid=\"tdi_119_236\">\n<div class=\"tdb-block-inner td-fix-index\">\n<p style=\"text-align: justify;\"><span style=\"font-weight: 400;\">La Secretar\u00eda de Turismo del estado de Puebla propone que los trabajadores de la industria tur\u00edstica tengan preferencia en la vacunaci\u00f3n, con el fin de garantizar a los visitantes una estancia segura en la entidad.\u00a0<\/span><\/p>\n<p style=\"text-align: justify;\"><span style=\"font-weight: 400;\">As\u00ed lo dio a conocer el dirigente de la C\u00e1mara de Comercio, Servicios y Turismo (Canaco Servytur), Marco Antonio Prosperi Calder\u00f3n, quien indic\u00f3 que de prosperar, meseros, choferes de taxis, empleados de hoteles y tour operadores, entre otros, tendr\u00edan preferencia en la inoculaci\u00f3n.\u00a0<\/span><\/p>\n<p style=\"text-align: justify;\"><span style=\"font-weight: 400;\">\u201cPrecisamente para hacer que Puebla sea un destino seguro, que tuvi\u00e9ramos una certificaci\u00f3n de Covid, de todo lo que es el personal que presta atenci\u00f3n a todo el turista que llega, tanto local, nacional o extranjero. Esta es una propuesta que tiene la secretar\u00eda de Turismo del estado para que desde la secretar\u00eda puedan hacer la log\u00edstica pertinente para tratar de que las personas que trabajan en este sector puedan ser los primeros que se puedan vacunar\u201d, coment\u00f3.\u00a0<\/span><\/p>\n<p><span class=\"td-adspot-title\">&#8211; Anuncio &#8211;<\/span><\/p>\n<p style=\"text-align: justify;\"><span style=\"font-weight: 400;\">Lo anterior en el marco del arranque en Puebla de la campa\u00f1a \u201cVoto porque quiero a M\u00e9xico\u201d.\u00a0<\/span><\/p>\n<p><span class=\"td-adspot-title\">&#8211; Anuncio &#8211;<\/span><br \/>\n<!-- 2018_ads_responsive --><\/p>\n<\/div>\n<\/div>\n\n<p><em> &#8221; Fuentes www.lajornadadeoriente.com.mx &#8221; <\/em><\/p>\n","protected":false},"excerpt":{"rendered":"<p>La Secretar\u00eda de Turismo del estado de Puebla propone que los trabajadores de la industria tur\u00edstica tengan preferencia en la vacunaci\u00f3n, con el fin de garantizar a los visitantes una estancia segura en la entidad.\u00a0 As\u00ed lo dio a conocer el dirigente de la C\u00e1mara de Comercio, Servicios y Turismo (Canaco Servytur), Marco Antonio Prosperi [&hellip;]<\/p>\n","protected":false},"author":4,"featured_media":128690,"comment_status":"open","ping_status":"closed","sticky":false,"template":"","format":"standard","meta":{"om_disable_all_campaigns":false,"jnews-multi-image_gallery":[],"jnews_single_post":[],"jnews_primary_category":[],"jnews_social_meta":[],"footnotes":""},"categories":[40],"tags":[],"class_list":["post-128689","post","type-post","status-publish","format-standard","has-post-thumbnail","hentry","category-industria"],"_links":{"self":[{"href":"https:\/\/dimensionturistica.com\/es\/wp-json\/wp\/v2\/posts\/128689","targetHints":{"allow":["GET"]}}],"collection":[{"href":"https:\/\/dimensionturistica.com\/es\/wp-json\/wp\/v2\/posts"}],"about":[{"href":"https:\/\/dimensionturistica.com\/es\/wp-json\/wp\/v2\/types\/post"}],"author":[{"embeddable":true,"href":"https:\/\/dimensionturistica.com\/es\/wp-json\/wp\/v2\/users\/4"}],"replies":[{"embeddable":true,"href":"https:\/\/dimensionturistica.com\/es\/wp-json\/wp\/v2\/comments?post=128689"}],"version-history":[{"count":0,"href":"https:\/\/dimensionturistica.com\/es\/wp-json\/wp\/v2\/posts\/128689\/revisions"}],"wp:featuredmedia":[{"embeddable":true,"href":"https:\/\/dimensionturistica.com\/es\/wp-json\/wp\/v2\/media\/128690"}],"wp:attachment":[{"href":"https:\/\/dimensionturistica.com\/es\/wp-json\/wp\/v2\/media?parent=128689"}],"wp:term":[{"taxonomy":"category","embeddable":true,"href":"https:\/\/dimensionturistica.com\/es\/wp-json\/wp\/v2\/categories?post=128689"},{"taxonomy":"post_tag","embeddable":true,"href":"https:\/\/dimensionturistica.com\/es\/wp-json\/wp\/v2\/tags?post=128689"}],"curies":[{"name":"wp","href":"https:\/\/api.w.org\/{rel}","templated":true}]}}