{"id":128674,"date":"2021-05-17T16:31:20","date_gmt":"2021-05-17T16:31:20","guid":{"rendered":"https:\/\/dimensionturistica.com\/es\/?p=128674"},"modified":"2021-05-17T16:31:20","modified_gmt":"2021-05-17T16:31:20","slug":"reyes-maroto-inaugurara-el-espacio-fiturtechy","status":"publish","type":"post","link":"https:\/\/dimensionturistica.com\/es\/reyes-maroto-inaugurara-el-espacio-fiturtechy\/","title":{"rendered":"Reyes Maroto inaugurar\u00e1 el espacio FITURTECHY"},"content":{"rendered":"<p> <br \/>\n<\/p>\n<div>\n<p>El pr\u00f3ximo mi\u00e9rcoles, 19 de mayo de 2021, en el marco de <strong>FITUR<\/strong>, <strong>Reyes Maroto<\/strong>, ministra de Industria, Comercio y Turismo, inaugurar\u00e1 <strong>FITURTECHY<\/strong>, el espacio dedicado a la innovaci\u00f3n y sostenibilidad tur\u00edstica, en el foro #techYnegocio, acompa\u00f1ada por el presidente de ITH, <strong>Javier Garc\u00eda Cuenca<\/strong>.<\/p>\n<p>Del 19 al 21 de mayo podremos disfrutar de este espacio, organizado por el Instituto Tecnol\u00f3gico Hotelero (ITH) y FITUR, que se presenta en el pabell\u00f3n 10B 03 de IFEMA MADRID.<\/p>\n<p>En los m\u00e1s de 2.000 metros cuadrados que ocupa FITURTECHY cabe destacar el showroom del &#8220;hotel del futuro&#8221; #techYhotel, donde se presenta una simulaci\u00f3n de una habitaci\u00f3n de lodge, con las tecnolog\u00edas futuristas que ya son una realidad y que han venido para quedarse.<\/p>\n<p>Un robotic camarero nos recibir\u00e1 fabricando y sirviendo helados y nos acompa\u00f1ar\u00e1 por una experiencia \u00fanica. DAX Robotics, proporcionar\u00e1 un bar automatizado, en el que se dispensar\u00e1n bebidas con un robotic. El pedido se puede solicitar al robotic, desde una APP o de manera completamente autom\u00e1tica colocando los vasos en una bandeja.\u00a0<\/p>\n<p>Una de las novedades de esta edici\u00f3n de #techYhotel, es que DigaliX mostrar\u00e1 en FITURTECHY XTable\u00a9, su producto estrella para turismo y restauraci\u00f3n. Creada en 2008, fue pionera y ha seguido evolucionando adapt\u00e1ndose a las necesidades de cada sector. Se trata de una mesa interactiva con pantalla 4K, cristal templado y aislamiento a prueba de l\u00edquidos, dise\u00f1ada y fabricada en Espa\u00f1a. Dispone de interconexiones NFC, Qr y con bases de datos, es una potente herramienta de Cross Promoting.<\/p>\n<p>Otra de las singularidades m\u00e1s llamativas de\u00a0 #techYhotel\u00a0 es la posibilidad de disfrutar de una piscina segura,\u00a0 Fluidra Connec que automatiza y controla la calidad en tiempo actual&#8221;. seg\u00fan afirman desde Fluidra.<\/p>\n<p>El Grupo Cooperativo Cajamar, patrocinador del Welcome &amp; VIP Space, contar\u00e1 con un set para realizar entrevistas a los interesantes ponentes y visitantes que nos acompa\u00f1en en FITURTECHY.<\/p>\n<p>Por segundo a\u00f1o consecutivo, MORPH Estudio, realiza el dise\u00f1o de este lodge futurista, que en esta ocasi\u00f3n nos deleitar\u00e1 con un formato muy diferente. Y es que el lema de\u00a0 MORPH Estudio es reinventar los espacios con nuevas concepts que a\u00f1adan valor intangible al inmueble, algo necesario para reposicionar los espacios de hospitalidad en el comienzo de una nueva etapa como la que estamos viviendo.<\/p>\n<p>Una edici\u00f3n m\u00e1s, Pikolin participa en #techYhotel a trav\u00e9s de su propuesta de equipo de descanso articulado. Pikolin aterriza en FITURTECHY con ActivePik articulado, el equipo de descanso que se adapta a la perfecci\u00f3n a la postura que tu espalda necesite al dormir.\u00a0<\/p>\n<p>Articulable en la zona de cabeza y pies a trav\u00e9s de un mando y motor silencioso, ActivePik permite que el descanso en el lodge sea m\u00e1s placentero, gracias a un perfecto posicionamiento de la espalda. No s\u00f3lo su base articulada se adaptar\u00e1 punto por punto a tu morfolog\u00eda corporal, sino que su colch\u00f3n de muelles ensacados aportar\u00e1 una sensaci\u00f3n de ingravidez en el descanso para un efecto de relajaci\u00f3n complete.<\/p>\n<\/div>\n<p><script>!function(f,b,e,v,n,t,s){if(f.fbq)return;n=f.fbq=function(){n.callMethod?n.callMethod.apply(n,arguments):n.queue.push(arguments)};if(!f._fbq)f._fbq=n;n.push=n;n.loaded=!0;n.version='2.0';n.queue=[];t=b.createElement(e);t.async=!0;t.src=v;s=b.getElementsByTagName(e)[0];s.parentNode.insertBefore(t,s)}(window,document,'script','https:\/\/connect.facebook.net\/en_US\/fbevents.js');fbq('init','1464046990282831',[],{\"agent\":\"pldrupal-8-8.8.6\"});fbq('track','PageView',[]);<\/script><script>!function(f,b,e,v,n,t,s){if(f.fbq)return;n=f.fbq=function(){n.callMethod?n.callMethod.apply(n,arguments):n.queue.push(arguments)};if(!f._fbq)f._fbq=n;n.push=n;n.loaded=!0;n.version='2.0';n.queue=[];t=b.createElement(e);t.async=!0;t.src=v;s=b.getElementsByTagName(e)[0];s.parentNode.insertBefore(t,s)}(window,document,'script','https:\/\/connect.facebook.net\/en_US\/fbevents.js');fbq('init','1464046990282831');fbq('track','PageView');<\/script><br \/>\n<br \/><\/p>\n<p><em> &#8221; Fuentes www.caribbeannewsdigital.com &#8221; <\/em><\/p>\n","protected":false},"excerpt":{"rendered":"<p>El pr\u00f3ximo mi\u00e9rcoles, 19 de mayo de 2021, en el marco de FITUR, Reyes Maroto, ministra de Industria, Comercio y Turismo, inaugurar\u00e1 FITURTECHY, el espacio dedicado a la innovaci\u00f3n y sostenibilidad tur\u00edstica, en el foro #techYnegocio, acompa\u00f1ada por el presidente de ITH, Javier Garc\u00eda Cuenca. Del 19 al 21 de mayo podremos disfrutar de este [&hellip;]<\/p>\n","protected":false},"author":4,"featured_media":0,"comment_status":"open","ping_status":"closed","sticky":false,"template":"","format":"standard","meta":{"om_disable_all_campaigns":false,"jnews-multi-image_gallery":[],"jnews_single_post":[],"jnews_primary_category":[],"jnews_social_meta":[],"footnotes":""},"categories":[40],"tags":[],"class_list":["post-128674","post","type-post","status-publish","format-standard","hentry","category-industria"],"_links":{"self":[{"href":"https:\/\/dimensionturistica.com\/es\/wp-json\/wp\/v2\/posts\/128674","targetHints":{"allow":["GET"]}}],"collection":[{"href":"https:\/\/dimensionturistica.com\/es\/wp-json\/wp\/v2\/posts"}],"about":[{"href":"https:\/\/dimensionturistica.com\/es\/wp-json\/wp\/v2\/types\/post"}],"author":[{"embeddable":true,"href":"https:\/\/dimensionturistica.com\/es\/wp-json\/wp\/v2\/users\/4"}],"replies":[{"embeddable":true,"href":"https:\/\/dimensionturistica.com\/es\/wp-json\/wp\/v2\/comments?post=128674"}],"version-history":[{"count":0,"href":"https:\/\/dimensionturistica.com\/es\/wp-json\/wp\/v2\/posts\/128674\/revisions"}],"wp:attachment":[{"href":"https:\/\/dimensionturistica.com\/es\/wp-json\/wp\/v2\/media?parent=128674"}],"wp:term":[{"taxonomy":"category","embeddable":true,"href":"https:\/\/dimensionturistica.com\/es\/wp-json\/wp\/v2\/categories?post=128674"},{"taxonomy":"post_tag","embeddable":true,"href":"https:\/\/dimensionturistica.com\/es\/wp-json\/wp\/v2\/tags?post=128674"}],"curies":[{"name":"wp","href":"https:\/\/api.w.org\/{rel}","templated":true}]}}