{"id":128671,"date":"2021-05-17T16:29:20","date_gmt":"2021-05-17T16:29:20","guid":{"rendered":"https:\/\/dimensionturistica.com\/es\/?p=128671"},"modified":"2021-05-17T16:29:21","modified_gmt":"2021-05-17T16:29:21","slug":"el-ritmo-sera-de-velocidad-de-crucero-en-junio","status":"publish","type":"post","link":"https:\/\/dimensionturistica.com\/es\/el-ritmo-sera-de-velocidad-de-crucero-en-junio\/","title":{"rendered":"El ritmo ser\u00e1 de \u00abvelocidad de crucero\u00bb en junio"},"content":{"rendered":"<p> <br \/>\n<\/p>\n<div itemprop=\"articleBody\">\n<p>Si el mes de mayo deb\u00edan llegar 80.000 dosis semanales de vacunas contra la COVID-19 y todav\u00eda no se ha producido esta media, s\u00ed es cierto que siguen llegando m\u00e1s de las recibidas hasta ahora y el ritmo de<strong> inmunizaci\u00f3n<\/strong> se ha incrementado un 29 % de lo visto hasta que empez\u00f3 este mes. La \u00abvelocidad de crucero\u00bb que ya se viene adquiriendo encontrar\u00e1 su pleno significado el mes de junio cuando, s\u00f3lo de vacunas con ARN mensajero, llegar\u00e1n cerca de 75.000 dosis.<\/p>\n<p>La campa\u00f1a avanza ahora entre las personas de 50 a 69 a\u00f1os que deben pedir cita en la internet on-line y los mayores de 70, un grupo que se da por terminado, y para el que est\u00e1 abierta una repesca con la ayuda de los centros de salud. Paralelamente esta semana se empezar\u00e1 a vacunar a personas vulnerables, en este caso, la<strong> poblaci\u00f3n reclusa<\/strong>. Este lunes se inmunizar\u00e1 a los presos de Menorca y el pr\u00f3ximo viernes por la tarde a los 1.093 de Mallorca, para este colectivo en Ibiza, no hay una fecha concreta.<\/p>\n<p>Si bien a d\u00eda de hoy quedan 994 citas disponibles a trav\u00e9s de <a rel=\"nofollow noopener\" target=\"_blank\" title=\"BitCita\" href=\"https:\/\/www.ibsalut.es\/es\/bitcita-cita-previa-vacunacion-covid-19\">BitCita<\/a>, ya se trabaja para abrir m\u00e1s el pr\u00f3ximo mi\u00e9rcoles, aunque todav\u00eda no se ampliar\u00e1 a m\u00e1s grupos. El 5,94 % de la poblaci\u00f3n de 50 a 59 a\u00f1os ha recibido la primera dosis as\u00ed como el 37,23 % de la franja de 60 a 65.<\/p>\n<\/div>\n\n<p><em> &#8221; Fuentes www.menorca.info &#8221; <\/em><\/p>\n","protected":false},"excerpt":{"rendered":"<p>Si el mes de mayo deb\u00edan llegar 80.000 dosis semanales de vacunas contra la COVID-19 y todav\u00eda no se ha producido esta media, s\u00ed es cierto que siguen llegando m\u00e1s de las recibidas hasta ahora y el ritmo de inmunizaci\u00f3n se ha incrementado un 29 % de lo visto hasta que empez\u00f3 este mes. La [&hellip;]<\/p>\n","protected":false},"author":4,"featured_media":128672,"comment_status":"open","ping_status":"closed","sticky":false,"template":"","format":"standard","meta":{"om_disable_all_campaigns":false,"jnews-multi-image_gallery":[],"jnews_single_post":[],"jnews_primary_category":[],"jnews_social_meta":[],"footnotes":""},"categories":[41],"tags":[705,23984],"class_list":["post-128671","post","type-post","status-publish","format-standard","has-post-thumbnail","hentry","category-cruceros","tag-noticias","tag-vacunacion-en-baleares"],"_links":{"self":[{"href":"https:\/\/dimensionturistica.com\/es\/wp-json\/wp\/v2\/posts\/128671","targetHints":{"allow":["GET"]}}],"collection":[{"href":"https:\/\/dimensionturistica.com\/es\/wp-json\/wp\/v2\/posts"}],"about":[{"href":"https:\/\/dimensionturistica.com\/es\/wp-json\/wp\/v2\/types\/post"}],"author":[{"embeddable":true,"href":"https:\/\/dimensionturistica.com\/es\/wp-json\/wp\/v2\/users\/4"}],"replies":[{"embeddable":true,"href":"https:\/\/dimensionturistica.com\/es\/wp-json\/wp\/v2\/comments?post=128671"}],"version-history":[{"count":0,"href":"https:\/\/dimensionturistica.com\/es\/wp-json\/wp\/v2\/posts\/128671\/revisions"}],"wp:featuredmedia":[{"embeddable":true,"href":"https:\/\/dimensionturistica.com\/es\/wp-json\/wp\/v2\/media\/128672"}],"wp:attachment":[{"href":"https:\/\/dimensionturistica.com\/es\/wp-json\/wp\/v2\/media?parent=128671"}],"wp:term":[{"taxonomy":"category","embeddable":true,"href":"https:\/\/dimensionturistica.com\/es\/wp-json\/wp\/v2\/categories?post=128671"},{"taxonomy":"post_tag","embeddable":true,"href":"https:\/\/dimensionturistica.com\/es\/wp-json\/wp\/v2\/tags?post=128671"}],"curies":[{"name":"wp","href":"https:\/\/api.w.org\/{rel}","templated":true}]}}