{"id":128648,"date":"2021-05-17T16:08:38","date_gmt":"2021-05-17T16:08:38","guid":{"rendered":"https:\/\/dimensionturistica.com\/es\/?p=128648"},"modified":"2021-05-17T16:08:38","modified_gmt":"2021-05-17T16:08:38","slug":"una-viaje-a-las-islas-azores-el-nuevo-destino-de-iberia-para-este-verano","status":"publish","type":"post","link":"https:\/\/dimensionturistica.com\/es\/una-viaje-a-las-islas-azores-el-nuevo-destino-de-iberia-para-este-verano\/","title":{"rendered":"Una viaje a las Islas Azores, el nuevo destino de Iberia para este verano"},"content":{"rendered":"<p> <br \/>\n<\/p>\n<div>\n<p>El <a rel=\"nofollow noopener\" target=\"_blank\" href=\"https:\/\/www.vozpopuli.com\/tag\/iberia\/\" class=\"rank-math-link\">anuncio de <strong>Iberia<\/strong><\/a><strong> de incorporar las Islas Azores (<a rel=\"nofollow noopener\" target=\"_blank\" href=\"https:\/\/www.vozpopuli.com\/tag\/portugal\/\" class=\"rank-math-link\">Portugal<\/a>) como nuevo destino veraniego<\/strong> ofrecer\u00e1 a los viajeros la posibilidad de conocer este archipi\u00e9lago, una de las mayores maravillas naturales pertenecientes a Europa. <\/p>\n<p>Seg\u00fan ha anunciado Iberia, <strong>se convertir\u00e1 en el 114\u00ba destino de la aerol\u00ednea<\/strong>, ofreciendo dos vuelos directos a la semana a Ponta Delgada, capital de la Isla de San Miguel, desde Madrid durante los meses centrales del verano, julio y agosto. Estos vuelos ya est\u00e1n a la venta en todos los canales de la compa\u00f1\u00eda, tanto en la net como en el &#8216;name heart&#8217; de Iberia y en las agencias de viajes.<\/p>\n<p>En Portugal, Iberia ya hab\u00eda incorporado tres nuevos destinos para su programa de vuelos en verano, Funchal, Faro y Porto Santo, adem\u00e1s de los vuelos habituales a Oporto y Lisboa. Por lo tanto, <strong>la aerol\u00ednea ofrece vuelos a seis destinos en Portugal este verano<\/strong>.<\/p>\n<h2>Qu\u00e9 visitar en las Azores<\/h2>\n<p>En complete, las Azores est\u00e1n formas<strong>\u00a0por nueve islas de origen volc\u00e1nico <\/strong>en un territorio de alrededor de 600 kil\u00f3metros de extensi\u00f3n localizado en el Atl\u00e1ntico Norte, a algo m\u00e1s de 1.500 kil\u00f3metros de\u00a0Portugal, a qui\u00e9n pertenecen. Aunque<strong>\u00a0todas las islas disponen de un peque\u00f1o aeropuerto<\/strong>, la mejor opci\u00f3n para moverse entre ellas es el barco, dada su rentabilidad econ\u00f3mica.<\/p>\n<figure class=\"wp-block-image size-large\"><img decoding=\"async\" width=\"1024\" height=\"768\" src=\"data:image\/svg+xml,%3Csvg%20xmlns=\" http:=\"\" alt=\"\" class=\"wp-image-524566\" data-lazy-srcset=\"https:\/\/media.vozpopuli.com\/2021\/05\/17\/8595707799-2ac40a61fb-k-1024x768.jpg 1024w, https:\/\/media.vozpopuli.com\/2021\/05\/17\/8595707799-2ac40a61fb-k-300x225.jpg 300w, https:\/\/media.vozpopuli.com\/2021\/05\/17\/8595707799-2ac40a61fb-k-768x576.jpg 768w, https:\/\/media.vozpopuli.com\/2021\/05\/17\/8595707799-2ac40a61fb-k-1536x1152.jpg 1536w, https:\/\/media.vozpopuli.com\/2021\/05\/17\/8595707799-2ac40a61fb-k-1568x1176.jpg 1568w, https:\/\/media.vozpopuli.com\/2021\/05\/17\/8595707799-2ac40a61fb-k-1200x900.jpg 1200w, https:\/\/media.vozpopuli.com\/2021\/05\/17\/8595707799-2ac40a61fb-k-800x600.jpg 800w, https:\/\/media.vozpopuli.com\/2021\/05\/17\/8595707799-2ac40a61fb-k-1000x750.jpg 1000w, https:\/\/media.vozpopuli.com\/2021\/05\/17\/8595707799-2ac40a61fb-k-660x495.jpg 660w, https:\/\/media.vozpopuli.com\/2021\/05\/17\/8595707799-2ac40a61fb-k-320x240.jpg 320w, https:\/\/media.vozpopuli.com\/2021\/05\/17\/8595707799-2ac40a61fb-k-490x368.jpg 490w, https:\/\/media.vozpopuli.com\/2021\/05\/17\/8595707799-2ac40a61fb-k-235x176.jpg 235w, https:\/\/media.vozpopuli.com\/2021\/05\/17\/8595707799-2ac40a61fb-k.jpg 2048w\" data-lazy-sizes=\"(max-width: 1024px) 100vw, 1024px\" data-lazy-src=\"https:\/\/media.vozpopuli.com\/2021\/05\/17\/8595707799-2ac40a61fb-k-1024x768.jpg\"\/><noscript><img decoding=\"async\" width=\"1024\" height=\"768\" src=\"https:\/\/media.vozpopuli.com\/2021\/05\/17\/8595707799-2ac40a61fb-k-1024x768.jpg\" alt=\"\" class=\"wp-image-524566\" srcset=\"https:\/\/media.vozpopuli.com\/2021\/05\/17\/8595707799-2ac40a61fb-k-1024x768.jpg 1024w, https:\/\/media.vozpopuli.com\/2021\/05\/17\/8595707799-2ac40a61fb-k-300x225.jpg 300w, https:\/\/media.vozpopuli.com\/2021\/05\/17\/8595707799-2ac40a61fb-k-768x576.jpg 768w, https:\/\/media.vozpopuli.com\/2021\/05\/17\/8595707799-2ac40a61fb-k-1536x1152.jpg 1536w, https:\/\/media.vozpopuli.com\/2021\/05\/17\/8595707799-2ac40a61fb-k-1568x1176.jpg 1568w, https:\/\/media.vozpopuli.com\/2021\/05\/17\/8595707799-2ac40a61fb-k-1200x900.jpg 1200w, https:\/\/media.vozpopuli.com\/2021\/05\/17\/8595707799-2ac40a61fb-k-800x600.jpg 800w, https:\/\/media.vozpopuli.com\/2021\/05\/17\/8595707799-2ac40a61fb-k-1000x750.jpg 1000w, https:\/\/media.vozpopuli.com\/2021\/05\/17\/8595707799-2ac40a61fb-k-660x495.jpg 660w, https:\/\/media.vozpopuli.com\/2021\/05\/17\/8595707799-2ac40a61fb-k-320x240.jpg 320w, https:\/\/media.vozpopuli.com\/2021\/05\/17\/8595707799-2ac40a61fb-k-490x368.jpg 490w, https:\/\/media.vozpopuli.com\/2021\/05\/17\/8595707799-2ac40a61fb-k-235x176.jpg 235w, https:\/\/media.vozpopuli.com\/2021\/05\/17\/8595707799-2ac40a61fb-k.jpg 2048w\" sizes=\"(max-width: 1024px) 100vw, 1024px\"\/><\/noscript><figcaption>Volc\u00e1n extinto en las Azores. <em>Anders Fongen (Flickr)<\/em><\/figcaption><\/figure>\n<p>Hay tres zonas geogr\u00e1ficas que dividen las nueve islas, en las que viven alrededor de 250.000 personas: zona oriental,\u00a0(<strong>Santa Mar\u00eda y San Miguel<\/strong>), zona central (<strong>Terceira, Graciosa, San Jorge, Pico y Faial)<\/strong>\u00a0y zona occidental (<strong>Flores y Corvo)<\/strong>. Y todas ellas, unidas a los archipi\u00e9lagos de Madeira, Canarias y Cabo Verde, conforman la regi\u00f3n de la Macaronesia.<\/p>\n<figure class=\"wp-block-image size-large\"><img decoding=\"async\" width=\"1024\" height=\"683\" src=\"data:image\/svg+xml,%3Csvg%20xmlns=\" http:=\"\" alt=\"\" class=\"wp-image-524545\" data-lazy-srcset=\"https:\/\/media.vozpopuli.com\/2021\/05\/17\/23495483486-41fd97a972-k-1024x683.jpg 1024w, https:\/\/media.vozpopuli.com\/2021\/05\/17\/23495483486-41fd97a972-k-300x200.jpg 300w, https:\/\/media.vozpopuli.com\/2021\/05\/17\/23495483486-41fd97a972-k-768x512.jpg 768w, https:\/\/media.vozpopuli.com\/2021\/05\/17\/23495483486-41fd97a972-k-1536x1024.jpg 1536w, https:\/\/media.vozpopuli.com\/2021\/05\/17\/23495483486-41fd97a972-k-1568x1045.jpg 1568w, https:\/\/media.vozpopuli.com\/2021\/05\/17\/23495483486-41fd97a972-k-1200x800.jpg 1200w, https:\/\/media.vozpopuli.com\/2021\/05\/17\/23495483486-41fd97a972-k-1000x667.jpg 1000w, https:\/\/media.vozpopuli.com\/2021\/05\/17\/23495483486-41fd97a972-k-660x440.jpg 660w, https:\/\/media.vozpopuli.com\/2021\/05\/17\/23495483486-41fd97a972-k-320x213.jpg 320w, https:\/\/media.vozpopuli.com\/2021\/05\/17\/23495483486-41fd97a972-k-490x327.jpg 490w, https:\/\/media.vozpopuli.com\/2021\/05\/17\/23495483486-41fd97a972-k-235x157.jpg 235w, https:\/\/media.vozpopuli.com\/2021\/05\/17\/23495483486-41fd97a972-k.jpg 2048w\" data-lazy-sizes=\"(max-width: 1024px) 100vw, 1024px\" data-lazy-src=\"https:\/\/media.vozpopuli.com\/2021\/05\/17\/23495483486-41fd97a972-k-1024x683.jpg\"\/><noscript><img decoding=\"async\" width=\"1024\" height=\"683\" src=\"https:\/\/media.vozpopuli.com\/2021\/05\/17\/23495483486-41fd97a972-k-1024x683.jpg\" alt=\"\" class=\"wp-image-524545\" srcset=\"https:\/\/media.vozpopuli.com\/2021\/05\/17\/23495483486-41fd97a972-k-1024x683.jpg 1024w, https:\/\/media.vozpopuli.com\/2021\/05\/17\/23495483486-41fd97a972-k-300x200.jpg 300w, https:\/\/media.vozpopuli.com\/2021\/05\/17\/23495483486-41fd97a972-k-768x512.jpg 768w, https:\/\/media.vozpopuli.com\/2021\/05\/17\/23495483486-41fd97a972-k-1536x1024.jpg 1536w, https:\/\/media.vozpopuli.com\/2021\/05\/17\/23495483486-41fd97a972-k-1568x1045.jpg 1568w, https:\/\/media.vozpopuli.com\/2021\/05\/17\/23495483486-41fd97a972-k-1200x800.jpg 1200w, https:\/\/media.vozpopuli.com\/2021\/05\/17\/23495483486-41fd97a972-k-1000x667.jpg 1000w, https:\/\/media.vozpopuli.com\/2021\/05\/17\/23495483486-41fd97a972-k-660x440.jpg 660w, https:\/\/media.vozpopuli.com\/2021\/05\/17\/23495483486-41fd97a972-k-320x213.jpg 320w, https:\/\/media.vozpopuli.com\/2021\/05\/17\/23495483486-41fd97a972-k-490x327.jpg 490w, https:\/\/media.vozpopuli.com\/2021\/05\/17\/23495483486-41fd97a972-k-235x157.jpg 235w, https:\/\/media.vozpopuli.com\/2021\/05\/17\/23495483486-41fd97a972-k.jpg 2048w\" sizes=\"(max-width: 1024px) 100vw, 1024px\"\/><\/noscript><figcaption>Ponta Delgada. <em>Revi Sarma (Flickr)<\/em><\/figcaption><\/figure>\n<p>La diversidad es la nota predominante en este enclave pure. Si nos desplazamos al este, a la isla de Santa Mar\u00eda, podremos encontrar playas c\u00e1lidas y de enviornment clara, y unos vi\u00f1edos con una disposici\u00f3n m\u00e1s que peculiar.\u00a0Pero si nos acercamos a <strong>San Miguel, la isla de mayores dimensiones, nos encontraremos con las lagunas de Sete Cidades y de Fogo<\/strong>, en una zona donde destacan los g\u00e9iseres, las aguas termales calientes y lagos volc\u00e1nicos.<\/p>\n<figure class=\"wp-block-image size-large\"><img decoding=\"async\" width=\"1024\" height=\"680\" src=\"data:image\/svg+xml,%3Csvg%20xmlns=\" http:=\"\" alt=\"\" class=\"wp-image-524519\" data-lazy-srcset=\"https:\/\/media.vozpopuli.com\/2021\/05\/17\/san-miguel-1024x680.jpg 1024w, https:\/\/media.vozpopuli.com\/2021\/05\/17\/san-miguel-300x199.jpg 300w, https:\/\/media.vozpopuli.com\/2021\/05\/17\/san-miguel-768x510.jpg 768w, https:\/\/media.vozpopuli.com\/2021\/05\/17\/san-miguel-1536x1020.jpg 1536w, https:\/\/media.vozpopuli.com\/2021\/05\/17\/san-miguel-1568x1041.jpg 1568w, https:\/\/media.vozpopuli.com\/2021\/05\/17\/san-miguel-1200x797.jpg 1200w, https:\/\/media.vozpopuli.com\/2021\/05\/17\/san-miguel-1000x664.jpg 1000w, https:\/\/media.vozpopuli.com\/2021\/05\/17\/san-miguel-660x438.jpg 660w, https:\/\/media.vozpopuli.com\/2021\/05\/17\/san-miguel-320x213.jpg 320w, https:\/\/media.vozpopuli.com\/2021\/05\/17\/san-miguel-490x325.jpg 490w, https:\/\/media.vozpopuli.com\/2021\/05\/17\/san-miguel-235x156.jpg 235w, https:\/\/media.vozpopuli.com\/2021\/05\/17\/san-miguel.jpg 2048w\" data-lazy-sizes=\"(max-width: 1024px) 100vw, 1024px\" data-lazy-src=\"https:\/\/media.vozpopuli.com\/2021\/05\/17\/san-miguel-1024x680.jpg\"\/><noscript><img decoding=\"async\" width=\"1024\" height=\"680\" src=\"https:\/\/media.vozpopuli.com\/2021\/05\/17\/san-miguel-1024x680.jpg\" alt=\"\" class=\"wp-image-524519\" srcset=\"https:\/\/media.vozpopuli.com\/2021\/05\/17\/san-miguel-1024x680.jpg 1024w, https:\/\/media.vozpopuli.com\/2021\/05\/17\/san-miguel-300x199.jpg 300w, https:\/\/media.vozpopuli.com\/2021\/05\/17\/san-miguel-768x510.jpg 768w, https:\/\/media.vozpopuli.com\/2021\/05\/17\/san-miguel-1536x1020.jpg 1536w, https:\/\/media.vozpopuli.com\/2021\/05\/17\/san-miguel-1568x1041.jpg 1568w, https:\/\/media.vozpopuli.com\/2021\/05\/17\/san-miguel-1200x797.jpg 1200w, https:\/\/media.vozpopuli.com\/2021\/05\/17\/san-miguel-1000x664.jpg 1000w, https:\/\/media.vozpopuli.com\/2021\/05\/17\/san-miguel-660x438.jpg 660w, https:\/\/media.vozpopuli.com\/2021\/05\/17\/san-miguel-320x213.jpg 320w, https:\/\/media.vozpopuli.com\/2021\/05\/17\/san-miguel-490x325.jpg 490w, https:\/\/media.vozpopuli.com\/2021\/05\/17\/san-miguel-235x156.jpg 235w, https:\/\/media.vozpopuli.com\/2021\/05\/17\/san-miguel.jpg 2048w\" sizes=\"(max-width: 1024px) 100vw, 1024px\"\/><\/noscript><figcaption>Isla de San Miguel. <em>Helen Simonsson (Flickr)<\/em><\/figcaption><\/figure>\n<p>En cambio, las islas de la zona central son perfectas para aquellos visitantes que quieran conocer a fondo la fauna de las Azores, puesto que por Terceira, San Jorge, Pico, Faial y Graciosa suelen rondar ballenas y delfines.\u00a0Adem\u00e1s, <strong>Angra do Hero\u00edsmo, capital de Terceira<\/strong>, ha sido nombrada<strong> Patrimonio Mundial<\/strong>. Faial, por su parte, cuenta con el volc\u00e1n de Capelinhos, actualmente inactivo pero que recuerda a un paisaje lunar.<\/p>\n<figure class=\"wp-block-image size-large\"><img decoding=\"async\" width=\"1024\" height=\"768\" src=\"data:image\/svg+xml,%3Csvg%20xmlns=\" http:=\"\" alt=\"\" class=\"wp-image-524560\" data-lazy-srcset=\"https:\/\/media.vozpopuli.com\/2021\/05\/17\/10222629923-2221c0351e-k-1024x768.jpg 1024w, https:\/\/media.vozpopuli.com\/2021\/05\/17\/10222629923-2221c0351e-k-300x225.jpg 300w, https:\/\/media.vozpopuli.com\/2021\/05\/17\/10222629923-2221c0351e-k-768x576.jpg 768w, https:\/\/media.vozpopuli.com\/2021\/05\/17\/10222629923-2221c0351e-k-1536x1152.jpg 1536w, https:\/\/media.vozpopuli.com\/2021\/05\/17\/10222629923-2221c0351e-k-1568x1176.jpg 1568w, https:\/\/media.vozpopuli.com\/2021\/05\/17\/10222629923-2221c0351e-k-1200x900.jpg 1200w, https:\/\/media.vozpopuli.com\/2021\/05\/17\/10222629923-2221c0351e-k-800x600.jpg 800w, https:\/\/media.vozpopuli.com\/2021\/05\/17\/10222629923-2221c0351e-k-1000x750.jpg 1000w, https:\/\/media.vozpopuli.com\/2021\/05\/17\/10222629923-2221c0351e-k-660x495.jpg 660w, https:\/\/media.vozpopuli.com\/2021\/05\/17\/10222629923-2221c0351e-k-320x240.jpg 320w, https:\/\/media.vozpopuli.com\/2021\/05\/17\/10222629923-2221c0351e-k-490x368.jpg 490w, https:\/\/media.vozpopuli.com\/2021\/05\/17\/10222629923-2221c0351e-k-235x176.jpg 235w, https:\/\/media.vozpopuli.com\/2021\/05\/17\/10222629923-2221c0351e-k.jpg 2048w\" data-lazy-sizes=\"(max-width: 1024px) 100vw, 1024px\" data-lazy-src=\"https:\/\/media.vozpopuli.com\/2021\/05\/17\/10222629923-2221c0351e-k-1024x768.jpg\"\/><noscript><img decoding=\"async\" width=\"1024\" height=\"768\" src=\"https:\/\/media.vozpopuli.com\/2021\/05\/17\/10222629923-2221c0351e-k-1024x768.jpg\" alt=\"\" class=\"wp-image-524560\" srcset=\"https:\/\/media.vozpopuli.com\/2021\/05\/17\/10222629923-2221c0351e-k-1024x768.jpg 1024w, https:\/\/media.vozpopuli.com\/2021\/05\/17\/10222629923-2221c0351e-k-300x225.jpg 300w, https:\/\/media.vozpopuli.com\/2021\/05\/17\/10222629923-2221c0351e-k-768x576.jpg 768w, https:\/\/media.vozpopuli.com\/2021\/05\/17\/10222629923-2221c0351e-k-1536x1152.jpg 1536w, https:\/\/media.vozpopuli.com\/2021\/05\/17\/10222629923-2221c0351e-k-1568x1176.jpg 1568w, https:\/\/media.vozpopuli.com\/2021\/05\/17\/10222629923-2221c0351e-k-1200x900.jpg 1200w, https:\/\/media.vozpopuli.com\/2021\/05\/17\/10222629923-2221c0351e-k-800x600.jpg 800w, https:\/\/media.vozpopuli.com\/2021\/05\/17\/10222629923-2221c0351e-k-1000x750.jpg 1000w, https:\/\/media.vozpopuli.com\/2021\/05\/17\/10222629923-2221c0351e-k-660x495.jpg 660w, https:\/\/media.vozpopuli.com\/2021\/05\/17\/10222629923-2221c0351e-k-320x240.jpg 320w, https:\/\/media.vozpopuli.com\/2021\/05\/17\/10222629923-2221c0351e-k-490x368.jpg 490w, https:\/\/media.vozpopuli.com\/2021\/05\/17\/10222629923-2221c0351e-k-235x176.jpg 235w, https:\/\/media.vozpopuli.com\/2021\/05\/17\/10222629923-2221c0351e-k.jpg 2048w\" sizes=\"(max-width: 1024px) 100vw, 1024px\"\/><\/noscript><figcaption>Delfines en las Azores. <em>Christian Frank (Flickr)<\/em><\/figcaption><\/figure>\n<figure class=\"wp-block-image size-large\"><img decoding=\"async\" width=\"1024\" height=\"683\" src=\"data:image\/svg+xml,%3Csvg%20xmlns=\" http:=\"\" alt=\"\" class=\"wp-image-524537\" data-lazy-srcset=\"https:\/\/media.vozpopuli.com\/2021\/05\/17\/48683896526-f3a669a28d-k-1024x683.jpg 1024w, https:\/\/media.vozpopuli.com\/2021\/05\/17\/48683896526-f3a669a28d-k-300x200.jpg 300w, https:\/\/media.vozpopuli.com\/2021\/05\/17\/48683896526-f3a669a28d-k-768x512.jpg 768w, https:\/\/media.vozpopuli.com\/2021\/05\/17\/48683896526-f3a669a28d-k-1536x1024.jpg 1536w, https:\/\/media.vozpopuli.com\/2021\/05\/17\/48683896526-f3a669a28d-k-1568x1045.jpg 1568w, https:\/\/media.vozpopuli.com\/2021\/05\/17\/48683896526-f3a669a28d-k-1200x800.jpg 1200w, https:\/\/media.vozpopuli.com\/2021\/05\/17\/48683896526-f3a669a28d-k-1000x667.jpg 1000w, https:\/\/media.vozpopuli.com\/2021\/05\/17\/48683896526-f3a669a28d-k-660x440.jpg 660w, https:\/\/media.vozpopuli.com\/2021\/05\/17\/48683896526-f3a669a28d-k-320x213.jpg 320w, https:\/\/media.vozpopuli.com\/2021\/05\/17\/48683896526-f3a669a28d-k-490x327.jpg 490w, https:\/\/media.vozpopuli.com\/2021\/05\/17\/48683896526-f3a669a28d-k-235x157.jpg 235w, https:\/\/media.vozpopuli.com\/2021\/05\/17\/48683896526-f3a669a28d-k.jpg 2048w\" data-lazy-sizes=\"(max-width: 1024px) 100vw, 1024px\" data-lazy-src=\"https:\/\/media.vozpopuli.com\/2021\/05\/17\/48683896526-f3a669a28d-k-1024x683.jpg\"\/><noscript><img decoding=\"async\" width=\"1024\" height=\"683\" src=\"https:\/\/media.vozpopuli.com\/2021\/05\/17\/48683896526-f3a669a28d-k-1024x683.jpg\" alt=\"\" class=\"wp-image-524537\" srcset=\"https:\/\/media.vozpopuli.com\/2021\/05\/17\/48683896526-f3a669a28d-k-1024x683.jpg 1024w, https:\/\/media.vozpopuli.com\/2021\/05\/17\/48683896526-f3a669a28d-k-300x200.jpg 300w, https:\/\/media.vozpopuli.com\/2021\/05\/17\/48683896526-f3a669a28d-k-768x512.jpg 768w, https:\/\/media.vozpopuli.com\/2021\/05\/17\/48683896526-f3a669a28d-k-1536x1024.jpg 1536w, https:\/\/media.vozpopuli.com\/2021\/05\/17\/48683896526-f3a669a28d-k-1568x1045.jpg 1568w, https:\/\/media.vozpopuli.com\/2021\/05\/17\/48683896526-f3a669a28d-k-1200x800.jpg 1200w, https:\/\/media.vozpopuli.com\/2021\/05\/17\/48683896526-f3a669a28d-k-1000x667.jpg 1000w, https:\/\/media.vozpopuli.com\/2021\/05\/17\/48683896526-f3a669a28d-k-660x440.jpg 660w, https:\/\/media.vozpopuli.com\/2021\/05\/17\/48683896526-f3a669a28d-k-320x213.jpg 320w, https:\/\/media.vozpopuli.com\/2021\/05\/17\/48683896526-f3a669a28d-k-490x327.jpg 490w, https:\/\/media.vozpopuli.com\/2021\/05\/17\/48683896526-f3a669a28d-k-235x157.jpg 235w, https:\/\/media.vozpopuli.com\/2021\/05\/17\/48683896526-f3a669a28d-k.jpg 2048w\" sizes=\"(max-width: 1024px) 100vw, 1024px\"\/><\/noscript><figcaption>Isla de Faial. F<em>lick<\/em>r<\/figcaption><\/figure>\n<p id=\"m168-167-169\">Pico alberga unos vi\u00f1edos \u00fanicos, que surgen de los negros campos de lava,\u00a0<strong>dando lugar a un cultivo que ha sido nombrado Patrimonio de la Humanidad<\/strong>. San Jorge, es la capital gastron\u00f3mica, con el queso como gran especialidad. Y Graciosa es una isla llena de verde en cuyos campos, repletos de vi\u00f1as, se alzan molinos de viento que dan lugar a bellas postales.<\/p>\n<figure class=\"wp-block-image size-large\"><img decoding=\"async\" width=\"1024\" height=\"768\" src=\"data:image\/svg+xml,%3Csvg%20xmlns=\" http:=\"\" alt=\"\" class=\"wp-image-524563\" data-lazy-srcset=\"https:\/\/media.vozpopuli.com\/2021\/05\/17\/43684500502-83d61b0506-k-1024x768.jpg 1024w, https:\/\/media.vozpopuli.com\/2021\/05\/17\/43684500502-83d61b0506-k-300x225.jpg 300w, https:\/\/media.vozpopuli.com\/2021\/05\/17\/43684500502-83d61b0506-k-768x576.jpg 768w, https:\/\/media.vozpopuli.com\/2021\/05\/17\/43684500502-83d61b0506-k-1536x1152.jpg 1536w, https:\/\/media.vozpopuli.com\/2021\/05\/17\/43684500502-83d61b0506-k-1568x1176.jpg 1568w, https:\/\/media.vozpopuli.com\/2021\/05\/17\/43684500502-83d61b0506-k-1200x900.jpg 1200w, https:\/\/media.vozpopuli.com\/2021\/05\/17\/43684500502-83d61b0506-k-800x600.jpg 800w, https:\/\/media.vozpopuli.com\/2021\/05\/17\/43684500502-83d61b0506-k-1000x750.jpg 1000w, https:\/\/media.vozpopuli.com\/2021\/05\/17\/43684500502-83d61b0506-k-660x495.jpg 660w, https:\/\/media.vozpopuli.com\/2021\/05\/17\/43684500502-83d61b0506-k-320x240.jpg 320w, https:\/\/media.vozpopuli.com\/2021\/05\/17\/43684500502-83d61b0506-k-490x368.jpg 490w, https:\/\/media.vozpopuli.com\/2021\/05\/17\/43684500502-83d61b0506-k-235x176.jpg 235w, https:\/\/media.vozpopuli.com\/2021\/05\/17\/43684500502-83d61b0506-k.jpg 2048w\" data-lazy-sizes=\"(max-width: 1024px) 100vw, 1024px\" data-lazy-src=\"https:\/\/media.vozpopuli.com\/2021\/05\/17\/43684500502-83d61b0506-k-1024x768.jpg\"\/><noscript><img decoding=\"async\" width=\"1024\" height=\"768\" src=\"https:\/\/media.vozpopuli.com\/2021\/05\/17\/43684500502-83d61b0506-k-1024x768.jpg\" alt=\"\" class=\"wp-image-524563\" srcset=\"https:\/\/media.vozpopuli.com\/2021\/05\/17\/43684500502-83d61b0506-k-1024x768.jpg 1024w, https:\/\/media.vozpopuli.com\/2021\/05\/17\/43684500502-83d61b0506-k-300x225.jpg 300w, https:\/\/media.vozpopuli.com\/2021\/05\/17\/43684500502-83d61b0506-k-768x576.jpg 768w, https:\/\/media.vozpopuli.com\/2021\/05\/17\/43684500502-83d61b0506-k-1536x1152.jpg 1536w, https:\/\/media.vozpopuli.com\/2021\/05\/17\/43684500502-83d61b0506-k-1568x1176.jpg 1568w, https:\/\/media.vozpopuli.com\/2021\/05\/17\/43684500502-83d61b0506-k-1200x900.jpg 1200w, https:\/\/media.vozpopuli.com\/2021\/05\/17\/43684500502-83d61b0506-k-800x600.jpg 800w, https:\/\/media.vozpopuli.com\/2021\/05\/17\/43684500502-83d61b0506-k-1000x750.jpg 1000w, https:\/\/media.vozpopuli.com\/2021\/05\/17\/43684500502-83d61b0506-k-660x495.jpg 660w, https:\/\/media.vozpopuli.com\/2021\/05\/17\/43684500502-83d61b0506-k-320x240.jpg 320w, https:\/\/media.vozpopuli.com\/2021\/05\/17\/43684500502-83d61b0506-k-490x368.jpg 490w, https:\/\/media.vozpopuli.com\/2021\/05\/17\/43684500502-83d61b0506-k-235x176.jpg 235w, https:\/\/media.vozpopuli.com\/2021\/05\/17\/43684500502-83d61b0506-k.jpg 2048w\" sizes=\"(max-width: 1024px) 100vw, 1024px\"\/><\/noscript><figcaption>Cascada en las Islas Azores. <em>Flickr<\/em><\/figcaption><\/figure>\n<p>Por \u00faltimo, la zona occidental<strong> llama la atenci\u00f3n por la multitud de cascadas naturales y las lagunas generadas por la actividad de los volcanes que podemos encontrar en la isla de\u00a0<strong>Flores<\/strong><\/strong>, para muchos la m\u00e1s bonita de las nueve. Adem\u00e1s, tambi\u00e9n est\u00e1 la isla de Corvo, conocida por ser la m\u00e1s peque\u00f1a, y que es especialmente atractiva para aquellos turistas aficionados de las aves y su observaci\u00f3n, ya que en ella se re\u00fanen varias especies de llegadas de Europa y de America.<\/p>\n<figure class=\"wp-block-image size-large\"><img decoding=\"async\" width=\"1024\" height=\"683\" src=\"data:image\/svg+xml,%3Csvg%20xmlns=\" http:=\"\" alt=\"\" class=\"wp-image-524572\" data-lazy-srcset=\"https:\/\/media.vozpopuli.com\/2021\/05\/17\/22895676423-c2052f62f2-k-1024x683.jpg 1024w, https:\/\/media.vozpopuli.com\/2021\/05\/17\/22895676423-c2052f62f2-k-300x200.jpg 300w, https:\/\/media.vozpopuli.com\/2021\/05\/17\/22895676423-c2052f62f2-k-768x512.jpg 768w, https:\/\/media.vozpopuli.com\/2021\/05\/17\/22895676423-c2052f62f2-k-1536x1024.jpg 1536w, https:\/\/media.vozpopuli.com\/2021\/05\/17\/22895676423-c2052f62f2-k-1568x1045.jpg 1568w, https:\/\/media.vozpopuli.com\/2021\/05\/17\/22895676423-c2052f62f2-k-1200x800.jpg 1200w, https:\/\/media.vozpopuli.com\/2021\/05\/17\/22895676423-c2052f62f2-k-1000x667.jpg 1000w, https:\/\/media.vozpopuli.com\/2021\/05\/17\/22895676423-c2052f62f2-k-660x440.jpg 660w, https:\/\/media.vozpopuli.com\/2021\/05\/17\/22895676423-c2052f62f2-k-320x213.jpg 320w, https:\/\/media.vozpopuli.com\/2021\/05\/17\/22895676423-c2052f62f2-k-490x327.jpg 490w, https:\/\/media.vozpopuli.com\/2021\/05\/17\/22895676423-c2052f62f2-k-235x157.jpg 235w, https:\/\/media.vozpopuli.com\/2021\/05\/17\/22895676423-c2052f62f2-k.jpg 2048w\" data-lazy-sizes=\"(max-width: 1024px) 100vw, 1024px\" data-lazy-src=\"https:\/\/media.vozpopuli.com\/2021\/05\/17\/22895676423-c2052f62f2-k-1024x683.jpg\"\/><noscript><img decoding=\"async\" width=\"1024\" height=\"683\" src=\"https:\/\/media.vozpopuli.com\/2021\/05\/17\/22895676423-c2052f62f2-k-1024x683.jpg\" alt=\"\" class=\"wp-image-524572\" srcset=\"https:\/\/media.vozpopuli.com\/2021\/05\/17\/22895676423-c2052f62f2-k-1024x683.jpg 1024w, https:\/\/media.vozpopuli.com\/2021\/05\/17\/22895676423-c2052f62f2-k-300x200.jpg 300w, https:\/\/media.vozpopuli.com\/2021\/05\/17\/22895676423-c2052f62f2-k-768x512.jpg 768w, https:\/\/media.vozpopuli.com\/2021\/05\/17\/22895676423-c2052f62f2-k-1536x1024.jpg 1536w, https:\/\/media.vozpopuli.com\/2021\/05\/17\/22895676423-c2052f62f2-k-1568x1045.jpg 1568w, https:\/\/media.vozpopuli.com\/2021\/05\/17\/22895676423-c2052f62f2-k-1200x800.jpg 1200w, https:\/\/media.vozpopuli.com\/2021\/05\/17\/22895676423-c2052f62f2-k-1000x667.jpg 1000w, https:\/\/media.vozpopuli.com\/2021\/05\/17\/22895676423-c2052f62f2-k-660x440.jpg 660w, https:\/\/media.vozpopuli.com\/2021\/05\/17\/22895676423-c2052f62f2-k-320x213.jpg 320w, https:\/\/media.vozpopuli.com\/2021\/05\/17\/22895676423-c2052f62f2-k-490x327.jpg 490w, https:\/\/media.vozpopuli.com\/2021\/05\/17\/22895676423-c2052f62f2-k-235x157.jpg 235w, https:\/\/media.vozpopuli.com\/2021\/05\/17\/22895676423-c2052f62f2-k.jpg 2048w\" sizes=\"(max-width: 1024px) 100vw, 1024px\"\/><\/noscript><figcaption>Plantaci\u00f3n de T\u00e9 en Isla de San Miguel. <em>Remy Sarma (Flickr)<\/em><\/figcaption><\/figure>\n<\/div>\n\n<p><em> &#8221; Fuentes www.vozpopuli.com &#8221; <\/em><\/p>\n","protected":false},"excerpt":{"rendered":"<p>El anuncio de Iberia de incorporar las Islas Azores (Portugal) como nuevo destino veraniego ofrecer\u00e1 a los viajeros la posibilidad de conocer este archipi\u00e9lago, una de las mayores maravillas naturales pertenecientes a Europa. Seg\u00fan ha anunciado Iberia, se convertir\u00e1 en el 114\u00ba destino de la aerol\u00ednea, ofreciendo dos vuelos directos a la semana a Ponta [&hellip;]<\/p>\n","protected":false},"author":4,"featured_media":128649,"comment_status":"open","ping_status":"closed","sticky":false,"template":"","format":"standard","meta":{"om_disable_all_campaigns":false,"jnews-multi-image_gallery":[],"jnews_single_post":[],"jnews_primary_category":[],"jnews_social_meta":[],"footnotes":""},"categories":[40],"tags":[],"class_list":["post-128648","post","type-post","status-publish","format-standard","has-post-thumbnail","hentry","category-industria"],"_links":{"self":[{"href":"https:\/\/dimensionturistica.com\/es\/wp-json\/wp\/v2\/posts\/128648","targetHints":{"allow":["GET"]}}],"collection":[{"href":"https:\/\/dimensionturistica.com\/es\/wp-json\/wp\/v2\/posts"}],"about":[{"href":"https:\/\/dimensionturistica.com\/es\/wp-json\/wp\/v2\/types\/post"}],"author":[{"embeddable":true,"href":"https:\/\/dimensionturistica.com\/es\/wp-json\/wp\/v2\/users\/4"}],"replies":[{"embeddable":true,"href":"https:\/\/dimensionturistica.com\/es\/wp-json\/wp\/v2\/comments?post=128648"}],"version-history":[{"count":0,"href":"https:\/\/dimensionturistica.com\/es\/wp-json\/wp\/v2\/posts\/128648\/revisions"}],"wp:featuredmedia":[{"embeddable":true,"href":"https:\/\/dimensionturistica.com\/es\/wp-json\/wp\/v2\/media\/128649"}],"wp:attachment":[{"href":"https:\/\/dimensionturistica.com\/es\/wp-json\/wp\/v2\/media?parent=128648"}],"wp:term":[{"taxonomy":"category","embeddable":true,"href":"https:\/\/dimensionturistica.com\/es\/wp-json\/wp\/v2\/categories?post=128648"},{"taxonomy":"post_tag","embeddable":true,"href":"https:\/\/dimensionturistica.com\/es\/wp-json\/wp\/v2\/tags?post=128648"}],"curies":[{"name":"wp","href":"https:\/\/api.w.org\/{rel}","templated":true}]}}