{"id":128594,"date":"2021-05-17T14:02:38","date_gmt":"2021-05-17T14:02:38","guid":{"rendered":"https:\/\/dimensionturistica.com\/es\/?p=128594"},"modified":"2021-05-17T14:02:38","modified_gmt":"2021-05-17T14:02:38","slug":"turismo-de-la-gomera-refuerza-sus-acciones-promocionales-en-el-mercado-italiano","status":"publish","type":"post","link":"https:\/\/dimensionturistica.com\/es\/turismo-de-la-gomera-refuerza-sus-acciones-promocionales-en-el-mercado-italiano\/","title":{"rendered":"Turismo de La Gomera refuerza sus acciones promocionales en el mercado italiano"},"content":{"rendered":"<p> <br \/>\n<\/p>\n<div>\n<div class=\"td-post-featured-image\">\n<figure><a rel=\"nofollow noopener\" target=\"_blank\" href=\"https:\/\/www.gomeranoticias.com\/wp-content\/uploads\/2021\/05\/170521-Corresponsales-de-la-Agencia-Nacional-Italiana-de-Noticias-durante-su-viaje-de-prensa-por-La-Gomera-scaled.jpg\" data-caption=\"Corresponsales de la Agencia Nacional Italiana de Noticias durante su viaje de prensa por La Gomera\"><img decoding=\"async\" width=\"696\" height=\"319\" class=\"entry-thumb td-modal-image\" src=\"https:\/\/www.gomeranoticias.com\/wp-content\/uploads\/2021\/05\/170521-Corresponsales-de-la-Agencia-Nacional-Italiana-de-Noticias-durante-su-viaje-de-prensa-por-La-Gomera-696x319.jpg\" srcset=\"https:\/\/www.gomeranoticias.com\/wp-content\/uploads\/2021\/05\/170521-Corresponsales-de-la-Agencia-Nacional-Italiana-de-Noticias-durante-su-viaje-de-prensa-por-La-Gomera-696x319.jpg 696w, https:\/\/www.gomeranoticias.com\/wp-content\/uploads\/2021\/05\/170521-Corresponsales-de-la-Agencia-Nacional-Italiana-de-Noticias-durante-su-viaje-de-prensa-por-La-Gomera-300x138.jpg.pagespeed.ce.5yQWrNt2G8.jpg 300w, https:\/\/www.gomeranoticias.com\/wp-content\/uploads\/2021\/05\/170521-Corresponsales-de-la-Agencia-Nacional-Italiana-de-Noticias-durante-su-viaje-de-prensa-por-La-Gomera-scaled.jpg 1024w, https:\/\/www.gomeranoticias.com\/wp-content\/uploads\/2021\/05\/170521-Corresponsales-de-la-Agencia-Nacional-Italiana-de-Noticias-durante-su-viaje-de-prensa-por-La-Gomera-1536x704.jpg 1536w, https:\/\/www.gomeranoticias.com\/wp-content\/uploads\/2021\/05\/170521-Corresponsales-de-la-Agencia-Nacional-Italiana-de-Noticias-durante-su-viaje-de-prensa-por-La-Gomera-2048x939.jpg 2048w, https:\/\/www.gomeranoticias.com\/wp-content\/uploads\/2021\/05\/170521-Corresponsales-de-la-Agencia-Nacional-Italiana-de-Noticias-durante-su-viaje-de-prensa-por-La-Gomera-1068x490.jpg 1068w, https:\/\/www.gomeranoticias.com\/wp-content\/uploads\/2021\/05\/170521-Corresponsales-de-la-Agencia-Nacional-Italiana-de-Noticias-durante-su-viaje-de-prensa-por-La-Gomera-916x420.jpg 916w\" sizes=\"(max-width: 696px) 100vw, 696px\" alt=\"\" title=\"Corresponsales de la Agencia Nacional Italiana de Noticias durante su viaje de prensa por La Gomera\" data-pagespeed-url-hash=\"749736675\" onload=\"pagespeed.CriticalImages.checkImageForCriticality(this);\"\/><\/a><figcaption class=\"wp-caption-text\">Corresponsales de la Agencia Nacional Italiana de Noticias durante su viaje de prensa por La Gomera<\/figcaption><\/figure>\n<\/div>\n<p dir=\"ltr\">El Cabildo de La Gomera, a trav\u00e9s de la Consejer\u00eda insular de Turismo, refuerza sus acciones promocionales en el mercado italiano a trav\u00e9s de la participaci\u00f3n de la marca Turismo de La Gomera en la feria tur\u00edstica BIT de Mil\u00e1n para promocionar la isla como destino vacacional seguro y sostenible. Asimismo, durante el pasado fin de semana, dos corresponsales de la Agencia Nacional Italiana de Noticias visitaron la isla para dar a conocer en medios de comunicaci\u00f3n especializados la oferta gastron\u00f3mica gomera.<\/p>\n<p dir=\"ltr\">La consejera de Turismo, Mar\u00eda Isabel M\u00e9ndez, destac\u00f3 una vez m\u00e1s la hoja de ruta llevada a cabo desde el \u00e1rea de Turismo, que ha permitido mantener la participaci\u00f3n de La Gomera en las principales ferias tur\u00edsticas europeas y nacionales. \u201cDesde la Instituci\u00f3n insular nos hemos coordinado con todos los agentes vinculados al sector para trabajar en conjunto en aras de seguir la senda de la recuperaci\u00f3n tur\u00edstica, mostrando La Gomera como destino vacacional seguro, sostenible, y alejado del turismo de masas, caracter\u00edsticas altamente demandadas y que en la isla se traducen en buenos datos epidemiol\u00f3gicos y baja incidencia de la Covid-19\u201d, apunt\u00f3.<\/p>\n<p dir=\"ltr\">M\u00e9ndez detall\u00f3 que La Gomera particip\u00f3 entre los d\u00edas 9 y 11 de mayo en la feria tur\u00edstica BIT de Mil\u00e1n, una de las mayores exposiciones de Italia para mostrar la mejor oferta tur\u00edstica nacional e internacional, que este a\u00f1o se celebr\u00f3 de manera telem\u00e1tica. \u201cDesde la plataforma virtual empleada para el evento, los touroperadores y agentes de viajes interesados en la isla han podido ponerse en contacto con un promotor tur\u00edstico, adem\u00e1s de tener a su alcance toda la informaci\u00f3n tur\u00edstica del destino, como mapas tur\u00edsticos, de senderos, im\u00e1genes, gu\u00edas, y muchos materiales descargables m\u00e1s\u201d, a\u00f1adi\u00f3.<\/p>\n<p dir=\"ltr\">Las reuniones concertadas con los profesionales del sector tur\u00edstico tambi\u00e9n han permitido divulgar la oferta tur\u00edstica de La Gomera, que adem\u00e1s ha sido promocionada como destino superb para viajes escolares, en los que la educaci\u00f3n, la cultura y la diversi\u00f3n para los j\u00f3venes se combinan. Asimismo, touroperadores y agentes de viajes expresaron especial inter\u00e9s en cuestiones relacionadas con la isla como la oferta alojativa, su gastronom\u00eda y su cultura, as\u00ed como sus caracter\u00edsticas como destino sostenible y de naturaleza.<\/p>\n<p dir=\"ltr\">La titular de Turismo tambi\u00e9n inform\u00f3 acerca de la visita a la isla, que se realiz\u00f3 en los d\u00edas del 13 al 16 de mayo, de dos corresponsales de la Agencia Nacional de Noticias Italiana (ANSA) y colaboradores de conocidas webs espa\u00f1olas de turismo gastron\u00f3mico. \u201cLos periodistas tuvieron la oportunidad de visitar bodegas, molinos de gofio, y presenciar la elaboraci\u00f3n de la miel de palma, as\u00ed como degustar los platos t\u00edpicos gomeros, entre otras actividades de \u00e1mbito hist\u00f3rico-cultural y turismo activo\u201d, apunt\u00f3.<\/p>\n<p dir=\"ltr\"><span id=\"m_1408044782296908728gmail-docs-internal-guid-d2c73e96-7fff-9a1b-8c73-3b5b85dee5a9\">Con esta acci\u00f3n, los profesionales de la comunicaci\u00f3n pueden conocer in situ La Gomera como un destino de calidad y diferenciado, y toda la informaci\u00f3n y experiencias que recopilen durante su estancia en la isla ser\u00e1n publicadas en distintos medios especializados para llegar al p\u00fablico objetivo.<\/span><\/p>\n<\/div>\n\n<p><em> &#8221; Fuentes www.gomeranoticias.com &#8221; <\/em><\/p>\n","protected":false},"excerpt":{"rendered":"<p>Corresponsales de la Agencia Nacional Italiana de Noticias durante su viaje de prensa por La Gomera El Cabildo de La Gomera, a trav\u00e9s de la Consejer\u00eda insular de Turismo, refuerza sus acciones promocionales en el mercado italiano a trav\u00e9s de la participaci\u00f3n de la marca Turismo de La Gomera en la feria tur\u00edstica BIT de [&hellip;]<\/p>\n","protected":false},"author":4,"featured_media":128595,"comment_status":"open","ping_status":"closed","sticky":false,"template":"","format":"standard","meta":{"om_disable_all_campaigns":false,"jnews-multi-image_gallery":[],"jnews_single_post":[],"jnews_primary_category":[],"jnews_social_meta":[],"footnotes":""},"categories":[40],"tags":[],"class_list":["post-128594","post","type-post","status-publish","format-standard","has-post-thumbnail","hentry","category-industria"],"_links":{"self":[{"href":"https:\/\/dimensionturistica.com\/es\/wp-json\/wp\/v2\/posts\/128594","targetHints":{"allow":["GET"]}}],"collection":[{"href":"https:\/\/dimensionturistica.com\/es\/wp-json\/wp\/v2\/posts"}],"about":[{"href":"https:\/\/dimensionturistica.com\/es\/wp-json\/wp\/v2\/types\/post"}],"author":[{"embeddable":true,"href":"https:\/\/dimensionturistica.com\/es\/wp-json\/wp\/v2\/users\/4"}],"replies":[{"embeddable":true,"href":"https:\/\/dimensionturistica.com\/es\/wp-json\/wp\/v2\/comments?post=128594"}],"version-history":[{"count":0,"href":"https:\/\/dimensionturistica.com\/es\/wp-json\/wp\/v2\/posts\/128594\/revisions"}],"wp:featuredmedia":[{"embeddable":true,"href":"https:\/\/dimensionturistica.com\/es\/wp-json\/wp\/v2\/media\/128595"}],"wp:attachment":[{"href":"https:\/\/dimensionturistica.com\/es\/wp-json\/wp\/v2\/media?parent=128594"}],"wp:term":[{"taxonomy":"category","embeddable":true,"href":"https:\/\/dimensionturistica.com\/es\/wp-json\/wp\/v2\/categories?post=128594"},{"taxonomy":"post_tag","embeddable":true,"href":"https:\/\/dimensionturistica.com\/es\/wp-json\/wp\/v2\/tags?post=128594"}],"curies":[{"name":"wp","href":"https:\/\/api.w.org\/{rel}","templated":true}]}}