{"id":128571,"date":"2021-05-17T13:06:53","date_gmt":"2021-05-17T13:06:53","guid":{"rendered":"https:\/\/dimensionturistica.com\/es\/?p=128571"},"modified":"2021-05-17T13:06:53","modified_gmt":"2021-05-17T13:06:53","slug":"alboraya-massamagrell-y-torres-torres-ensalzan-la-ruta-del-camino-del-santo-grial-en-su-paso-por-los-municipios-en-la-i-quincena-cultural","status":"publish","type":"post","link":"https:\/\/dimensionturistica.com\/es\/alboraya-massamagrell-y-torres-torres-ensalzan-la-ruta-del-camino-del-santo-grial-en-su-paso-por-los-municipios-en-la-i-quincena-cultural\/","title":{"rendered":"Alboraya, Massamagrell y Torres Torres ensalzan la ruta del Camino del Santo Grial en su paso por los municipios en la &#8220;I Quincena Cultural&#8221;"},"content":{"rendered":"<p> <br \/>\n<\/p>\n<div>\n<div class=\"td-post-featured-image\">\n<figure><a rel=\"nofollow noopener\" target=\"_blank\" href=\"https:\/\/comarcalcv.com\/wp-content\/uploads\/2021\/05\/Captura-de-pantalla-2021-05-17-a-las-14.42.40-e1621255257493.png\" data-caption=\"Uno de los momentos de la presentaci\u00f3n \"><img decoding=\"async\" width=\"653\" height=\"582\" class=\"entry-thumb td-modal-image\" src=\"https:\/\/comarcalcv.com\/wp-content\/uploads\/2021\/05\/Captura-de-pantalla-2021-05-17-a-las-14.42.40-e1621255257493.png\" srcset=\"https:\/\/comarcalcv.com\/wp-content\/uploads\/2021\/05\/Captura-de-pantalla-2021-05-17-a-las-14.42.40-e1621255257493.png 653w, https:\/\/comarcalcv.com\/wp-content\/uploads\/2021\/05\/Captura-de-pantalla-2021-05-17-a-las-14.42.40-e1621255257493-300x267.png 300w, https:\/\/comarcalcv.com\/wp-content\/uploads\/2021\/05\/Captura-de-pantalla-2021-05-17-a-las-14.42.40-e1621255257493-471x420.png 471w\" sizes=\"(max-width: 653px) 100vw, 653px\" alt=\"\" title=\"Uno de los momentos de la presentaci\u00f3n\"\/><\/a><figcaption class=\"wp-caption-text\">Uno de los momentos de la presentaci\u00f3n<\/figcaption><\/figure>\n<\/div>\n<blockquote class=\"td_quote_box td_box_center\">\n<h4 style=\"text-align: left\">El director de Go to Valencia, Toni Bernab\u00e9 ha afirmado en la presentaci\u00f3n a los medios que el turismo religioso representa en el mundo \u201cm\u00e1s de 3 millones de viajes\u201d y todo esto muestra \u201cque existe una motivaci\u00f3n por visitar y saber m\u00e1s acerca de lugares religiosos\u201d.<\/h4>\n<\/blockquote>\n<p>La Asociaci\u00f3n Cultural El Camino del Santo Grial ha presentado este lunes en el Mercado Central de Valencia la exposici\u00f3n \u201cEl Camino del Santo Grial, Ruta del Conocimiento, camino de la Paz\u201d que podr\u00e1 visitarse en el mismo lugar hasta el 30 de mayo.<\/p>\n<p>Han acudido a dicho acto Ana Maf\u00e9 Garc\u00eda, presidenta de la Asociaci\u00f3n Cultural El Camino del Santo Grial; Francesc Colomer, Secretario Auton\u00f3mico de Turismo; Emiliano Garc\u00eda, Concejal de Turismo del Ayuntamiento de Valencia; Antonio Bernab\u00e9 Garc\u00eda, Director Gerente en Fundaci\u00f3n Turismo Valencia; el alcalde de Alboraya, Miguel Chavarr\u00eda; el alcalde de Massamagrell, Paco G\u00f3mez Laserna; Alberto Izquierdo Vicente, vicepresidente de la diputaci\u00f3n de Teruel, junto con distintas autoridades de la diputaci\u00f3n de Teruel y la alcaldesa de Torres Torres, Amparo Bol\u00f3s.<\/p>\n<p>El director de Go to Valencia, Toni Bernab\u00e9 ha afirmado en la presentaci\u00f3n que el turismo religioso representa en el mundo \u201cm\u00e1s de 3 millones de viajes\u201d y todo esto muestra \u201cque existe una motivaci\u00f3n por visitar y saber m\u00e1s acerca de lugares religiosos\u201d, asegura.<\/p>\n<p>Por este motivo, el director ha detallado que el objetivo que prosigue dicho proyecto es \u201cponer en valor el potencial que tiene la religi\u00f3n para la ciudad de Valencia y por esto, lo importante para nosotros es hacerlo progresivamente para que se pueda posicionar en el mercado\u201d. As\u00ed, \u201cestamos trabajando mucho y bien para construir esta ruta\u201d, ha explicado Bernab\u00e9.<\/p>\n<p>A su vez, el edil de Alboraya, Miguel Chavarr\u00eda y el de Massamagrell, Paco G\u00f3mez Laserna, han mostrado el compromiso de ambos consistorios por \u201cdinamizar el turismo y hacer que este proyecto salga hacia delante\u201d. Y es que, dichos municipios est\u00e1n presentes en El Camino del Santo Grial, por lo que Chavarr\u00eda ha detallado que Alboraya es \u201cel punto de encuentro y de conocer m\u00e1s nuestra comunidad y huerta, ya que son 6 rutas de este camino las que tenemos por el municipio\u201d. Adem\u00e1s, el edil considera que \u201ces el punto ideal de descanso antes de llegar a Santiago de Compostela, final del Camino de Santiago\u201d.<\/p>\n<p>A su vez, el concejal de Quart de Poblet y exdiputado provincial, Bartolom\u00e9 Nofuentes ha detallado que este proyecto tiene un alcance \u201cque ninguno de nosotros imagin\u00e1bamos que pod\u00eda alcanzar\u201d puesto que \u201ces un proyecto integrador y accesible a cualquier persona\u201d, explica el concejal.<\/p>\n<p>En \u00faltima instancia, el vicepresidente primero de la Diputaci\u00f3n Provincial de Teruel, Alberto Izquierdo Vicente ha reiterado la importancia de poner en relieve \u201cque no existe una barrera, ya que nosotros conseguimos potenciar esos lazos de uni\u00f3n entre la comunidad de Teruel y Valencia\u201d.<\/p>\n<p><strong>Una programaci\u00f3n completa durante esta I QUINCENA CULTURAL<\/strong><\/p>\n<p>Esta extensa muestra recoge los acontecimientos m\u00e1s se\u00f1alados de la Asociaci\u00f3n, Aula Grial y el recorrido de \u201cEl Camino del Santo Grial, Ruta del Conocimiento, camino de la Paz\u201d como ruta tur\u00edstica, hist\u00f3rica, deportiva y cultural que une el Pirineo de Huesca con la ciudad de Valencia, atravesando toda la comunidad aut\u00f3noma de Arag\u00f3n de norte a sur.<\/p>\n<p>Asimismo, durante la quincena cultural todos los d\u00edas a las 11:00 h se llevar\u00e1n a cabo diferentes actividades. Concretamente, este lunes (d\u00eda en el que se ha presentado el proyecto y se ha hecho un acto inaugural) se ha realizado un programa de radio en directo.<\/p>\n<p>Posteriormente, este martes 18 de mayo se realizar\u00e1 una mesa debate sobre \u201cAgentes de viaje, Peregrinaciones y el Camino del Santo Grial\u201d, en el que participar\u00e1\u00a0 Ana Maf\u00e9 Garc\u00eda, modera la mesa de debate, Gustavo Riveiro D\u2019Angelo, Director del departamento de Pastoral del Turismo de la Conferencia Episcopal Espa\u00f1ola (CEE),\u00a0 Jos\u00e9 Mar\u00eda Pizcueta Gaspar, Director Valten Journey, Jos\u00e9 Mas Cardona, Director Traves\u00eda Viajes, Amparo S\u00e1nchez Ribes, Secretaria Amigos del Camino de Santiago en la Comunidad Valenciana.<\/p>\n<p>El mi\u00e9rcoles 19 tendr\u00e1 lugar otra mesa debate con Ana Maf\u00e9 Garc\u00eda, modera la mesa de debate, para hablar sobre la celebraci\u00f3n del d\u00eda de la Comunitat Valenciana en FITUR\u2014Madrid. El 20 mayo otra mesa debate sobre \u201cPlanes Tur\u00edsticos para desarrolla el Camino del Santo Grial\u201d con Ana Maf\u00e9 Garc\u00eda, modera la mesa de debate,\u00a0 Bartolom\u00e9 Nofuentes L\u00f3pez, Responsable de Proyectos Europeos en el Ayuntamiento de Quart de Poblet y presidente de EUMAHS, Ana Isabel Nevot Rubio, Vicepresidenta Asociaci\u00f3n de Amics del Corpus de la Ciudad de Valencia,\u00a0 Jos\u00e9 Mar\u00eda Chiquillo Barber, presidente de la Pink Internacional UNESCO RUTAS DE LAS SEDA On-line Platform, Jos\u00e9 Enrique Aguar, presidente de Contigo Somos Democracia.<\/p>\n<p>El 21 mayo tendr\u00e1 lugar la \u201cGastronom\u00eda del Camino del Santo Grial\u201d, en el que participar\u00e1n Jos\u00e9 Cu\u00f1at, cr\u00edtico gastron\u00f3mico, Juan Salvador Gay\u00e1, gastr\u00f3nomo y escritor, Juanjo Rausell, Presidente del Gremio de Panaderos y Estefan\u00eda Do\u00f1ate de la Empresa trufera de Albentosa, de Teruel.<\/p>\n<p>El 22 mayo otra mesa debate sobre \u201cDeporte y cultura Inclusiva\u201d\u00a0 con Ana Maf\u00e9 Garc\u00eda, modera la mesa de debate, Domingo Santo L\u00f3pez, Experto randonneur\u2014Pe\u00f1a Ciclista de Massamagrell. El 23 mayo una clase magistral sobre El Santo Grial con Ana Maf\u00e9 Garc\u00eda, Presidenta Comisi\u00f3n Cient\u00edfica Internacional de Estudios del Santo Grial.<\/p>\n<p>El 24, 25 y 28 tendr\u00e1 lugar otras mesas de debate sobre \u201cGu\u00edas de Turismo, Aula Grial y Divulgaci\u00f3n del Camino del Santo Grial\u201d, \u201cEl Relato Art\u00edstico el Camino del Santo Grial\u201d, \u201cAlcaldes del Camino del Santo Grial- Teruel\u201d y \u201cMesa debate, Periodismo, Divulgaci\u00f3n y el Camino del Santo Grial\u201d.<\/p>\n<p>En \u00faltima instancia, el d\u00eda 29 mayo se realizar\u00e1 una conferencia sobre \u201d Historia, tradici\u00f3n y leyenda del Camino del Santo Grial\u201d en la que participar\u00e1 Ana Maf\u00e9 Garc\u00eda, presidenta de la Asociaci\u00f3n Cultural El Camino del Santo Grial y el 30 mayo una \u201cPerformance Art\u00edstica\u201d con una art\u00edstica pl\u00e1stica experta en la iconograf\u00eda del Santo Grial realiza una efficiency en torno al Santo Grial.<\/p>\n<\/div>\n\n<p><em> &#8221; Fuentes comarcalcv.com &#8221; <\/em><\/p>\n","protected":false},"excerpt":{"rendered":"<p>Uno de los momentos de la presentaci\u00f3n El director de Go to Valencia, Toni Bernab\u00e9 ha afirmado en la presentaci\u00f3n a los medios que el turismo religioso representa en el mundo \u201cm\u00e1s de 3 millones de viajes\u201d y todo esto muestra \u201cque existe una motivaci\u00f3n por visitar y saber m\u00e1s acerca de lugares religiosos\u201d. La [&hellip;]<\/p>\n","protected":false},"author":4,"featured_media":128566,"comment_status":"open","ping_status":"closed","sticky":false,"template":"","format":"standard","meta":{"om_disable_all_campaigns":false,"jnews-multi-image_gallery":[],"jnews_single_post":[],"jnews_primary_category":[],"jnews_social_meta":[],"footnotes":""},"categories":[40],"tags":[],"class_list":["post-128571","post","type-post","status-publish","format-standard","has-post-thumbnail","hentry","category-industria"],"_links":{"self":[{"href":"https:\/\/dimensionturistica.com\/es\/wp-json\/wp\/v2\/posts\/128571","targetHints":{"allow":["GET"]}}],"collection":[{"href":"https:\/\/dimensionturistica.com\/es\/wp-json\/wp\/v2\/posts"}],"about":[{"href":"https:\/\/dimensionturistica.com\/es\/wp-json\/wp\/v2\/types\/post"}],"author":[{"embeddable":true,"href":"https:\/\/dimensionturistica.com\/es\/wp-json\/wp\/v2\/users\/4"}],"replies":[{"embeddable":true,"href":"https:\/\/dimensionturistica.com\/es\/wp-json\/wp\/v2\/comments?post=128571"}],"version-history":[{"count":0,"href":"https:\/\/dimensionturistica.com\/es\/wp-json\/wp\/v2\/posts\/128571\/revisions"}],"wp:featuredmedia":[{"embeddable":true,"href":"https:\/\/dimensionturistica.com\/es\/wp-json\/wp\/v2\/media\/128566"}],"wp:attachment":[{"href":"https:\/\/dimensionturistica.com\/es\/wp-json\/wp\/v2\/media?parent=128571"}],"wp:term":[{"taxonomy":"category","embeddable":true,"href":"https:\/\/dimensionturistica.com\/es\/wp-json\/wp\/v2\/categories?post=128571"},{"taxonomy":"post_tag","embeddable":true,"href":"https:\/\/dimensionturistica.com\/es\/wp-json\/wp\/v2\/tags?post=128571"}],"curies":[{"name":"wp","href":"https:\/\/api.w.org\/{rel}","templated":true}]}}