{"id":128553,"date":"2021-05-17T12:39:32","date_gmt":"2021-05-17T12:39:32","guid":{"rendered":"https:\/\/dimensionturistica.com\/es\/?p=128553"},"modified":"2021-05-17T12:39:33","modified_gmt":"2021-05-17T12:39:33","slug":"la-rioja-acude-a-fitur-para-mostrarse-como-un-destino-seguro-con-una-amplia-oferta-turistica","status":"publish","type":"post","link":"https:\/\/dimensionturistica.com\/es\/la-rioja-acude-a-fitur-para-mostrarse-como-un-destino-seguro-con-una-amplia-oferta-turistica\/","title":{"rendered":"La Rioja acude a FITUR para mostrarse como un destino seguro con una amplia oferta tur\u00edstica"},"content":{"rendered":"<p> <br \/>\n<\/p>\n<div>\n<div class=\"td-post-featured-image\"><a rel=\"nofollow noopener\" target=\"_blank\" href=\"https:\/\/laprensadelrioja.com\/wp-content\/uploads\/2021\/05\/laRioja_fitur.jpg\" data-caption=\"\"><img decoding=\"async\" width=\"696\" height=\"418\" class=\"entry-thumb td-modal-image\" src=\"https:\/\/laprensadelrioja.com\/wp-content\/uploads\/2021\/05\/laRioja_fitur-696x418.jpg\" srcset=\"https:\/\/laprensadelrioja.com\/wp-content\/uploads\/2021\/05\/laRioja_fitur-696x418.jpg 696w, https:\/\/laprensadelrioja.com\/wp-content\/uploads\/2021\/05\/laRioja_fitur-300x180.jpg 300w, https:\/\/laprensadelrioja.com\/wp-content\/uploads\/2021\/05\/laRioja_fitur-768x461.jpg 768w, https:\/\/laprensadelrioja.com\/wp-content\/uploads\/2021\/05\/laRioja_fitur-1024x614.jpg 1024w, https:\/\/laprensadelrioja.com\/wp-content\/uploads\/2021\/05\/laRioja_fitur-1068x641.jpg 1068w, https:\/\/laprensadelrioja.com\/wp-content\/uploads\/2021\/05\/laRioja_fitur-700x420.jpg 700w, https:\/\/laprensadelrioja.com\/wp-content\/uploads\/2021\/05\/laRioja_fitur.jpg 1400w\" sizes=\"(max-width: 696px) 100vw, 696px\" alt=\"\" title=\"laRioja_fitur\"\/><\/a><\/div>\n<p><em>Las actividades que se realizar\u00e1n en el stand de la regi\u00f3n, que podr\u00e1n seguirse por streaming, fusionan elementos tradicionales y digitales e invitan a los visitantes a que descubran todos los encantos que tiene La Rioja como destino tur\u00edstico seguro bajo el lema Reserva para volver a \u2018esas peque\u00f1as cosas que siguen emocion\u00e1ndonos\u2019<\/em><\/p>\n<p>El consejero de Desarrollo Auton\u00f3mico, Jos\u00e9 \u00c1ngel Lacalzada y el director basic de Turismo, Ramiro Gil, han presentado las novedades y actividades de La Rioja en la\u00a0Feria Internacional de Turismo FITUR 2021, que se celebrar\u00e1 en Madrid entre el mi\u00e9rcoles 19 de mayo y el domingo 23\u00a0y que contar\u00e1 con\u00a0la presencia de la presidenta del Gobierno de La Rioja, Concha Andreu, el mi\u00e9rcoles 19.<\/p>\n<p>El consejero de Desarrollo Auton\u00f3mico ha se\u00f1alado que la celebraci\u00f3n \u201cde la feria de turismo m\u00e1s importante de nuestro pa\u00eds, en una edici\u00f3n diferente, at\u00edpica y extraordinario, como todo en estos tiempos, donde el COVID dibuja sus normas\u201d supone \u201cun motivo de celebraci\u00f3n en nuestra lucha colectiva contra el virus\u201d. Lacalzada ha recordado que este a\u00f1o \u201cLa Rioja acude bajo la normativa dise\u00f1ada por las autoridades sanitarias, lo que se traduce en que todas las acciones y actividades que se van a desarrollar en nuestro stand, est\u00e1n sujetas a dicha normativa.\u00a0Una edici\u00f3n\u00a0m\u00e1s digital, tal vez menos presencial, que tenemos que ver como un reto ya que para el stand de La Rioja \u00e9ste ser\u00e1 un FITUR m\u00e1s abierto al mundo,\u00a0puesto que todas nuestras acciones se retransmitir\u00e1n en directo\u201d.<\/p>\n<p>El consejero ha querido se\u00f1alar que\u00a0\u201ceste es el FITUR de la esperanza, de superar las incertidumbres que nos ha impuesto el virus y volver a reactivar un sector motor en el desarrollo econ\u00f3mico de La Rioja.\u00a0Para lograr que esa puntuaci\u00f3n que nos ofrecen las personas que nos conocen, con una media de sobresaliente de 4,5 sobre 5, seamos capaces de traducirlo en la excelencia que se merece este sector y esta regi\u00f3n que se redescubre en cada visita\u201d.<\/p>\n<p><strong>La Rioja como destino tur\u00edstico seguro en FITUR 2021<\/strong><\/p>\n<p>Por su parte, el director basic de Turismo ha explicado que este a\u00f1o\u00a0La Rioja acude con un nuevo stand dise\u00f1ado por el riojano Domingo Garc\u00eda\u00a0en el que se fusionan elementos tradicionales- se\u00f1as de identidad de esta tierra que se representan en una gran botella de vino realizada en madera como s\u00edmbolo no solo de este producto que nos sit\u00faa en el mundo, sino que tambi\u00e9n transmite nuestro paisaje, cultura,\u00a0 tradici\u00f3n y car\u00e1cter- con una notable puesta en escena digital destinada a reflejar una imagen m\u00e1s precise y alcanzar a visitantes de todo el mundo a trav\u00e9s del contenido on-line.<\/p>\n<p>\u201cLa Rioja se mostrar\u00e1 al mundo como un\u00a0destino seguro desde el punto sanitario y por sus caracter\u00edsticas demogr\u00e1ficas, paisaj\u00edsticas, as\u00ed como su oferta de ocio al aire libre y tambi\u00e9n por el esfuerzo realizado por parte de las administraciones p\u00fablicas, empresas tur\u00edsticas y agentes del sector\u201d\u00a0ha se\u00f1alado Gil. El director basic ha recordado que \u201cnuestros visitantes nos perciben como un destino que evoca sensaciones de tranquilidad, bienestar, relax, paz y belleza y por ello debemos seguir reforzando nuestra imagen como\u00a0un destino \u201cpara todos\u201d,\u00a0en el que tienen cabida todos los segmentos de poblaci\u00f3n, con una gama de actividades tur\u00edsticas que lo hacen apto para todas las edades y con una oferta tan diversa que permite satisfacer las orientaciones de disfrute tur\u00edstico y vacacional m\u00e1s completas sin importar la procedencia o el origen de los visitantes\u201d.<\/p>\n<p><strong>Aforos, medidas sanitarias y digitalizaci\u00f3n para un stand seguro<\/strong><\/p>\n<p>Todo ello comenzar\u00e1 a mostrarse a profesionales y visitantes en los diferentes espacios del\u00a0stand de La Rioja en FITUR, ubicado en el pabell\u00f3n 9 de IFEMA\u00a0en una parcela de 500 metros cuadrados,\u00a0que por supuesto adem\u00e1s cumple con\u00a0todas las medidas necesarias para garantizar la seguridad sanitaria de las personas que coincidan en el mismo.\u00a0Por este motivo, las zonas se distribuyen de manera que se respeta la distancia social (1,5 metros interpersonal) y establecen diferentes grados de accesibilidad seg\u00fan la labor que se haga en cada uno de ellos. Tambi\u00e9n habr\u00e1 dispensador autom\u00e1tico de gel hidroalcoh\u00f3lico, torre de desinfecci\u00f3n y medici\u00f3n de temperatura a la entrada; se\u00f1alizaci\u00f3n para que los flujos de circulaci\u00f3n sean organizados y purificador de aire. Adem\u00e1s, los tradicionales mostradores han sido sustituidos por herramientas de tecnolog\u00eda avanzada, que mostrar\u00e1n la variada oferta de recursos tur\u00edsticos de la regi\u00f3n a trav\u00e9s de informaci\u00f3n digitalizada que se podr\u00e1 exportar a los dispositivos privados de los usuarios.<\/p>\n<p>Respecto al aforo de los espacios, el stand acoge una zona de trabajo para 28 personas (distribuida en 7 mesas con un m\u00e1ximo de 4 personas); una zona de prensa para 12 personas (3 mesas de m\u00e1ximo con 4 personas); la zona de pantalla\/presentaciones con 10 mesas (m\u00e1ximo de 40 personas sentadas) con distanciamiento de mesas como en terrazas\/hosteler\u00eda y la zona de acogida y atenci\u00f3n para 20 personas como m\u00e1ximo de pie. La botella de madera es una escaperoom (planteada para 1 persona; pueden entrar dos a la vez si son convivientes) con un juego interactivo en el que los participantes podr\u00e1n conseguir la clave que les permita reservar La Rioja demostrando cu\u00e1nto saben sobre nosotros. Tambi\u00e9n habr\u00e1 un espacio denominado biblioteca en el que durante el fin de semana se desarrollar\u00e1n talleres de escritura medieval impartidos por Adolfo Falces, con diferentes pases horarios, abierto a grupos familiares con ni\u00f1os o solo de adultos (previa inscripci\u00f3n). Adem\u00e1s, en esa apuesta por favorecer la informaci\u00f3n y comunicaci\u00f3n de las actividades de La Rioja en FITUR 2021, todas las presentaciones ser\u00e1n retransmitidas por streaming a trav\u00e9s del canal de\u00a0<a rel=\"nofollow noopener\" target=\"_blank\" href=\"https:\/\/www.youtube.com\/channel\/UCJQ3E-NqLBJ_NUhYH8CpIZQ\">Youtube de La Rioja Turismo<\/a>, as\u00ed como en las diferentes publicaciones en los perfiles de sus redes sociales.<\/p>\n<p>Tambi\u00e9n,\u00a0por primera vez\u00a0<a rel=\"nofollow noopener\" target=\"_blank\" href=\"http:\/\/www.filmcommissionlarioja.org\/\">La Rioja Film Commission<\/a>\u00a0acude con su propio stand situado en el pabell\u00f3n 6 dentro de FITUR Display,\u00a0organizado en colaboraci\u00f3n con Spain Movie Fee. Una plataforma destinada a conectar la industria tur\u00edstica y la cinematogr\u00e1fica mediante la difusi\u00f3n del conocimiento sobre el turismo cinematogr\u00e1fico, el intercambio comercial entre los diferentes actores y la formulaci\u00f3n de propuestas de futuro para el desarrollo de este sector.\u00a0La Rioja Movie Fee\u00a0promocionar\u00e1 La Rioja como set de rodaje y abordar\u00e1 el potencial de las localizaciones riojanas en una presentaci\u00f3n titulada \u201cLa Rioja, set de videoclips\u201d.<\/p>\n<p>Como ha se\u00f1alado el director basic de Turismo, Ramiro Gil \u201cla adaptaci\u00f3n a las medidas sanitarias exigidas, a esa necesidad de tener una puesta en escena digital y porque La Rioja Film Commission acude con su propio espacio a FITUR Screen hacen que este a\u00f1o el presupuesto sea algo m\u00e1s elevado que en otras ediciones y ronde los 300.000 euros\u201d.<\/p>\n<p><a rel=\"nofollow noopener\" target=\"_blank\" href=\"https:\/\/laprensadelrioja.com\/la-prensa-del-rioja\/2011-05-06-15-24-8\/\">Suscr\u00edbete gratis a nuestro bolet\u00edn.\u00a1Pincha aqu\u00ed!<\/a><\/p>\n<div class=\"td-a-rec td-a-rec-id-content_bottom  \">\n<div class=\"g g-3\">\n<div class=\"g-single a-47\"><a rel=\"nofollow noopener\" target=\"_blank\" class=\"gofollow\" data-track=\"NDcsMywxLDYw\" href=\"https:\/\/www.amorimcork.com\/en\/\"><img decoding=\"async\" src=\"https:\/\/laprensadelrioja.com\/wp-content\/uploads\/2021\/02\/Banner_Naturity_964x170_ES-La-Prensa-del-Rioja.png\"\/><\/a><\/div>\n<\/div>\n<\/div><\/div>\n\n<p><em> &#8221; Fuentes laprensadelrioja.com &#8221; <\/em><\/p>\n","protected":false},"excerpt":{"rendered":"<p>Las actividades que se realizar\u00e1n en el stand de la regi\u00f3n, que podr\u00e1n seguirse por streaming, fusionan elementos tradicionales y digitales e invitan a los visitantes a que descubran todos los encantos que tiene La Rioja como destino tur\u00edstico seguro bajo el lema Reserva para volver a \u2018esas peque\u00f1as cosas que siguen emocion\u00e1ndonos\u2019 El consejero [&hellip;]<\/p>\n","protected":false},"author":4,"featured_media":128554,"comment_status":"open","ping_status":"closed","sticky":false,"template":"","format":"standard","meta":{"om_disable_all_campaigns":false,"jnews-multi-image_gallery":[],"jnews_single_post":[],"jnews_primary_category":[],"jnews_social_meta":[],"footnotes":""},"categories":[40],"tags":[],"class_list":["post-128553","post","type-post","status-publish","format-standard","has-post-thumbnail","hentry","category-industria"],"_links":{"self":[{"href":"https:\/\/dimensionturistica.com\/es\/wp-json\/wp\/v2\/posts\/128553","targetHints":{"allow":["GET"]}}],"collection":[{"href":"https:\/\/dimensionturistica.com\/es\/wp-json\/wp\/v2\/posts"}],"about":[{"href":"https:\/\/dimensionturistica.com\/es\/wp-json\/wp\/v2\/types\/post"}],"author":[{"embeddable":true,"href":"https:\/\/dimensionturistica.com\/es\/wp-json\/wp\/v2\/users\/4"}],"replies":[{"embeddable":true,"href":"https:\/\/dimensionturistica.com\/es\/wp-json\/wp\/v2\/comments?post=128553"}],"version-history":[{"count":0,"href":"https:\/\/dimensionturistica.com\/es\/wp-json\/wp\/v2\/posts\/128553\/revisions"}],"wp:featuredmedia":[{"embeddable":true,"href":"https:\/\/dimensionturistica.com\/es\/wp-json\/wp\/v2\/media\/128554"}],"wp:attachment":[{"href":"https:\/\/dimensionturistica.com\/es\/wp-json\/wp\/v2\/media?parent=128553"}],"wp:term":[{"taxonomy":"category","embeddable":true,"href":"https:\/\/dimensionturistica.com\/es\/wp-json\/wp\/v2\/categories?post=128553"},{"taxonomy":"post_tag","embeddable":true,"href":"https:\/\/dimensionturistica.com\/es\/wp-json\/wp\/v2\/tags?post=128553"}],"curies":[{"name":"wp","href":"https:\/\/api.w.org\/{rel}","templated":true}]}}