{"id":128536,"date":"2021-05-17T11:59:47","date_gmt":"2021-05-17T11:59:47","guid":{"rendered":"https:\/\/dimensionturistica.com\/es\/?p=128536"},"modified":"2021-05-17T11:59:47","modified_gmt":"2021-05-17T11:59:47","slug":"disneyland-paris-reabrira-sus-puertas-el-17-de-junio","status":"publish","type":"post","link":"https:\/\/dimensionturistica.com\/es\/disneyland-paris-reabrira-sus-puertas-el-17-de-junio\/","title":{"rendered":"Disneyland Par\u00eds reabrir\u00e1 sus puertas el 17 de junio"},"content":{"rendered":"<p> <br \/>\n<\/p>\n<div>\n<p>El parque <strong>Disneyland Par\u00eds<\/strong>, que se encuentra cerrado desde el 30 de octubre por las restricciones a ra\u00edz del <strong>Covid-19<\/strong>, reabrir\u00e1 sus puertas el 17 de junio, anunciaron este lunes sus responsables.<\/p>\n<p>&#8220;Nos complace anunciar que <strong>Disneyland Par\u00eds<\/strong> reabrir\u00e1 el 17 de junio de 2021 con los parques Disneyland y <strong>Walt Disney Studios<\/strong>, el hotel Newport Bay Club de Disney y Disney Village. Nuestra reapertura ir\u00e1 acompa\u00f1ada de las correspondientes medidas de seguridad y salud&#8221;, se\u00f1ala un comunicado de prensa.<\/p>\n<p>Las entradas ya est\u00e1n disponibles a la venta en el sitio internet del parque, as\u00ed como en agencias de viaje, <a rel=\"nofollow noopener\" target=\"_blank\" href=\"https:\/\/www.eleconomista.com.mx\/empresas\/Disneyland-reabre-sus-puertas-en-California-pero-Mickey-Mouse-no-abraza-a-los-visitantes-20210430-0073.html\">y no se vender\u00e1n en la taquilla del parque<\/a>.<\/p>\n<p>El parque no dio detalles sobre las condiciones de aforo que podr\u00edan aplicarse pero indic\u00f3 que <strong>todos los visitantes de al menos 6 a\u00f1os de edad deber\u00e1n portar cubrebocas<\/strong>.<\/p>\n<p><!-- Composite Start --> <\/p>\n<p>Ubicado a una treintena de kil\u00f3metros de la capital francesa, <strong>Disneyland Par\u00eds<\/strong> es el primer destino tur\u00edstico privado en Europa y emplea a 17,000 personas.<\/p>\n<\/p><\/div>\n<p><script>\n!function(f,b,e,v,n,t,s)\n{if(f.fbq)return;n=f.fbq=function(){n.callMethod?\nn.callMethod.apply(n,arguments):n.queue.push(arguments)};\nif(!f._fbq)f._fbq=n;n.push=n;n.loaded=!0;n.version='2.0';\nn.queue=[];t=b.createElement(e);t.async=!0;\nt.src=v;s=b.getElementsByTagName(e)[0];\ns.parentNode.insertBefore(t,s)}(window,document,'script',\n'https:\/\/connect.facebook.net\/en_US\/fbevents.js');\n fbq('init', '809027795973656'); \nfbq('track', 'PageView');\n<\/script><script>\n!function(f,b,e,v,n,t,s)\n{if(f.fbq)return;n=f.fbq=function(){n.callMethod?\nn.callMethod.apply(n,arguments):n.queue.push(arguments)};\nif(!f._fbq)f._fbq=n;n.push=n;n.loaded=!0;n.version='2.0';\nn.queue=[];t=b.createElement(e);t.async=!0;\nt.src=v;s=b.getElementsByTagName(e)[0];\ns.parentNode.insertBefore(t,s)}(window,document,'script',\n'https:\/\/connect.facebook.net\/en_US\/fbevents.js');\nfbq('init', '307764907300134');\nfbq('track', 'PageView');\n<\/script><br \/>\n<br \/><\/p>\n<p><em> &#8221; Fuentes www.eleconomista.com.mx &#8221; <\/em><\/p>\n","protected":false},"excerpt":{"rendered":"<p>El parque Disneyland Par\u00eds, que se encuentra cerrado desde el 30 de octubre por las restricciones a ra\u00edz del Covid-19, reabrir\u00e1 sus puertas el 17 de junio, anunciaron este lunes sus responsables. &#8220;Nos complace anunciar que Disneyland Par\u00eds reabrir\u00e1 el 17 de junio de 2021 con los parques Disneyland y Walt Disney Studios, el hotel [&hellip;]<\/p>\n","protected":false},"author":4,"featured_media":128537,"comment_status":"open","ping_status":"closed","sticky":false,"template":"","format":"standard","meta":{"om_disable_all_campaigns":false,"jnews-multi-image_gallery":[],"jnews_single_post":[],"jnews_primary_category":[],"jnews_social_meta":[],"footnotes":""},"categories":[40],"tags":[],"class_list":["post-128536","post","type-post","status-publish","format-standard","has-post-thumbnail","hentry","category-industria"],"_links":{"self":[{"href":"https:\/\/dimensionturistica.com\/es\/wp-json\/wp\/v2\/posts\/128536","targetHints":{"allow":["GET"]}}],"collection":[{"href":"https:\/\/dimensionturistica.com\/es\/wp-json\/wp\/v2\/posts"}],"about":[{"href":"https:\/\/dimensionturistica.com\/es\/wp-json\/wp\/v2\/types\/post"}],"author":[{"embeddable":true,"href":"https:\/\/dimensionturistica.com\/es\/wp-json\/wp\/v2\/users\/4"}],"replies":[{"embeddable":true,"href":"https:\/\/dimensionturistica.com\/es\/wp-json\/wp\/v2\/comments?post=128536"}],"version-history":[{"count":0,"href":"https:\/\/dimensionturistica.com\/es\/wp-json\/wp\/v2\/posts\/128536\/revisions"}],"wp:featuredmedia":[{"embeddable":true,"href":"https:\/\/dimensionturistica.com\/es\/wp-json\/wp\/v2\/media\/128537"}],"wp:attachment":[{"href":"https:\/\/dimensionturistica.com\/es\/wp-json\/wp\/v2\/media?parent=128536"}],"wp:term":[{"taxonomy":"category","embeddable":true,"href":"https:\/\/dimensionturistica.com\/es\/wp-json\/wp\/v2\/categories?post=128536"},{"taxonomy":"post_tag","embeddable":true,"href":"https:\/\/dimensionturistica.com\/es\/wp-json\/wp\/v2\/tags?post=128536"}],"curies":[{"name":"wp","href":"https:\/\/api.w.org\/{rel}","templated":true}]}}