{"id":128521,"date":"2021-05-17T11:42:52","date_gmt":"2021-05-17T11:42:52","guid":{"rendered":"https:\/\/dimensionturistica.com\/es\/?p=128521"},"modified":"2021-05-17T11:42:52","modified_gmt":"2021-05-17T11:42:52","slug":"video-sanchez-suma-costa-rica-a-su-viaje-a-argentina-para-reunirse-con-los-lideres-centroamericanos","status":"publish","type":"post","link":"https:\/\/dimensionturistica.com\/es\/video-sanchez-suma-costa-rica-a-su-viaje-a-argentina-para-reunirse-con-los-lideres-centroamericanos\/","title":{"rendered":"V\u00cdDEO: S\u00e1nchez suma Costa Rica a su viaje a Argentina para reunirse con los l\u00edderes centroamericanos"},"content":{"rendered":"<p> <br \/>\n<\/p>\n<div>\n<div class=\"visual__image  \"><img decoding=\"async\" alt=\"17-05-2021 El presidente del Gobierno, Pedro S\u00e1nchez, interviene en la inauguraci\u00f3n del IV Congreso Iberoamericano del Consejo Empresarial Alianza por Iberoam\u00e9rica (CEAPI), a 17 de mayo de 2021, en Madrid, (Espa\u00f1a). El encuentro, que se celebra el 17 y 18 de mayo, re\u00fane a varios l\u00edderes empresariales de la regi\u00f3n para debatir el papel social de la empresa como part\u00edcipe de un nuevo estado del bienestar y la recuperaci\u00f3n post pand\u00e9mica. Expertos analizar\u00e1n las claves del futuro econ\u00f3mico y social de Iberoam\u00e9rica, as\u00ed como el papel de la sostenibilidad, la digitalizaci\u00f3n o la colaboraci\u00f3n p\u00fablico-privada tendr\u00e1n en la recuperaci\u00f3n.&#13;&#10;POLITICA &#13;&#10;Isabel Infantes - Europa Press&#13;&#10;\" height=\"3456\" width=\"5184\" src=\"https:\/\/www.infobae.com\/new-resizer\/clOGZDayOcCwadpZnvW_DVfrd_s=\/420x280\/filters:format(jpg):quality(85)\/cloudfront-us-east-1.images.arcpublishing.com\/infobae\/3UQNN7OCD5G3LPY3UJNF7EWTJI.jpg\" srcset=\"https:\/\/www.infobae.com\/new-resizer\/clOGZDayOcCwadpZnvW_DVfrd_s=\/420x280\/filters:format(jpg):quality(85)\/cloudfront-us-east-1.images.arcpublishing.com\/infobae\/3UQNN7OCD5G3LPY3UJNF7EWTJI.jpg 420w,https:\/\/www.infobae.com\/new-resizer\/T2vJyEZYtOd6y9QtBAnVbQTQHVk=\/768x512\/filters:format(jpg):quality(85)\/cloudfront-us-east-1.images.arcpublishing.com\/infobae\/3UQNN7OCD5G3LPY3UJNF7EWTJI.jpg 768w,https:\/\/www.infobae.com\/new-resizer\/g0PvHL8GvUGVVoIdh2do_pjEkeA=\/992x661\/filters:format(jpg):quality(85)\/cloudfront-us-east-1.images.arcpublishing.com\/infobae\/3UQNN7OCD5G3LPY3UJNF7EWTJI.jpg 992w,https:\/\/www.infobae.com\/new-resizer\/INYrrJW36XmYuHtcXa6pznlgmTY=\/1200x800\/filters:format(jpg):quality(85)\/cloudfront-us-east-1.images.arcpublishing.com\/infobae\/3UQNN7OCD5G3LPY3UJNF7EWTJI.jpg 1200w\" sizes=\"auto, (min-width: 800px) 50vw, 90vw\" loading=\"lazy\"\/><figcaption class=\"\">17-05-2021 El presidente del Gobierno, Pedro S\u00e1nchez, interviene en la inauguraci\u00f3n del IV Congreso Iberoamericano del Consejo Empresarial Alianza por Iberoam\u00e9rica (CEAPI), a 17 de mayo de 2021, en Madrid, (Espa\u00f1a). El encuentro, que se celebra el 17 y 18 de mayo, re\u00fane a varios l\u00edderes empresariales de la regi\u00f3n para debatir el papel social de la empresa como part\u00edcipe de un nuevo estado del bienestar y la recuperaci\u00f3n submit pand\u00e9mica. Expertos analizar\u00e1n las claves del futuro econ\u00f3mico y social de Iberoam\u00e9rica, as\u00ed como el papel de la sostenibilidad, la digitalizaci\u00f3n o la colaboraci\u00f3n p\u00fablico-privada tendr\u00e1n en la recuperaci\u00f3n.&#13;<br \/>\nPOLITICA &#13;<br \/>\nIsabel Infantes &#8211; Europa Press&#13;<br \/>\n<\/figcaption><\/div>\n<p class=\"paragraph\">MADRID, 17 (EUROPA PRESS TELEVISI\u00d3N)<\/p>\n<p>El presidente del Gobierno, Pedro S\u00e1nchez, ha anunciado este lunes que adem\u00e1s de viajar a Argentina junto con empresarios el pr\u00f3ximo junio tambi\u00e9n se desplazar\u00e1 a Costa Rica para reunirse con los l\u00edderes centroamericanos.<\/p>\n<p>La gira, ha explicado durante su intervenci\u00f3n en la inauguraci\u00f3n del IV Congreso Iberoamericano del Consejo Empresarial Alianza por Iberoam\u00e9rica (CEAPI), arrancar\u00e1 el 8 de junio en Argentina, con Costa Rica como segunda etapa, y culminar\u00e1 el 11 de junio. En ella, ha indicado, estar\u00e1 acompa\u00f1ado &#8220;por empresas espa\u00f1olas muy importantes&#8221;.<\/p>\n<p>S\u00e1nchez hab\u00eda anunciado su viaje a Argentina durante la visita que realiz\u00f3 la semana pasada a Madrid el presidente de este pa\u00eds, Alberto Fern\u00e1ndez. Ambos coincidieron en que la visita contribuir\u00e1 a renovar la &#8220;asociaci\u00f3n estrat\u00e9gica&#8221; entre los dos pa\u00edses y &#8220;adaptarla a los nuevos tiempos y desaf\u00edos&#8221;.<\/p>\n<p>En Costa Rica, ha precisado, se reunir\u00e1 &#8220;con los principales l\u00edderes de la regi\u00f3n para abordar temas bilaterales&#8221; pero tambi\u00e9n otros temas que &#8220;nos preocupan a todos como el drama humanitario provocado por la crisis de los refugiados, el desaf\u00edo de la migraci\u00f3n y los desplazamientos que se han agravado por la pandemia y los recientes huracanes, consecuencia del cambio clim\u00e1tico&#8221; que tiene en Centroam\u00e9rica una de las zonas m\u00e1s afectadas.<\/p>\n<p>Esta gira, ha sostenido S\u00e1nchez, es la continuaci\u00f3n de la movilizaci\u00f3n y la presencia que el Gobierno ha venido manteniendo en Am\u00e9rica Latina, con distintos viajes desde 2018 y del compromiso que hay con la regi\u00f3n.<\/p>\n<p>S\u00e1nchez ha hecho un llamamiento a las empresas espa\u00f1olas a que sigan invirtiendo en Iberoam\u00e9rica, &#8220;una apuesta segura&#8221;, pero tambi\u00e9n ha expresado su deseo de que las empresas de esa regi\u00f3n &#8220;inviertan en Espa\u00f1a&#8221;, apostando por reforzar esta perspectiva.<\/p>\n<p>IM\u00c1GENES DISPONIBLES EN EUROPA PRESS TELEVISI\u00d3N<\/p>\n<p>URL DE DESCARGA: <\/p>\n<p>https:\/\/www.europapress.television\/politica\/569196\/1\/sanchez-suma-costa-rica-viaje-argentina-reunirse-lideres<\/p>\n<p>TEL\u00c9FONO DE CONTACTO 91 345 44 06  <\/p>\n<\/div>\n<p><script defer=\"\">!function(f,b,e,v,n,t,s) {if(f.fbq)return;n=f.fbq=function(){n.callMethod? n.callMethod.apply(n,arguments):n.queue.push(arguments)}; if(!f._fbq)f._fbq=n;n.push=n;n.loaded=!0;n.version='2.0'; n.queue=[];t=b.createElement(e);t.async=!0; t.src=v;s=b.getElementsByTagName(e)[0]; s.parentNode.insertBefore(t,s)}(window, document,'script', 'https:\/\/connect.facebook.net\/en_US\/fbevents.js'); fbq('init', '336383993555320'); fbq('track', 'PageView'); fbq('track', 'ViewContent');<\/script><br \/>\n<br \/><\/p>\n<p><em> &#8221; Fuentes www.infobae.com &#8221; <\/em><\/p>\n","protected":false},"excerpt":{"rendered":"<p>17-05-2021 El presidente del Gobierno, Pedro S\u00e1nchez, interviene en la inauguraci\u00f3n del IV Congreso Iberoamericano del Consejo Empresarial Alianza por Iberoam\u00e9rica (CEAPI), a 17 de mayo de 2021, en Madrid, (Espa\u00f1a). El encuentro, que se celebra el 17 y 18 de mayo, re\u00fane a varios l\u00edderes empresariales de la regi\u00f3n para debatir el papel social [&hellip;]<\/p>\n","protected":false},"author":4,"featured_media":128522,"comment_status":"open","ping_status":"closed","sticky":false,"template":"","format":"standard","meta":{"om_disable_all_campaigns":false,"jnews-multi-image_gallery":[],"jnews_single_post":[],"jnews_primary_category":[],"jnews_social_meta":[],"footnotes":""},"categories":[40],"tags":[],"class_list":["post-128521","post","type-post","status-publish","format-standard","has-post-thumbnail","hentry","category-industria"],"_links":{"self":[{"href":"https:\/\/dimensionturistica.com\/es\/wp-json\/wp\/v2\/posts\/128521","targetHints":{"allow":["GET"]}}],"collection":[{"href":"https:\/\/dimensionturistica.com\/es\/wp-json\/wp\/v2\/posts"}],"about":[{"href":"https:\/\/dimensionturistica.com\/es\/wp-json\/wp\/v2\/types\/post"}],"author":[{"embeddable":true,"href":"https:\/\/dimensionturistica.com\/es\/wp-json\/wp\/v2\/users\/4"}],"replies":[{"embeddable":true,"href":"https:\/\/dimensionturistica.com\/es\/wp-json\/wp\/v2\/comments?post=128521"}],"version-history":[{"count":0,"href":"https:\/\/dimensionturistica.com\/es\/wp-json\/wp\/v2\/posts\/128521\/revisions"}],"wp:featuredmedia":[{"embeddable":true,"href":"https:\/\/dimensionturistica.com\/es\/wp-json\/wp\/v2\/media\/128522"}],"wp:attachment":[{"href":"https:\/\/dimensionturistica.com\/es\/wp-json\/wp\/v2\/media?parent=128521"}],"wp:term":[{"taxonomy":"category","embeddable":true,"href":"https:\/\/dimensionturistica.com\/es\/wp-json\/wp\/v2\/categories?post=128521"},{"taxonomy":"post_tag","embeddable":true,"href":"https:\/\/dimensionturistica.com\/es\/wp-json\/wp\/v2\/tags?post=128521"}],"curies":[{"name":"wp","href":"https:\/\/api.w.org\/{rel}","templated":true}]}}