{"id":128515,"date":"2021-05-17T11:32:41","date_gmt":"2021-05-17T11:32:41","guid":{"rendered":"https:\/\/dimensionturistica.com\/es\/?p=128515"},"modified":"2021-05-17T11:32:41","modified_gmt":"2021-05-17T11:32:41","slug":"arabia-saudi-abre-fronteras-y-permite-viajes-tras-mas-de-un-ano-de-prohibicion","status":"publish","type":"post","link":"https:\/\/dimensionturistica.com\/es\/arabia-saudi-abre-fronteras-y-permite-viajes-tras-mas-de-un-ano-de-prohibicion\/","title":{"rendered":"Arabia Saud\u00ed abre fronteras y permite viajes tras m\u00e1s de un a\u00f1o de prohibici\u00f3n"},"content":{"rendered":"<p> <br \/>\n<\/p>\n<div>\n<div class=\"visual__image  \"><img decoding=\"async\" alt=\"EFE\/ Kim Ludbrook\/Archivo&#13;&#10;\" height=\"4640\" width=\"6960\" src=\"https:\/\/www.infobae.com\/new-resizer\/iiJYSnP1uNXthWN990p2iMDo3fw=\/420x280\/filters:format(jpg):quality(85)\/cloudfront-us-east-1.images.arcpublishing.com\/infobae\/NSG5RRSRV5GQFAIVDFNYZUFKM4.jpg\" srcset=\"https:\/\/www.infobae.com\/new-resizer\/iiJYSnP1uNXthWN990p2iMDo3fw=\/420x280\/filters:format(jpg):quality(85)\/cloudfront-us-east-1.images.arcpublishing.com\/infobae\/NSG5RRSRV5GQFAIVDFNYZUFKM4.jpg 420w,https:\/\/www.infobae.com\/new-resizer\/f9tr7Z0QWF4Nofdt_RKD3qujvOI=\/768x512\/filters:format(jpg):quality(85)\/cloudfront-us-east-1.images.arcpublishing.com\/infobae\/NSG5RRSRV5GQFAIVDFNYZUFKM4.jpg 768w,https:\/\/www.infobae.com\/new-resizer\/YmEo0ASjXegZQaNo_wFSGg-2hFo=\/992x661\/filters:format(jpg):quality(85)\/cloudfront-us-east-1.images.arcpublishing.com\/infobae\/NSG5RRSRV5GQFAIVDFNYZUFKM4.jpg 992w,https:\/\/www.infobae.com\/new-resizer\/j08lo6T6sfxIMOChj-81a_CgiZw=\/1200x800\/filters:format(jpg):quality(85)\/cloudfront-us-east-1.images.arcpublishing.com\/infobae\/NSG5RRSRV5GQFAIVDFNYZUFKM4.jpg 1200w\" sizes=\"auto, (min-width: 800px) 50vw, 90vw\" loading=\"lazy\"\/><figcaption class=\"\">EFE\/ Kim Ludbrook\/Archivo&#13;<br \/>\n<\/figcaption><\/div>\n<p class=\"paragraph\">Riad, 17 might (EFE).- Arabia Saud\u00ed reabri\u00f3 este lunes sus fronteras a\u00e9reas, mar\u00edtimas y terrestres, y permiti\u00f3 los vuelos internacionales despu\u00e9s de m\u00e1s de un a\u00f1o de prohibici\u00f3n por la covid-19, aunque todav\u00eda con algunas restricciones y condiciones, como una cuarentena de siete d\u00edas para los no vacunados que lleguen al pa\u00eds.<br \/>&#8220;El primero de los vuelos internacionales sali\u00f3 hoy (lunes) desde el Aeropuerto Internacional Rey Jalid de Riad a Sarajevo, tras la decisi\u00f3n de levantar la suspensi\u00f3n de los viajes al extranjero&#8221;, inform\u00f3 la agencia de noticias saud\u00ed, SPA.<br \/>La agencia, que cit\u00f3 una fuente del Ministerio de Inside, destac\u00f3 que las autoridades a\u00fan proh\u00edben viajar, salvo con un permiso especial, a o desde 13 pa\u00edses (Venezuela, Libia, Yemen, Armenia, Afganist\u00e1n, Siria, Somalia, Ir\u00e1n, Bielorrusia, India, L\u00edbano, Turqu\u00eda y Congo).<br \/>Arabia Saud\u00ed prohibi\u00f3 los viajes al exterior y cerr\u00f3 todos sus pasos fronterizos en marzo de 2020, a los pocos d\u00edas de declararse la pandemia por covid-19, aunque a partir de diciembre pasado dej\u00f3 salir a los residentes extranjeros.<br \/>Ahora, tanto los saud\u00edes como los millones de expatriados que trabajan en el reino \u00e1rabe podr\u00e1n viajar, aunque para ello tendr\u00e1n que cumplir algunas condiciones como haber recibido las dos dosis de la vacuna contra la covid-19 o que hayan transcurrido 14 d\u00edas desde la administraci\u00f3n de la primera.<br \/>Tambi\u00e9n se permitir\u00e1 el viaje de los que se hayan recuperado de la enfermedad si han transcurrido menos de seis meses desde que la pasaron.<br \/>Adem\u00e1s, los mayores de 18 a\u00f1os tendr\u00e1n que presentar una p\u00f3liza de seguro que cubra el tratamiento de la covid-19 fuera del reino \u00e1rabe.<br \/>Y los mayores de ocho a\u00f1os deber\u00e1n guardar una cuarentena de siete d\u00edas a su llegada al pa\u00eds y realizarse una prueba PCR al ultimate de dicho periodo, con excepci\u00f3n de aquellos que han recibido dos dosis de una vacuna reconocida por las autoridades saud\u00edes.<br \/>Arabia Saud\u00ed asegura haber administrado m\u00e1s de 11 millones de dosis a su poblaci\u00f3n, de unos 35 millones de habitantes y se encuentra en medio de una segunda ola de la covid-19 con 837 nuevos casos y 13 fallecimientos registrados el domingo.<br \/>El reino \u00e1rabe hab\u00eda permitido este a\u00f1o la entrada de un n\u00famero limitado de musulmanes vacunados para visitar los lugares sagrados de La Meca y Medina, y afirm\u00f3 que tambi\u00e9n autorizar\u00e1 la peregrinaci\u00f3n anual a esos santuarios, bajo estrictas medidas de prevenci\u00f3n.<\/p>\n<\/div>\n<p><script defer=\"\">!function(f,b,e,v,n,t,s) {if(f.fbq)return;n=f.fbq=function(){n.callMethod? n.callMethod.apply(n,arguments):n.queue.push(arguments)}; if(!f._fbq)f._fbq=n;n.push=n;n.loaded=!0;n.version='2.0'; n.queue=[];t=b.createElement(e);t.async=!0; t.src=v;s=b.getElementsByTagName(e)[0]; s.parentNode.insertBefore(t,s)}(window, document,'script', 'https:\/\/connect.facebook.net\/en_US\/fbevents.js'); fbq('init', '336383993555320'); fbq('track', 'PageView'); fbq('track', 'ViewContent');<\/script><br \/>\n<br \/><\/p>\n<p><em> &#8221; Fuentes www.infobae.com &#8221; <\/em><\/p>\n","protected":false},"excerpt":{"rendered":"<p>EFE\/ Kim Ludbrook\/Archivo&#13; Riad, 17 might (EFE).- Arabia Saud\u00ed reabri\u00f3 este lunes sus fronteras a\u00e9reas, mar\u00edtimas y terrestres, y permiti\u00f3 los vuelos internacionales despu\u00e9s de m\u00e1s de un a\u00f1o de prohibici\u00f3n por la covid-19, aunque todav\u00eda con algunas restricciones y condiciones, como una cuarentena de siete d\u00edas para los no vacunados que lleguen al pa\u00eds.&#8220;El [&hellip;]<\/p>\n","protected":false},"author":4,"featured_media":128516,"comment_status":"open","ping_status":"closed","sticky":false,"template":"","format":"standard","meta":{"om_disable_all_campaigns":false,"jnews-multi-image_gallery":[],"jnews_single_post":[],"jnews_primary_category":[],"jnews_social_meta":[],"footnotes":""},"categories":[40],"tags":[],"class_list":["post-128515","post","type-post","status-publish","format-standard","has-post-thumbnail","hentry","category-industria"],"_links":{"self":[{"href":"https:\/\/dimensionturistica.com\/es\/wp-json\/wp\/v2\/posts\/128515","targetHints":{"allow":["GET"]}}],"collection":[{"href":"https:\/\/dimensionturistica.com\/es\/wp-json\/wp\/v2\/posts"}],"about":[{"href":"https:\/\/dimensionturistica.com\/es\/wp-json\/wp\/v2\/types\/post"}],"author":[{"embeddable":true,"href":"https:\/\/dimensionturistica.com\/es\/wp-json\/wp\/v2\/users\/4"}],"replies":[{"embeddable":true,"href":"https:\/\/dimensionturistica.com\/es\/wp-json\/wp\/v2\/comments?post=128515"}],"version-history":[{"count":0,"href":"https:\/\/dimensionturistica.com\/es\/wp-json\/wp\/v2\/posts\/128515\/revisions"}],"wp:featuredmedia":[{"embeddable":true,"href":"https:\/\/dimensionturistica.com\/es\/wp-json\/wp\/v2\/media\/128516"}],"wp:attachment":[{"href":"https:\/\/dimensionturistica.com\/es\/wp-json\/wp\/v2\/media?parent=128515"}],"wp:term":[{"taxonomy":"category","embeddable":true,"href":"https:\/\/dimensionturistica.com\/es\/wp-json\/wp\/v2\/categories?post=128515"},{"taxonomy":"post_tag","embeddable":true,"href":"https:\/\/dimensionturistica.com\/es\/wp-json\/wp\/v2\/tags?post=128515"}],"curies":[{"name":"wp","href":"https:\/\/api.w.org\/{rel}","templated":true}]}}