{"id":128493,"date":"2021-05-17T10:42:41","date_gmt":"2021-05-17T10:42:41","guid":{"rendered":"https:\/\/dimensionturistica.com\/es\/?p=128493"},"modified":"2021-05-17T10:42:41","modified_gmt":"2021-05-17T10:42:41","slug":"la-provincia-de-valladolid-busca-al-turista-mexicano-como-destino-exclusivo","status":"publish","type":"post","link":"https:\/\/dimensionturistica.com\/es\/la-provincia-de-valladolid-busca-al-turista-mexicano-como-destino-exclusivo\/","title":{"rendered":"La provincia de Valladolid busca al turista mexicano como destino exclusivo"},"content":{"rendered":"<p> <br \/>\n<\/p>\n<div id=\"CuerpoNoticiav2\" itemprop=\"articleBody\">\n<p>\u00a0\u00a0\u00a0Agencias del pa\u00eds azteca subrayan el atractivo del enoturismo y el patrimonio hist\u00f3rico y trabajan en la venta de paquetes tras la pandemia <\/p>\n<p>\u00a0\u00a0\u00a0VALLADOLID, 17 Could. (EUROPA PRESS) &#8211; <\/p>\n<p>\u00a0\u00a0\u00a0La provincia de <strong>Valladolid<\/strong> busca darse a conocer al <strong>turista mexicano de alto nivel adquisitivo<\/strong> como un <strong>destino &#8220;exclusivo y de calidad&#8221;<\/strong> con su patrimonio hist\u00f3rico y sus recursos enotur\u00edsticos como principales atractivos.<\/p>\n<p>\u00a0\u00a0\u00a0Para ello, la <strong>Diputaci\u00f3n Provincial<\/strong> ha organizado una misi\u00f3n inversa en colaboraci\u00f3n con <strong>Castilla Termal<\/strong>, <strong>AC Marriot<\/strong> y la <strong>Asociaci\u00f3n de Agencias de Viaje de Valladolid<\/strong> que durante tres d\u00edas ha mostrado a cuatro agencias de viajes premium de diferentes ciudades de M\u00e9xico los recursos m\u00e1s destacados de la denominada <strong>&#8216;Milla de Oro&#8217;<\/strong> de la <strong>Ribera del Duero<\/strong> y de la <strong>Denominaci\u00f3n de Origen Rueda<\/strong>.<\/p>\n<p>\u00a0\u00a0\u00a0Seg\u00fan ha reconocido el presidente de la Diputaci\u00f3n, <strong>Conrado \u00cdscar<\/strong>, la iniciativa surgi\u00f3 a trav\u00e9s de la agencia <strong>Virtus 3,14<\/strong> y en colaboraci\u00f3n con la <strong>C\u00e1mara Comercio M\u00e9xico-Espa\u00f1a<\/strong> y se enmarca en la celebraci\u00f3n esta semana en Madrid de la Feria Internacional de Turismo (<strong>Fitur<\/strong>).<\/p>\n<p>\u00a0\u00a0\u00a0\u00cdscar ha explicado que dentro de la oferta tur\u00edstica de la provincia, la Ribera del Duero es un destino &#8220;cada vez m\u00e1s demandado por el viajero mexicano&#8221;, el cual &#8220;cuida mucho el detalle&#8221;, por lo que esta experiencia &#8220;es una oportunidad \u00fanica para mostrar de primera mano&#8221; los &#8220;principales atractivos&#8221; de Valladolid como destino &#8220;de m\u00e1xima calidad para un turista muy exigente&#8221;.<\/p>\n<p>\u00a0\u00a0\u00a0Esto se refuerza, ha subrayado el presidente de la Diputaci\u00f3n, con el &#8220;alto poder adquisitivo&#8221; del viajero mexicano y la presencia &#8220;cada vez mayor&#8221; de inversores del pa\u00eds azteca en la provincia, la mayor\u00eda de ellos vinculados al mundo del vino, lo que abre &#8220;una oportunidad de negocio que no se puede desaprovechar&#8221;.<\/p>\n<h2 class=\"ladillo\">A LA CABEZA EN GASTO MEDIO DIARIO<\/h2>\n<p>\u00a0\u00a0\u00a0Seg\u00fan datos del Instituto Nacional de Estad\u00edstica (INE), el turista mexicano realiza en Espa\u00f1a un gasto medio diario de 209 euros, mientras que uno n\u00f3rdico gasta de media 119 euros al d\u00eda, un alem\u00e1n 114, un franc\u00e9s 100 y un ingl\u00e9s 77 euros diarios.<\/p>\n<p>\u00a0\u00a0\u00a0En representaci\u00f3n de la delegaci\u00f3n mexicana, el director de la agencia Artistic Journey, <strong>Mois\u00e9s Braverman<\/strong>, ha reconocido el alto conocimiento que en el pa\u00eds norteamericano se tiene de la Ribera del Duero por la calidad de sus vinos, pero &#8220;no tanto&#8221; como destino tur\u00edstico, algo en lo que trabajar, ha admitido, dada la demanda de turismo enol\u00f3gico que existe en M\u00e9xico y que lleva a muchos viajeros a volar hasta Sud\u00e1frica, por lo que el &#8220;reto&#8221; es situar ah\u00ed a Valladolid.<\/p>\n<p>\u00a0\u00a0\u00a0Para ello, trabajan ya en paquetes de viaje que incluyen tanto el enoturismo como el patrimonio hist\u00f3rico que atesora Valladolid y que la delegaci\u00f3n mexicana ha podido conocer estos d\u00edas durante su viaje, en el que han conocido, entre otros lugares, algunos emplazamientos muy vinculados a Am\u00e9rica como el Palacio Testamentario de Medina del Campo, donde muri\u00f3 Isabel la Cat\u00f3lica; las Casas del Tratado en Toridesillas y el Archivo Common de Simancas, adem\u00e1s de emplazamientos hoteleros exclusivos como el Resort Balneario Monasterio de Valbuena de Castilla Termal o el Resort AC Palacio de Santa Ana.<\/p>\n<p>   Por su parte, el presidente de las agencias de viaje de Valladolid, <strong>Pablo Parrilla<\/strong>, ha subrayado que es el momento de &#8220;arrancar con toda la fuerza&#8221; tras la pandemia para promocionar la provincia como destino y ha ensalzado el valor de la colaboraci\u00f3n entre las agencias de uno y otro lado del Atl\u00e1ntico.<\/p>\n<p>\u00a0\u00a0\u00a0Esta acci\u00f3n promocional se realiza aprovechando el impulso que genera la celebraci\u00f3n de Fitur, a la que la Diputaci\u00f3n de Valladolid acudir\u00e1 un a\u00f1o m\u00e1s dentro del expositor de la Junta de Castilla y Le\u00f3n, centrado este a\u00f1o en los <strong>Caminos a Santiago<\/strong>.<\/p>\n<p>\u00a0\u00a0\u00a0El objetivo, como ha indicado Braverman, es que la situaci\u00f3n pand\u00e9mica remita y se pueda pronto comenzar con la comercializaci\u00f3n de estos productos, con la vista puesta en la pr\u00f3xima primavera.<\/p>\n<h2 class=\"ladillo\">PRESENCIA DE VALLADOLID EN FITUR<\/h2>\n<p>\u00a0\u00a0\u00a0De hecho, una panor\u00e1mica del Camino de Madrid a su paso por Pe\u00f1aflor de Hornija ser\u00e1 la imagen central de la propuesta de la provincia de Valladolid.<\/p>\n<p>\u00a0\u00a0\u00a0Adem\u00e1s de esta imagen, en la pantalla common del expositor se promocionar\u00e1n los Caminos a Santiago en la provincia a trav\u00e9s de los v\u00eddeos realizados por los blogueros Rub\u00e9n Alonso (@RubenyelMundo) y Patricia Rojas (@lacosmopolilla), que narran su experiencia private despu\u00e9s de haber recorrido los Caminos a Santiago en nuestra provincia.<\/p>\n<p>\u00a0\u00a0\u00a0Asimismo, la Diputaci\u00f3n de Valladolid mantendr\u00e1 su apuesta por la celebraci\u00f3n del V Centenario del Movimiento Comunero, a trav\u00e9s de las Rutas Comuneras, tanto en formato digital como en papel.<\/p>\n<p>\u00a0\u00a0\u00a0Por otro lado, se han programado diferentes reuniones de trabajo con operadores tur\u00edsticos, para incidir en dos programas que ya se pusieron en marcha con motivo del Plan de Choque, pero que se han ampliado a causa de la pandemia, como son el programa &#8216;1.500 noches, 1.500 sue\u00f1os&#8217;, con el que la Diputaci\u00f3n de Valladolid subvenciona una noche de alojamiento en estancias de tres noches en la provincia, o el programa &#8216;D\u00e9jate sorprender por la provincia de Valladolid&#8217;, destinado a las agencias de viaje a las que se aporta una cantidad de 1.500 euros por la venta de paquetes tur\u00edsticos que comprendan servicios de alojamiento, transporte, manutenci\u00f3n y actividades, siempre que estas se desarrollen, al menos un 50 por ciento, en municipios de menos de 20.000 habitantes.<\/p>\n<p>\u00a0\u00a0\u00a0Por \u00faltimo, y dentro del marco de Fitur, la Diputaci\u00f3n de Valladolid, a trav\u00e9s de Sosdeva, renovar\u00e1 los convenios con Renfe para retomar el Tren del Vino y el Tren del Canal de Castilla a partir del pr\u00f3ximo mes de junio.<\/p>\n<\/div>\n\n<p><em> &#8221; Fuentes www.notimerica.com &#8221; <\/em><\/p>\n","protected":false},"excerpt":{"rendered":"<p>\u00a0\u00a0\u00a0Agencias del pa\u00eds azteca subrayan el atractivo del enoturismo y el patrimonio hist\u00f3rico y trabajan en la venta de paquetes tras la pandemia \u00a0\u00a0\u00a0VALLADOLID, 17 Could. (EUROPA PRESS) &#8211; \u00a0\u00a0\u00a0La provincia de Valladolid busca darse a conocer al turista mexicano de alto nivel adquisitivo como un destino &#8220;exclusivo y de calidad&#8221; con su patrimonio hist\u00f3rico [&hellip;]<\/p>\n","protected":false},"author":4,"featured_media":128494,"comment_status":"open","ping_status":"closed","sticky":false,"template":"","format":"standard","meta":{"om_disable_all_campaigns":false,"jnews-multi-image_gallery":[],"jnews_single_post":[],"jnews_primary_category":[],"jnews_social_meta":[],"footnotes":""},"categories":[40],"tags":[],"class_list":["post-128493","post","type-post","status-publish","format-standard","has-post-thumbnail","hentry","category-industria"],"_links":{"self":[{"href":"https:\/\/dimensionturistica.com\/es\/wp-json\/wp\/v2\/posts\/128493","targetHints":{"allow":["GET"]}}],"collection":[{"href":"https:\/\/dimensionturistica.com\/es\/wp-json\/wp\/v2\/posts"}],"about":[{"href":"https:\/\/dimensionturistica.com\/es\/wp-json\/wp\/v2\/types\/post"}],"author":[{"embeddable":true,"href":"https:\/\/dimensionturistica.com\/es\/wp-json\/wp\/v2\/users\/4"}],"replies":[{"embeddable":true,"href":"https:\/\/dimensionturistica.com\/es\/wp-json\/wp\/v2\/comments?post=128493"}],"version-history":[{"count":0,"href":"https:\/\/dimensionturistica.com\/es\/wp-json\/wp\/v2\/posts\/128493\/revisions"}],"wp:featuredmedia":[{"embeddable":true,"href":"https:\/\/dimensionturistica.com\/es\/wp-json\/wp\/v2\/media\/128494"}],"wp:attachment":[{"href":"https:\/\/dimensionturistica.com\/es\/wp-json\/wp\/v2\/media?parent=128493"}],"wp:term":[{"taxonomy":"category","embeddable":true,"href":"https:\/\/dimensionturistica.com\/es\/wp-json\/wp\/v2\/categories?post=128493"},{"taxonomy":"post_tag","embeddable":true,"href":"https:\/\/dimensionturistica.com\/es\/wp-json\/wp\/v2\/tags?post=128493"}],"curies":[{"name":"wp","href":"https:\/\/api.w.org\/{rel}","templated":true}]}}