{"id":128456,"date":"2021-05-17T09:46:10","date_gmt":"2021-05-17T09:46:10","guid":{"rendered":"https:\/\/dimensionturistica.com\/es\/?p=128456"},"modified":"2021-05-17T09:46:10","modified_gmt":"2021-05-17T09:46:10","slug":"la-ciudad-de-madrid-vuelve-a-acoger-el-foro-de-referencia-de-la-comunicacion-audiovisual-turistica","status":"publish","type":"post","link":"https:\/\/dimensionturistica.com\/es\/la-ciudad-de-madrid-vuelve-a-acoger-el-foro-de-referencia-de-la-comunicacion-audiovisual-turistica\/","title":{"rendered":"La ciudad de Madrid vuelve a acoger el foro de referencia de la comunicaci\u00f3n audiovisual tur\u00edstica"},"content":{"rendered":"<p> <br \/>\n<\/p>\n<div>\n<div class=\"block-vertical-align-right\">\n<div class=\"m4p-relations-group\">\n<p><h2>M\u00e1s informaci\u00f3n<\/h2>\n<\/p>\n<div class=\"m4p-summary-news\">\n<figure class=\"m4p-image m4p-crop-medium-1\" itemprop=\"image\" itemscope=\"\" itemtype=\"https:\/\/schema.org\/ImageObject\"> <a rel=\"nofollow noopener\" target=\"_blank\" href=\"https:\/\/www.periodistadigital.com\/magazine\/viajes\/20210516\/espana-urge-union-europea-implementar-certificado-digital-reactivar-turismo-noticia-689404471347\/\"> <img decoding=\"async\" src=\"https:\/\/www.periodistadigital.com\/wp-content\/uploads\/2018\/10\/reyesm-320x214.jpg\" width=\"320\" height=\"214\" alt=\"Espa\u00f1a urge a la Uni\u00f3n Europea a implementar el certificado digital para reactivar el turismo\"\/><meta itemprop=\"width\" content=\"320\"\/><meta itemprop=\"height\" content=\"214\"\/><meta itemprop=\"url\" content=\"https:\/\/www.periodistadigital.com\/wp-content\/uploads\/2018\/10\/reyesm-320x214.jpg\"\/> <\/a><\/figure>\n<\/div>\n<div class=\"m4p-summary-news\">\n<figure class=\"m4p-image m4p-crop-medium-1\" itemprop=\"image\" itemscope=\"\" itemtype=\"https:\/\/schema.org\/ImageObject\"> <a rel=\"nofollow noopener\" target=\"_blank\" href=\"https:\/\/www.periodistadigital.com\/magazine\/viajes\/20210512\/turismo-espera-espana-recupere-42-millones-turistas-mitad-2019-noticia-689404470197\/\"> <img decoding=\"async\" src=\"https:\/\/www.periodistadigital.com\/wp-content\/uploads\/2020\/05\/mallorca-travellers-320x214.jpg\" width=\"320\" height=\"214\" alt=\"Turismo espera que Espa\u00f1a recupere 42 millones de turistas, m\u00e1s de la mitad que en 2019\"\/><meta itemprop=\"width\" content=\"320\"\/><meta itemprop=\"height\" content=\"214\"\/><meta itemprop=\"url\" content=\"https:\/\/www.periodistadigital.com\/wp-content\/uploads\/2020\/05\/mallorca-travellers-320x214.jpg\"\/> <\/a><\/figure>\n<\/div>\n<\/div>\n<\/div>\n<p><span class=\"m4p-capitular\">L<\/span>a ciudad de Madrid vuelve a convertirse en el escenario de la presentaci\u00f3n de las campa\u00f1as tur\u00edsticas digitales con la celebraci\u00f3n de la tercera edici\u00f3n de Touchdown-New Traits on Tourism Communication, que tendr\u00e1 lugar entre los d\u00edas 18 y 21 de mayo de 2021 en el Centro de Cultura Contempor\u00e1nea Condeduque y en la Feria Internacional de Turismo de Madrid (FITUR). Conferencias, mesas redondas, estudios de casos exitosos, talleres y una competici\u00f3n abierta a los v\u00eddeos presentes en los estands de FITUR constituyen la oferta de un evento que tiene como objetivo situar a Madrid como la capital mundial del g\u00e9nero audiovisual tur\u00edstico.<\/p>\n<p>Durante tres jornadas, Touchdown-Madrid llevar\u00e1 a cabo una programaci\u00f3n de actividades enfocadas a la comunicaci\u00f3n y el advertising and marketing tur\u00edsticos con el objetivo de analizar tendencias, estudiar y poner en valor las mejores pr\u00e1cticas comunicativas de la industria tur\u00edstica y ofrecer un marco formativo para profesionales del turismo y la comunicaci\u00f3n.<\/p>\n<p>Adem\u00e1s, por tercer a\u00f1o, Touchdown-Madrid distinguir\u00e1, a trav\u00e9s de los premios FITUR Journey Video Competitors, los v\u00eddeos de los destinos, empresas y asociaciones presentes en la feria. Este certamen est\u00e1 dividido en dos modalidades (nacional e internacional) y cinco \u00e1mbitos (Destino Tur\u00edstico Pa\u00eds, Destino Tur\u00edstico Regi\u00f3n, Destino Tur\u00edstico Ciudad, Productos Tur\u00edsticos y Servicios Tur\u00edsticos). En el caso de la competici\u00f3n nacional, la categor\u00eda Destino Tur\u00edstico Pa\u00eds se sustituye por la de mejor destino de turismo cinematogr\u00e1fico. Adem\u00e1s, se otorgar\u00e1 un galard\u00f3n especial a la transformaci\u00f3n digital.<\/p>\n<p>La inscripci\u00f3n, abierta desde el 8 de mayo, es gratuita y se puede realizar on-line a trav\u00e9s de la net\u00a0www.landing-madrid.com\u00a0donde tambi\u00e9n pueden consultarse las bases de la competici\u00f3n.<\/p>\n<p>Touchdown-New Traits on Tourism Communication est\u00e1 impulsado por el \u00c1rea Delegada de Turismo del Ayuntamiento de Madrid, en colaboraci\u00f3n con Terres Panorama and Journey Communication y CIFFT (Comit\u00e9 Internacional de Festivales de Movies Tur\u00edsticos), una crimson mundial de festivales que, desde el a\u00f1o 1989 distingue a las mejores piezas de comunicaci\u00f3n audiovisual de la industria tur\u00edstica mundial.\/<\/p>\n<p><!-- AddThis Advanced Settings above via filter on the_content --><!-- AddThis Advanced Settings below via filter on the_content --><!-- AddThis Advanced Settings generic via filter on the_content --><!-- AddThis Share Buttons above via filter on the_content --><!-- AddThis Share Buttons below via filter on the_content --><!-- AddThis Share Buttons generic via filter on the_content --><\/div>\n<div><span class=\"m4p-author-ticket\">Autor<\/span><\/p>\n<div class=\"m4p-image-author-article\"> <img decoding=\"async\" src=\"https:\/\/www.periodistadigital.com\/wp-content\/uploads\/2019\/03\/paul-monzon-150x150.jpg\" width=\"150\" height=\"150\"\/><\/div>\n<div class=\"m4p-content-file-author-article\">\n<h4><a rel=\"nofollow noopener\" target=\"_blank\" href=\"https:\/\/www.periodistadigital.com\/autores\/paul-monzon\/\">Paul Monz\u00f3n<\/a><\/h4>\n<p class=\"\">Redactor de viajes de Periodista Digital desde sus or\u00edgenes. Precise editor del suplemento Travellers.<\/p>\n<\/div>\n<\/div>\n\n<p><em> &#8221; Fuentes www.periodistadigital.com &#8221; <\/em><\/p>\n","protected":false},"excerpt":{"rendered":"<p>M\u00e1s informaci\u00f3n La ciudad de Madrid vuelve a convertirse en el escenario de la presentaci\u00f3n de las campa\u00f1as tur\u00edsticas digitales con la celebraci\u00f3n de la tercera edici\u00f3n de Touchdown-New Traits on Tourism Communication, que tendr\u00e1 lugar entre los d\u00edas 18 y 21 de mayo de 2021 en el Centro de Cultura Contempor\u00e1nea Condeduque y en [&hellip;]<\/p>\n","protected":false},"author":4,"featured_media":128457,"comment_status":"open","ping_status":"closed","sticky":false,"template":"","format":"standard","meta":{"om_disable_all_campaigns":false,"jnews-multi-image_gallery":[],"jnews_single_post":[],"jnews_primary_category":[],"jnews_social_meta":[],"footnotes":""},"categories":[40],"tags":[],"class_list":["post-128456","post","type-post","status-publish","format-standard","has-post-thumbnail","hentry","category-industria"],"_links":{"self":[{"href":"https:\/\/dimensionturistica.com\/es\/wp-json\/wp\/v2\/posts\/128456","targetHints":{"allow":["GET"]}}],"collection":[{"href":"https:\/\/dimensionturistica.com\/es\/wp-json\/wp\/v2\/posts"}],"about":[{"href":"https:\/\/dimensionturistica.com\/es\/wp-json\/wp\/v2\/types\/post"}],"author":[{"embeddable":true,"href":"https:\/\/dimensionturistica.com\/es\/wp-json\/wp\/v2\/users\/4"}],"replies":[{"embeddable":true,"href":"https:\/\/dimensionturistica.com\/es\/wp-json\/wp\/v2\/comments?post=128456"}],"version-history":[{"count":0,"href":"https:\/\/dimensionturistica.com\/es\/wp-json\/wp\/v2\/posts\/128456\/revisions"}],"wp:featuredmedia":[{"embeddable":true,"href":"https:\/\/dimensionturistica.com\/es\/wp-json\/wp\/v2\/media\/128457"}],"wp:attachment":[{"href":"https:\/\/dimensionturistica.com\/es\/wp-json\/wp\/v2\/media?parent=128456"}],"wp:term":[{"taxonomy":"category","embeddable":true,"href":"https:\/\/dimensionturistica.com\/es\/wp-json\/wp\/v2\/categories?post=128456"},{"taxonomy":"post_tag","embeddable":true,"href":"https:\/\/dimensionturistica.com\/es\/wp-json\/wp\/v2\/tags?post=128456"}],"curies":[{"name":"wp","href":"https:\/\/api.w.org\/{rel}","templated":true}]}}