{"id":128423,"date":"2021-05-17T08:48:15","date_gmt":"2021-05-17T08:48:15","guid":{"rendered":"https:\/\/dimensionturistica.com\/es\/?p=128423"},"modified":"2021-05-17T08:48:15","modified_gmt":"2021-05-17T08:48:15","slug":"las-10-claves-del-turismo-espanol-en-visperas-de-fitur-2021","status":"publish","type":"post","link":"https:\/\/dimensionturistica.com\/es\/las-10-claves-del-turismo-espanol-en-visperas-de-fitur-2021\/","title":{"rendered":"Las 10 claves del Turismo Espa\u00f1ol en v\u00edsperas de FITUR 2021"},"content":{"rendered":"<p> <br \/>\n<\/p>\n<div><img decoding=\"async\" src=\"https:\/\/static.hosteltur.com\/app\/public\/uploads\/img\/releases\/2021\/05\/17\/L_103200_01-fitur-debate-institucional.jpg\" alt=\"Imagen nota de prensa Hosteltur\" width=\"2000\" height=\"1333\"\/> <\/p>\n<p><strong>La Ministra de Industria, Comercio y Turismo, Reyes Maroto; el Director Common de IFEMA, Eduardo L\u00f3pez-Puertas; y la Directora de FITUR, Mar\u00eda Valcarce, han sido los protagonistas del debate dirigido y moderado por Fernando Valmaseda, CEO de RV EDIPRESS y Director de Miradas Viajeras radio y TV. Un brillante colof\u00f3n a 7 citas con los grandes subsectores tur\u00edsticos en la antesala de una feria que tendr\u00e1 lugar del 19 al 23 de mayo y que supondr\u00e1 el inicio de la recuperaci\u00f3n del turismo. Estas son las 10 claves aportadas por las tres grandes instituciones. <\/strong><\/p>\n<p><strong>1\u2013\u201cFuimos valientes en hacer FITUR cuando todo el mundo dijo que no se pod\u00eda\u201d (R.M.)<\/strong><\/p>\n<p><strong>2\u2013\u201cFITUR ser\u00e1 el gran escaparate de la recuperaci\u00f3n tur\u00edstica y no podemos fallar\u201d (R.M)<\/strong><\/p>\n<p><strong>3\u2013\u201cDurante 6 d\u00edas Espa\u00f1a se pondr\u00e1 en el centro del mundo tur\u00edstico\u201d (R.M.)<\/strong><\/p>\n<p><strong>4\u2013\u201cVamos a demostrar que se pueden hacer ferias siempre que se hagan de una forma segura\u201d (E.L-P.)<\/strong><\/p>\n<p><strong>5\u2013\u201cFITUR va a colocar a Espa\u00f1a en una posici\u00f3n important\u00edsima dentro del sector MICE mundial\u201d (E.L-P.)<\/strong><\/p>\n<p><strong>6\u2013\u201cLa plataforma Fitur Life Conect ser\u00e1 el germen para crear un centro de reuni\u00f3n virtual para toda la industria tur\u00edstica, liderado por Espa\u00f1a\u201d (M.V.)<\/strong><\/p>\n<p><strong>7\u2013\u201cLas dos grandes novedades de FITUR 2021 ser\u00e1n Fitur Lingua, dedicada al Turismo Idiom\u00e1tico, y Fitur Woman, sobre el liderazgo femenino\u201d (M.V.)<\/strong><\/p>\n<p><strong>8\u2013\u201cLos Ertes se van a mantener hasta que el sector se reactive\u201d (R.M.)<\/strong><\/p>\n<p><strong>9\u2013\u201cLa Marca Espa\u00f1a debe incorporar los elementos de sostenibilidad, digitalizaci\u00f3n y accesibilidad\u201d (R.M)<\/strong><\/p>\n<p><strong>10\u2013\u201cEn 2022 recuperaremos FITUR en enero, su fecha habitual\u201d (R.M.) <\/strong><\/p>\n<div class=\"wysiwyg-photo\">\n<div class=\"wysiwyg-photo\"><img decoding=\"async\" src=\"https:\/\/static.hosteltur.com\/app\/public\/uploads\/img\/releases\/2021\/05\/17\/L_103351_02-fitur-debate-institucional.jpg\" alt=\"Imagen nota de prensa Hosteltur\" width=\"2000\" height=\"1197\"\/><\/div>\n<p>A menos de una semana del esperado inicio de la Feria Internacional de Turismo m\u00e1s importante del mundo, la Ministra de Industria, Comercio y Turismo, <strong>Reyes Maroto,<\/strong> lo tiene muy claro: <em><strong>\u201cFITUR va a suponer el renacer del turismo y los viajes; se puede viajar, con seguridad, y se pueden empezar a planificar los viajes\u201d.<\/strong><\/em> Y a\u00f1ade: <em><strong>\u201cEl sector tur\u00edstico ha estado cerrado pero no parado\u201d.<\/strong><\/em> Y de cara a la reapertura, <em><strong>\u201cacabamos de presentar un campa\u00f1a de promoci\u00f3n internacional bajo el lema Te mereces Espa\u00f1a\u201d. <\/strong> <\/em> <\/p>\n<p><strong>El Director Common de IFEMA, Eduardo L\u00f3pez-Puertas<\/strong>, ha explicado todos los protocolos de seguridad para la Feria, como los aforos m\u00e1s limitados, pasillos mucho m\u00e1s anchos, eliminaci\u00f3n del papel para que (casi) todo sea digital, la exigencia de una prueba de ant\u00edgenos o PCR negativa\u2026 e incluso han acordado con algunos hoteles unas zonas en las que los profesionales asistentes est\u00e9n aislados y tambien se garantiza que el transporte entre los hoteles y la feria ser\u00e1 seguro. Una feria que tambi\u00e9n servir\u00e1 para dar visibilidad a la <strong>nueva imagen corporativa de IFEMA<\/strong>. <em><strong>\u201cHemos querido modernizarnos porque estamos proyectando la imagen de Espa\u00f1a\u201d. <\/strong><\/em><\/p>\n<p><strong>La Directora de FITUR, Mar\u00eda Valcarce<\/strong>, ha se\u00f1alado que <em>\u201cla seguridad ha sido desde el inicio nuestra principal preocupaci\u00f3n y hemos exigido este test COVID negativo que est\u00e1 muy bien armado en nuestros procedimientos con la obtenci\u00f3n del pase. Esto es una garant\u00eda para el profesional internacional\u201d. <\/em><\/p>\n<p><strong>En FITUR 2021 estar\u00e1n representados los 5 continentes y se estima que asistir\u00e1n unos 50.000 visitantes profesionales<\/strong>. <em>\u201cEsta crisis ha avivado nuestra imaginaci\u00f3n, ser capaces de inventarnos cosas nuevas, y los stands son diferentes a los de otros a\u00f1os\u201d,<\/em> ha comentado <strong>L\u00f3pez-Puertas<\/strong>, valorando tambi\u00e9n la gran aceptaci\u00f3n que est\u00e1 teniendo la <strong>plataforma digital Fitur Life Conect<\/strong> que <em>\u201cva creciendo cada d\u00eda y se est\u00e1n haciendo reuniones de hasta tres cuartos de hora\u201d<\/em>. Tambi\u00e9n ha agradecido <em>\u201cla tasa de fidelidad de los expositores en FITUR, que es enorme, por encima del 80%. FITUR se ha visto como una esperanza, una apuesta y una inversi\u00f3n para dar a conocer los productos tur\u00edsticos\u201d. <\/em><\/p>\n<p><strong>Reyes Maroto<\/strong> asume la responsabilidad de que <em><strong>\u201cseremos un escaparate para mostrar que se puede viajar y que hay que perder el miedo\u2026 pero con todas las garant\u00edas de seguridad;<\/strong><\/em> <em>no podemos dar pasos atr\u00e1s en la pandemia. Hemos unido a toda la cadena de valor del sector para garantizar tambi\u00e9n otros espacios seguros, como los protocolos en las playas, en el MICE, en la hoteler\u00eda e incluso en los parques tem\u00e1ticos. Hay 23 protocolos espa\u00f1oles que son norma ISO y referencia internacional; <strong>pero la clave, la soluci\u00f3n al problema de la pandemia, ser\u00e1 la vacunaci\u00f3n\u201d.<\/strong><\/em> <\/p>\n<p><strong>De cara a FITUR,<\/strong> la Ministra avanza que <em><strong>\u201cpresentaremos un Plan Nacional Xacobeo 21-22,<\/strong><\/em> <em>una nueva red de redes por la que estamos apostando, como la que supuso la de Destinos Tur\u00edsticos Inteligentes hace dos a\u00f1os y que ya cuenta con 250. Con los fondos europeos queremos impulsar planes nacionales y el Camino de Santiago es uno de ellos, pues une a 10 comunidades aut\u00f3nomas, y hemos hablado con la ONCE para hacerlos accesibles porque no podemos dejar a nadie fuera\u201d<\/em>. Y de cara al futuro la thought de su Ministerio es <strong><em>\u201caumentar el mercado, en Asia y Estados Unidos, para traer a un turista de mayor calidad y gasto\u201d. <\/em><\/strong><\/p>\n<\/p><\/div>\n<p><strong>Reyes Maroto h<\/strong>a garantizado el apoyo del Gobierno a un sector clave como motor de la econom\u00eda espa\u00f1ola. <em><strong>\u201cEsta aprobada una inversi\u00f3n d<\/strong><\/em>e 11.000 millones de euros de los cuales 7.000 millones lo ser\u00e1n en ayudas directas. Somo un sector en el que cada euro que se invierte se multiplica por cuatro\u201d. Y concluye: <em><strong>\u201cSomos una sociedad abierta y el turismo nos hace mejores personas, porque es la industria de la felicidad\u201d.<\/strong><\/em><\/p>\n<div class=\"wysiwyg-photo\">\n<div class=\"wysiwyg-photo\"><img decoding=\"async\" src=\"https:\/\/static.hosteltur.com\/app\/public\/uploads\/img\/releases\/2021\/05\/17\/L_103611_fernando-valmaseda.jpg\" alt=\"Imagen nota de prensa Hosteltur\" width=\"1772\" height=\"1181\"\/><\/div><\/div><\/div>\n\n<p><em> &#8221; Fuentes www.hosteltur.com &#8221; <\/em><\/p>\n","protected":false},"excerpt":{"rendered":"<p>La Ministra de Industria, Comercio y Turismo, Reyes Maroto; el Director Common de IFEMA, Eduardo L\u00f3pez-Puertas; y la Directora de FITUR, Mar\u00eda Valcarce, han sido los protagonistas del debate dirigido y moderado por Fernando Valmaseda, CEO de RV EDIPRESS y Director de Miradas Viajeras radio y TV. Un brillante colof\u00f3n a 7 citas con los [&hellip;]<\/p>\n","protected":false},"author":4,"featured_media":128424,"comment_status":"open","ping_status":"closed","sticky":false,"template":"","format":"standard","meta":{"om_disable_all_campaigns":false,"jnews-multi-image_gallery":[],"jnews_single_post":[],"jnews_primary_category":[],"jnews_social_meta":[],"footnotes":""},"categories":[39],"tags":[715],"class_list":["post-128423","post","type-post","status-publish","format-standard","has-post-thumbnail","hentry","category-viajes","tag-economia"],"_links":{"self":[{"href":"https:\/\/dimensionturistica.com\/es\/wp-json\/wp\/v2\/posts\/128423","targetHints":{"allow":["GET"]}}],"collection":[{"href":"https:\/\/dimensionturistica.com\/es\/wp-json\/wp\/v2\/posts"}],"about":[{"href":"https:\/\/dimensionturistica.com\/es\/wp-json\/wp\/v2\/types\/post"}],"author":[{"embeddable":true,"href":"https:\/\/dimensionturistica.com\/es\/wp-json\/wp\/v2\/users\/4"}],"replies":[{"embeddable":true,"href":"https:\/\/dimensionturistica.com\/es\/wp-json\/wp\/v2\/comments?post=128423"}],"version-history":[{"count":0,"href":"https:\/\/dimensionturistica.com\/es\/wp-json\/wp\/v2\/posts\/128423\/revisions"}],"wp:featuredmedia":[{"embeddable":true,"href":"https:\/\/dimensionturistica.com\/es\/wp-json\/wp\/v2\/media\/128424"}],"wp:attachment":[{"href":"https:\/\/dimensionturistica.com\/es\/wp-json\/wp\/v2\/media?parent=128423"}],"wp:term":[{"taxonomy":"category","embeddable":true,"href":"https:\/\/dimensionturistica.com\/es\/wp-json\/wp\/v2\/categories?post=128423"},{"taxonomy":"post_tag","embeddable":true,"href":"https:\/\/dimensionturistica.com\/es\/wp-json\/wp\/v2\/tags?post=128423"}],"curies":[{"name":"wp","href":"https:\/\/api.w.org\/{rel}","templated":true}]}}