{"id":128382,"date":"2021-05-17T06:45:01","date_gmt":"2021-05-17T06:45:01","guid":{"rendered":"https:\/\/dimensionturistica.com\/es\/?p=128382"},"modified":"2021-05-17T06:45:01","modified_gmt":"2021-05-17T06:45:01","slug":"actividad-turistica-recuperara-nivel-prepandemia-hasta-2023-ip","status":"publish","type":"post","link":"https:\/\/dimensionturistica.com\/es\/actividad-turistica-recuperara-nivel-prepandemia-hasta-2023-ip\/","title":{"rendered":"Actividad tur\u00edstica recuperar\u00e1 nivel prepandemia hasta 2023: IP"},"content":{"rendered":"<p> <br \/>\n<\/p>\n<div>\n<p>El sector privado tur\u00edstico manifest\u00f3 el fin de semana, una vez m\u00e1s, su preocupaci\u00f3n por el lento proceso de recuperaci\u00f3n de la actividad, que en el mejor de los casos alcanzar\u00e1 los niveles del 2019 hasta el 2023, debido a que no se implementan acciones que permitan su aceleraci\u00f3n.<\/p>\n<p>En un comunicado conjunto, los l\u00edderes de Consejo Nacional Empresarial Tur\u00edstico (CNET), la Confederaci\u00f3n de C\u00e1maras Nacionales de Comercio, Servicios y Turismo (Concanaco Servytur) y la Confederaci\u00f3n Patronal de la Rep\u00fablica Mexicana (Coparmex), recordaron que a consecuencia de la pandemia del Covid-19 se han perdido entre 640,000 y 840,000 empleos, y desaparecido decenas de miles de empresas.<\/p>\n<p>El presidente del CNET, Braulio Arsuaga, record\u00f3 que hace casi un a\u00f1o, envi\u00f3 a la Comisi\u00f3n de Turismo de la C\u00e1mara de Diputados el documento legislativo para enfrentar la emergencia del sector turismo (#SOSTurismo), el cual contiene una lista 15 propuestas que contribuir\u00edan al rescate de la industria tur\u00edstica en esta profunda disaster.<\/p>\n<p>\u201cNinguna de las acciones ah\u00ed contenidas se ha puesto en marcha a pesar de que todas son aplicables incluso hoy a m\u00e1s de un a\u00f1o de haber iniciado la pandemia, por lo que podr\u00edan ser reconsideradas. Recordemos que el turismo lleg\u00f3 a ser la tercera fuente de divisas de este pa\u00eds, que antes de la pandemia empleaba a 4.2 millones de personas, que aportaba casi el 9% al PIB\u201d, se\u00f1al\u00f3.<\/p>\n<p><!-- Composite Start --> <\/p>\n<p>Por su parte, el director del Centro de Investigaci\u00f3n y Competitividad Tur\u00edstica An\u00e1huac (Cicotur), Francisco Madrid, consider\u00f3 que los indicadores actuales del sector no son del todo positivos, por lo que en el mejor de los casos se llegar\u00e1 a los niveles del 2019 despu\u00e9s del 2023. Luego del mal primer trimestre del 2021, es posible anticipar que la contracci\u00f3n del PIB tur\u00edstico de este a\u00f1o, comparado con los datos de 2019, podr\u00eda situarse entre el 10 y 15 por ciento.<\/p>\n<p><a rel=\"nofollow noopener\" target=\"_blank\" href=\"https:\/\/www.eleconomista.com.mx\/empresas\/mailto:empresas@eleconomista.mx\">empresas@eleconomista.mx<\/a><\/p>\n<\/p><\/div>\n<p><script>\n!function(f,b,e,v,n,t,s)\n{if(f.fbq)return;n=f.fbq=function(){n.callMethod?\nn.callMethod.apply(n,arguments):n.queue.push(arguments)};\nif(!f._fbq)f._fbq=n;n.push=n;n.loaded=!0;n.version='2.0';\nn.queue=[];t=b.createElement(e);t.async=!0;\nt.src=v;s=b.getElementsByTagName(e)[0];\ns.parentNode.insertBefore(t,s)}(window,document,'script',\n'https:\/\/connect.facebook.net\/en_US\/fbevents.js');\n fbq('init', '809027795973656'); \nfbq('track', 'PageView');\n<\/script><script>\n!function(f,b,e,v,n,t,s)\n{if(f.fbq)return;n=f.fbq=function(){n.callMethod?\nn.callMethod.apply(n,arguments):n.queue.push(arguments)};\nif(!f._fbq)f._fbq=n;n.push=n;n.loaded=!0;n.version='2.0';\nn.queue=[];t=b.createElement(e);t.async=!0;\nt.src=v;s=b.getElementsByTagName(e)[0];\ns.parentNode.insertBefore(t,s)}(window,document,'script',\n'https:\/\/connect.facebook.net\/en_US\/fbevents.js');\nfbq('init', '307764907300134');\nfbq('track', 'PageView');\n<\/script><br \/>\n<br \/><\/p>\n<p><em> &#8221; Fuentes www.eleconomista.com.mx &#8221; <\/em><\/p>\n","protected":false},"excerpt":{"rendered":"<p>El sector privado tur\u00edstico manifest\u00f3 el fin de semana, una vez m\u00e1s, su preocupaci\u00f3n por el lento proceso de recuperaci\u00f3n de la actividad, que en el mejor de los casos alcanzar\u00e1 los niveles del 2019 hasta el 2023, debido a que no se implementan acciones que permitan su aceleraci\u00f3n. En un comunicado conjunto, los l\u00edderes [&hellip;]<\/p>\n","protected":false},"author":4,"featured_media":87310,"comment_status":"open","ping_status":"closed","sticky":false,"template":"","format":"standard","meta":{"om_disable_all_campaigns":false,"jnews-multi-image_gallery":[],"jnews_single_post":[],"jnews_primary_category":[],"jnews_social_meta":[],"footnotes":""},"categories":[40],"tags":[],"class_list":["post-128382","post","type-post","status-publish","format-standard","has-post-thumbnail","hentry","category-industria"],"_links":{"self":[{"href":"https:\/\/dimensionturistica.com\/es\/wp-json\/wp\/v2\/posts\/128382","targetHints":{"allow":["GET"]}}],"collection":[{"href":"https:\/\/dimensionturistica.com\/es\/wp-json\/wp\/v2\/posts"}],"about":[{"href":"https:\/\/dimensionturistica.com\/es\/wp-json\/wp\/v2\/types\/post"}],"author":[{"embeddable":true,"href":"https:\/\/dimensionturistica.com\/es\/wp-json\/wp\/v2\/users\/4"}],"replies":[{"embeddable":true,"href":"https:\/\/dimensionturistica.com\/es\/wp-json\/wp\/v2\/comments?post=128382"}],"version-history":[{"count":0,"href":"https:\/\/dimensionturistica.com\/es\/wp-json\/wp\/v2\/posts\/128382\/revisions"}],"wp:featuredmedia":[{"embeddable":true,"href":"https:\/\/dimensionturistica.com\/es\/wp-json\/wp\/v2\/media\/87310"}],"wp:attachment":[{"href":"https:\/\/dimensionturistica.com\/es\/wp-json\/wp\/v2\/media?parent=128382"}],"wp:term":[{"taxonomy":"category","embeddable":true,"href":"https:\/\/dimensionturistica.com\/es\/wp-json\/wp\/v2\/categories?post=128382"},{"taxonomy":"post_tag","embeddable":true,"href":"https:\/\/dimensionturistica.com\/es\/wp-json\/wp\/v2\/tags?post=128382"}],"curies":[{"name":"wp","href":"https:\/\/api.w.org\/{rel}","templated":true}]}}