{"id":128349,"date":"2021-05-17T04:49:13","date_gmt":"2021-05-17T04:49:13","guid":{"rendered":"https:\/\/dimensionturistica.com\/es\/?p=128349"},"modified":"2021-05-17T04:49:13","modified_gmt":"2021-05-17T04:49:13","slug":"se-puede-reabrir-la-industria-turistica","status":"publish","type":"post","link":"https:\/\/dimensionturistica.com\/es\/se-puede-reabrir-la-industria-turistica\/","title":{"rendered":"\u201cSe puede reabrir la industria tur\u00edstica\u201d"},"content":{"rendered":"<p> <br \/>\n<\/p>\n<div mlnid=\"idcon=16392920;order=3.1\">\n<p>SD. El presidente de la Asociaci\u00f3n de Hoteles y Turismo de Rep\u00fablica Dominicana (Asonahores), Rafael Blanco Tejeda, asegur\u00f3 que para la entidad, de cara al futuro, es importante relanzar el sector bajo el concepto de sostenibilidad.<\/p>\n<p>\u201cNosotros queremos que nuestra industria tur\u00edstica sea sostenible desde el punto de vista medioambiental\u201d, explic\u00f3 Blanco Tejada.<\/p>\n<p>Indic\u00f3 que el sector tur\u00edstico lo que quiere es tratar de darle un giro a toda la disaster generada por la COVID-19 y relanzarse de una manera mucho m\u00e1s competitiva.<\/p>\n<p>\u201cNosotros no queremos solo lograr el \u00e9xito del pasado, sino que queremos relanzarnos con una visi\u00f3n moderna, con una visi\u00f3n competitiva, y con una visi\u00f3n p\u00fablico-privada\u201d, apunt\u00f3 Blanco Tejeda.<\/p>\n<p>Expres\u00f3 que est\u00e1n convencidos de que la \u00fanica forma de establecer al sector tur\u00edstico es de la mano con el sector p\u00fablico. De hecho, \u201cla forma con la que estamos trabajando con el sector p\u00fablico ha sido excepcional, estamos trabajando en equipo la mayor\u00eda de las cosas\u201d.<\/p>\n<p>Al conversar con Diario Libre, asegur\u00f3 que los recursos naturales como las playas, monta\u00f1as, aguas, la purple de parques nacionales, entre otros, son lo que se destaca y lo que diferencia al sector tur\u00edstico dominicano en el mercado.<\/p>\n<p>\u201cQueremos siempre ir maximizando el impacto positivo que tenemos en nuestras comunidades. Queremos seguir creciendo para emplear m\u00e1s dominicanos, pero tambi\u00e9n nosotros queremos que el turista se integre m\u00e1s a nuestras comunidades, que conozca m\u00e1s de nosotros. La mayor\u00eda de las encuestas que hacen, aparte de las playas bellas que tenemos, lo que le encanta al turista es el dominicano, nuestra forma de ser, nuestra cultura\u201d, apunt\u00f3 el titular de Asonahores. Resalt\u00f3 que en el \u00faltimo mes, en abril, se logr\u00f3 la llegada de m\u00e1s de 300,000 turistas, un r\u00e9cord desde que se inici\u00f3 la pandemia. \u201cY, la verdad, eso nos entusiasma, o sea, vemos c\u00f3mo el mercado tur\u00edstico internacional sigue demandando viajes. A medida que los pa\u00edses vayan controlando la situaci\u00f3n del COVID-19 y se regularicen, el proceso de viajes internacionales se va a ir dando\u201d.<\/p>\n<\/p><\/div>\n<div id=\"container-1639291\">\n<div name=\"1639291\" id=\"1639291\" class=\"share-box\"> <img decoding=\"async\" data-share-dismiss=\"1639291\" class=\"share-box-close\" src=\"https:\/\/assets.diariolibre.com\/img\/icon\/icon-close-white.png\"\/>  <\/div>\n<div data-share-target=\"1639291\" class=\"share-btn visible-md-up hidden-sm-down\"> <img decoding=\"async\" src=\"https:\/\/assets.diariolibre.com\/img\/icon\/icon-share-arrow.png\" class=\"mx-auto share-icon\"\/> <\/div>\n<div class=\"insertBlock\">\n<p> \u00bfC\u00f3mo andan las reservaciones?\n              <\/p>\n<div class=\"Insert_text\">\n<p>\u201cLa empresa Expidia, que es nuestro principal suplidor tur\u00edstico, ya tiene niveles de reservas hacia el futuro mayores que en el 2018 y el 2019. O sea que las proyecciones que tenemos con una empresa como Expidia son incluso superiores a lo que ten\u00edamos antes, de manera, que estamos entusiasmados\u201d.<\/p>\n<\/p><\/div><\/div>\n<div data-share-target=\"1639291\" class=\"hidden-md-up visible-sm-down share-btn share-btn-mobile\"> <img decoding=\"async\" src=\"https:\/\/assets.diariolibre.com\/img\/icon\/icon-share-arrow.png\" class=\"mx-auto share-icon\"\/> <\/div><\/div>\n\n<p><em> &#8221; Fuentes www.diariolibre.com &#8221; <\/em><\/p>\n","protected":false},"excerpt":{"rendered":"<p>SD. El presidente de la Asociaci\u00f3n de Hoteles y Turismo de Rep\u00fablica Dominicana (Asonahores), Rafael Blanco Tejeda, asegur\u00f3 que para la entidad, de cara al futuro, es importante relanzar el sector bajo el concepto de sostenibilidad. \u201cNosotros queremos que nuestra industria tur\u00edstica sea sostenible desde el punto de vista medioambiental\u201d, explic\u00f3 Blanco Tejada. Indic\u00f3 que [&hellip;]<\/p>\n","protected":false},"author":4,"featured_media":78222,"comment_status":"open","ping_status":"closed","sticky":false,"template":"","format":"standard","meta":{"om_disable_all_campaigns":false,"jnews-multi-image_gallery":[],"jnews_single_post":[],"jnews_primary_category":[],"jnews_social_meta":[],"footnotes":""},"categories":[40],"tags":[1429],"class_list":["post-128349","post","type-post","status-publish","format-standard","has-post-thumbnail","hentry","category-industria","tag-santo-domingo"],"_links":{"self":[{"href":"https:\/\/dimensionturistica.com\/es\/wp-json\/wp\/v2\/posts\/128349","targetHints":{"allow":["GET"]}}],"collection":[{"href":"https:\/\/dimensionturistica.com\/es\/wp-json\/wp\/v2\/posts"}],"about":[{"href":"https:\/\/dimensionturistica.com\/es\/wp-json\/wp\/v2\/types\/post"}],"author":[{"embeddable":true,"href":"https:\/\/dimensionturistica.com\/es\/wp-json\/wp\/v2\/users\/4"}],"replies":[{"embeddable":true,"href":"https:\/\/dimensionturistica.com\/es\/wp-json\/wp\/v2\/comments?post=128349"}],"version-history":[{"count":0,"href":"https:\/\/dimensionturistica.com\/es\/wp-json\/wp\/v2\/posts\/128349\/revisions"}],"wp:featuredmedia":[{"embeddable":true,"href":"https:\/\/dimensionturistica.com\/es\/wp-json\/wp\/v2\/media\/78222"}],"wp:attachment":[{"href":"https:\/\/dimensionturistica.com\/es\/wp-json\/wp\/v2\/media?parent=128349"}],"wp:term":[{"taxonomy":"category","embeddable":true,"href":"https:\/\/dimensionturistica.com\/es\/wp-json\/wp\/v2\/categories?post=128349"},{"taxonomy":"post_tag","embeddable":true,"href":"https:\/\/dimensionturistica.com\/es\/wp-json\/wp\/v2\/tags?post=128349"}],"curies":[{"name":"wp","href":"https:\/\/api.w.org\/{rel}","templated":true}]}}