{"id":128283,"date":"2021-05-17T00:42:04","date_gmt":"2021-05-17T00:42:04","guid":{"rendered":"https:\/\/dimensionturistica.com\/es\/?p=128283"},"modified":"2021-05-17T00:42:05","modified_gmt":"2021-05-17T00:42:05","slug":"paises-bajos-evita-cuarentena-y-pcr-negativa-viajeros-de-baleares-y-canarias","status":"publish","type":"post","link":"https:\/\/dimensionturistica.com\/es\/paises-bajos-evita-cuarentena-y-pcr-negativa-viajeros-de-baleares-y-canarias\/","title":{"rendered":"Pa\u00edses Bajos evita cuarentena y PCR negativa viajeros de Baleares y Canarias"},"content":{"rendered":"<p> <br \/>\n<\/p>\n<div>\n<div class=\"visual__image  \"><img decoding=\"async\" alt=\"Los viajeros que lleguen desde las Islas Baleares y Canarias (Espa\u00f1a), as\u00ed como de Portugal o el norte del mar Egeo, no necesitan una PCR negativa para entrar a Pa\u00edses Bajos ni deben someterse a una cuarentena al llegar.EFE\/Miguel Barreto\/Archivo&#13;&#10;\" height=\"2835\" width=\"4252\" src=\"https:\/\/www.infobae.com\/new-resizer\/_NQl1Y7_eSYdEVg98j6Fmuz72VE=\/420x280\/filters:format(jpg):quality(85)\/cloudfront-us-east-1.images.arcpublishing.com\/infobae\/B5776KLW2FEWBNCLSRBJOIM2BU.jpg\" srcset=\"https:\/\/www.infobae.com\/new-resizer\/_NQl1Y7_eSYdEVg98j6Fmuz72VE=\/420x280\/filters:format(jpg):quality(85)\/cloudfront-us-east-1.images.arcpublishing.com\/infobae\/B5776KLW2FEWBNCLSRBJOIM2BU.jpg 420w,https:\/\/www.infobae.com\/new-resizer\/fhjQWOpZHolwI1e07dnjqwg3TM4=\/768x512\/filters:format(jpg):quality(85)\/cloudfront-us-east-1.images.arcpublishing.com\/infobae\/B5776KLW2FEWBNCLSRBJOIM2BU.jpg 768w,https:\/\/www.infobae.com\/new-resizer\/rxNbw-j_EbNN4hk_6F0Nulj4xDs=\/992x661\/filters:format(jpg):quality(85)\/cloudfront-us-east-1.images.arcpublishing.com\/infobae\/B5776KLW2FEWBNCLSRBJOIM2BU.jpg 992w,https:\/\/www.infobae.com\/new-resizer\/31JSgSTYQhS4VuME57exgWio7M0=\/1200x800\/filters:format(jpg):quality(85)\/cloudfront-us-east-1.images.arcpublishing.com\/infobae\/B5776KLW2FEWBNCLSRBJOIM2BU.jpg 1200w\" sizes=\"auto, (min-width: 800px) 50vw, 90vw\" loading=\"lazy\"\/><figcaption class=\"\">Los viajeros que lleguen desde las Islas Baleares y Canarias (Espa\u00f1a), as\u00ed como de Portugal o el norte del mar Egeo, no necesitan una PCR negativa para entrar a Pa\u00edses Bajos ni deben someterse a una cuarentena al llegar.EFE\/Miguel Barreto\/Archivo&#13;<br \/>\n<\/figcaption><\/div>\n<p class=\"paragraph\">La Haya, 16 might (EFE).- Los viajeros que lleguen desde las Islas Baleares y Canarias (Espa\u00f1a), as\u00ed como de Portugal o el norte del mar Egeo, no necesitan una PCR negativa para entrar a Pa\u00edses Bajos ni deben someterse a una cuarentena al llegar, seg\u00fan la \u00faltima actualizaci\u00f3n del Gobierno neerland\u00e9s de su mapa de zonas seguras para la covid-19.<br \/>\u201cDespu\u00e9s de una estancia en las Islas Canarias (Gran Canaria, Tenerife, Lanzarote, Fuerteventura, La Gomera, La Palma y el Hierro) y las Islas Baleares (incluidas Mallorca, Menorca, Ibiza, Formentera y Cabrera) no tienes que hacer cuarentena al volver a Pa\u00edses Bajos. Ya no existe una obligaci\u00f3n de presentar un test negativo para regresar de estas zonas\u201d, recoge este domingo la internet oficial dedicada a los viajes al exterior.<br \/>El Gobierno neerland\u00e9s subraya que tanto la PCR negativa como la cuarentena son \u201cmedidas que siguen vigentes para el resto de Espa\u00f1a\u201d y \u201ctambi\u00e9n existen restricciones de entrada para viajar desde Pa\u00edses Bajos a Espa\u00f1a\u201d.<br \/>El Ministerio de Exteriores neerland\u00e9s cambi\u00f3 los consejos de viaje para varios pa\u00edses o regiones, que hasta ahora estaban en shade naranja, y han pasado a amarillo o verde.<br \/>Seg\u00fan la lista disponible en la internet del Gobierno neerland\u00e9s, se incluyen como zonas amarillas (seguras) Islandia, Portugal, Finlandia, varias regiones del mar Egeo (Grecia), Malta, as\u00ed como Baleares y Canarias, mientras que las islas neerlandesas en el Caribe, Saba y San Eustaquio, han pasado a estar en shade verde. <br \/>Tambi\u00e9n se han modificado algunas recomendaciones de viaje para zonas fuera del espacio Schengen, lo que incluye Australia, Nueva Zelanda, Ruanda, Singapur, Corea del Sur, Tailandia e Israel. <br \/>\u201cSi vienes de un pa\u00eds donde el riesgo de contraer la covid-19 es bajo (un pa\u00eds seguro) no es necesario que muestres un resultado negativo (de una PCR) cuando viajes a Pa\u00edses Bajos. Tampoco es necesario que te pongas en cuarentena cuando llegues\u201d, subraya Exteriores en su p\u00e1gina internet.<br \/>Esto no supone necesariamente reciprocidad en los pa\u00edses de destino, por lo que los viajeros neerlandeses que quieran acudir a las zonas consideradas por Pa\u00edses Bajos como \u201cseguras\u201d, pueden tener que presentar a\u00fan una PCR negativa o someterse a cuarentenas obligatorias al aterrizar. <br \/>Para el resto de los pa\u00edses, existe hasta nuevo aviso una recomendaci\u00f3n de entrar en cuarentena al regresar a Pa\u00edses Bajos, y el acceso al pa\u00eds solo es posible con una PCR negativa, acompa\u00f1ada en algunos casos de un take a look at r\u00e1pido.<\/p>\n<\/div>\n<p><script defer=\"\">!function(f,b,e,v,n,t,s) {if(f.fbq)return;n=f.fbq=function(){n.callMethod? n.callMethod.apply(n,arguments):n.queue.push(arguments)}; if(!f._fbq)f._fbq=n;n.push=n;n.loaded=!0;n.version='2.0'; n.queue=[];t=b.createElement(e);t.async=!0; t.src=v;s=b.getElementsByTagName(e)[0]; s.parentNode.insertBefore(t,s)}(window, document,'script', 'https:\/\/connect.facebook.net\/en_US\/fbevents.js'); fbq('init', '336383993555320'); fbq('track', 'PageView'); fbq('track', 'ViewContent');<\/script><br \/>\n<br \/><\/p>\n<p><em> &#8221; Fuentes www.infobae.com &#8221; <\/em><\/p>\n","protected":false},"excerpt":{"rendered":"<p>Los viajeros que lleguen desde las Islas Baleares y Canarias (Espa\u00f1a), as\u00ed como de Portugal o el norte del mar Egeo, no necesitan una PCR negativa para entrar a Pa\u00edses Bajos ni deben someterse a una cuarentena al llegar.EFE\/Miguel Barreto\/Archivo&#13; La Haya, 16 might (EFE).- Los viajeros que lleguen desde las Islas Baleares y Canarias [&hellip;]<\/p>\n","protected":false},"author":4,"featured_media":128284,"comment_status":"open","ping_status":"closed","sticky":false,"template":"","format":"standard","meta":{"om_disable_all_campaigns":false,"jnews-multi-image_gallery":[],"jnews_single_post":[],"jnews_primary_category":[],"jnews_social_meta":[],"footnotes":""},"categories":[40],"tags":[],"class_list":["post-128283","post","type-post","status-publish","format-standard","has-post-thumbnail","hentry","category-industria"],"_links":{"self":[{"href":"https:\/\/dimensionturistica.com\/es\/wp-json\/wp\/v2\/posts\/128283","targetHints":{"allow":["GET"]}}],"collection":[{"href":"https:\/\/dimensionturistica.com\/es\/wp-json\/wp\/v2\/posts"}],"about":[{"href":"https:\/\/dimensionturistica.com\/es\/wp-json\/wp\/v2\/types\/post"}],"author":[{"embeddable":true,"href":"https:\/\/dimensionturistica.com\/es\/wp-json\/wp\/v2\/users\/4"}],"replies":[{"embeddable":true,"href":"https:\/\/dimensionturistica.com\/es\/wp-json\/wp\/v2\/comments?post=128283"}],"version-history":[{"count":0,"href":"https:\/\/dimensionturistica.com\/es\/wp-json\/wp\/v2\/posts\/128283\/revisions"}],"wp:featuredmedia":[{"embeddable":true,"href":"https:\/\/dimensionturistica.com\/es\/wp-json\/wp\/v2\/media\/128284"}],"wp:attachment":[{"href":"https:\/\/dimensionturistica.com\/es\/wp-json\/wp\/v2\/media?parent=128283"}],"wp:term":[{"taxonomy":"category","embeddable":true,"href":"https:\/\/dimensionturistica.com\/es\/wp-json\/wp\/v2\/categories?post=128283"},{"taxonomy":"post_tag","embeddable":true,"href":"https:\/\/dimensionturistica.com\/es\/wp-json\/wp\/v2\/tags?post=128283"}],"curies":[{"name":"wp","href":"https:\/\/api.w.org\/{rel}","templated":true}]}}