{"id":128280,"date":"2021-05-17T00:31:29","date_gmt":"2021-05-17T00:31:29","guid":{"rendered":"https:\/\/dimensionturistica.com\/es\/?p=128280"},"modified":"2021-05-17T00:31:29","modified_gmt":"2021-05-17T00:31:29","slug":"iberojet-ya-opera-y-con-nueva-plataforma-digital","status":"publish","type":"post","link":"https:\/\/dimensionturistica.com\/es\/iberojet-ya-opera-y-con-nueva-plataforma-digital\/","title":{"rendered":"Iberojet ya opera y con nueva plataforma digital"},"content":{"rendered":"<p> <br \/>\n<\/p>\n<div>\n<p class=\"text-align-justify\"><span><span><span><span><span><span><img decoding=\"async\" alt=\"\" class=\"img-responsive\" height=\"639\" src=\"https:\/\/www.expreso.info\/files\/2021-05\/Iberojet_avion.jpg\" width=\"1151\"\/>Las aerol\u00edneas de \u00c1voris\u00a0Corporaci\u00f3n Empresarial, Orbest (Portugal) y\u00a0 Evelop (Espa\u00f1a), van a comenzar a operar ya este mayo de forma conjunta bajo la marca\u00a0de Iberojet.\u00a0 <\/span><\/span><\/span><\/span><\/span><\/span><\/p>\n<p class=\"text-align-justify\"><span><span><span><span><span><span>La compa\u00f1\u00eda a\u00e9rea, en proceso de transici\u00f3n para una nueva marca, presenta ya su nueva plataforma digital, que consiste en una nueva p\u00e1gina con versi\u00f3n para ordenador y\u00a0m\u00f3viles, as\u00ed como un nuevo portal B2B para que las agencias de viajes puedan realizar directamente las reservas de sus clientes. <\/span><\/span><\/span><\/span><\/span><\/span><\/p>\n<p class=\"text-align-justify\"><span><span><span><span><span><span>Pr\u00f3ximamante van a surgir dos aplicaciones, para\u00a0 Android e iPhone, para que los viajeros puedan reservar y gestionar sus reservas.\u00a0 <\/span><\/span><\/span><\/span><\/span><\/span><\/p>\n<p class=\"text-align-justify\"><span><span><span><span><span><span>La nueva p\u00e1gina de <a rel=\"nofollow noopener\" target=\"_blank\" href=\"https:\/\/www.iberojet.com\/es\">Iberojet <\/a>est\u00e1 disponible en espa\u00f1ol, portugu\u00e9se ingl\u00e9s, y adem\u00e1s de las m\u00faltiples mejoras en usabilidad y contenido, presenta caracter\u00edsticas innovadoras, como un gestor de reservas, \u2018Manage\u00a0my\u00a0Booking\u2019 y check-in\u00a0on-line, venta de servicios complementarios hasta cuatro horas antes del vuelo o integraci\u00f3n de paquetes (vuelo + resort), entre otras. <\/span><\/span><\/span><\/span><\/span><\/span><\/p>\n<p class=\"text-align-justify\"><span><span><span><span><span><span>Quienes utilizan las p\u00e1ginas de orbest.com y evelop.com, el\u00a0 browser ser\u00e1 redireccionado autom\u00e1ticamente hacia la nueva net.\u00a0 <\/span><\/span><\/span><\/span><\/span><\/span><\/p>\n<p class=\"text-align-justify\"><span><span><span><span><span><span>Paul\u00a0 Verhagen, subdirector basic de la compa\u00f1\u00eda, afirma que \u2018el\u00a0<em>go-live<\/em> de nuestra nueva web es un marco crucial en nuestra transformaci\u00f3n para una marca unificada. Nuestros clientes tienen finalmente a su disposici\u00f3n una \u00fanica p\u00e1gina, independientemente del viaje comenzar o terminar en Portugal o en Espa\u00f1a. Es una p\u00e1gina muy\u00a0 intuitiva, con m\u00e1s funcionalidades que la anterior y con un proceso m\u00e1s simplificado de reserva de pasajes y de servicios adicionales, yendo as\u00ed al encuentro de las exigencias de nuestros clientes. Nuestro objetivo es que su viaje comience realmente antes del avi\u00f3n despegar\u2019.<\/span><\/span><\/span><\/span><\/span><\/span><\/p>\n<p class=\"text-align-justify\"><span><span><span><em><span><span><span>Expreso. Redacci\u00f3n. J.R<\/span><\/span><\/span><\/em><\/span><\/span><\/span><\/p>\n<\/div>\n\n<p><em> &#8221; Fuentes www.expreso.info &#8221; <\/em><\/p>\n","protected":false},"excerpt":{"rendered":"<p>Las aerol\u00edneas de \u00c1voris\u00a0Corporaci\u00f3n Empresarial, Orbest (Portugal) y\u00a0 Evelop (Espa\u00f1a), van a comenzar a operar ya este mayo de forma conjunta bajo la marca\u00a0de Iberojet.\u00a0 La compa\u00f1\u00eda a\u00e9rea, en proceso de transici\u00f3n para una nueva marca, presenta ya su nueva plataforma digital, que consiste en una nueva p\u00e1gina con versi\u00f3n para ordenador y\u00a0m\u00f3viles, as\u00ed como [&hellip;]<\/p>\n","protected":false},"author":4,"featured_media":128281,"comment_status":"open","ping_status":"closed","sticky":false,"template":"","format":"standard","meta":{"om_disable_all_campaigns":false,"jnews-multi-image_gallery":[],"jnews_single_post":[],"jnews_primary_category":[],"jnews_social_meta":[],"footnotes":""},"categories":[40],"tags":[],"class_list":["post-128280","post","type-post","status-publish","format-standard","has-post-thumbnail","hentry","category-industria"],"_links":{"self":[{"href":"https:\/\/dimensionturistica.com\/es\/wp-json\/wp\/v2\/posts\/128280","targetHints":{"allow":["GET"]}}],"collection":[{"href":"https:\/\/dimensionturistica.com\/es\/wp-json\/wp\/v2\/posts"}],"about":[{"href":"https:\/\/dimensionturistica.com\/es\/wp-json\/wp\/v2\/types\/post"}],"author":[{"embeddable":true,"href":"https:\/\/dimensionturistica.com\/es\/wp-json\/wp\/v2\/users\/4"}],"replies":[{"embeddable":true,"href":"https:\/\/dimensionturistica.com\/es\/wp-json\/wp\/v2\/comments?post=128280"}],"version-history":[{"count":0,"href":"https:\/\/dimensionturistica.com\/es\/wp-json\/wp\/v2\/posts\/128280\/revisions"}],"wp:featuredmedia":[{"embeddable":true,"href":"https:\/\/dimensionturistica.com\/es\/wp-json\/wp\/v2\/media\/128281"}],"wp:attachment":[{"href":"https:\/\/dimensionturistica.com\/es\/wp-json\/wp\/v2\/media?parent=128280"}],"wp:term":[{"taxonomy":"category","embeddable":true,"href":"https:\/\/dimensionturistica.com\/es\/wp-json\/wp\/v2\/categories?post=128280"},{"taxonomy":"post_tag","embeddable":true,"href":"https:\/\/dimensionturistica.com\/es\/wp-json\/wp\/v2\/tags?post=128280"}],"curies":[{"name":"wp","href":"https:\/\/api.w.org\/{rel}","templated":true}]}}