{"id":128247,"date":"2021-05-16T20:52:12","date_gmt":"2021-05-16T20:52:12","guid":{"rendered":"https:\/\/dimensionturistica.com\/es\/?p=128247"},"modified":"2021-05-16T20:52:13","modified_gmt":"2021-05-16T20:52:13","slug":"el-futuro-de-los-viajes-y-el-turismo-ii-conversaciones-conde-nast-traveler","status":"publish","type":"post","link":"https:\/\/dimensionturistica.com\/es\/el-futuro-de-los-viajes-y-el-turismo-ii-conversaciones-conde-nast-traveler\/","title":{"rendered":"El futuro de los viajes y el turismo &#8211; II `Conversaciones Cond\u00e9 Nast Traveler\u00b4"},"content":{"rendered":"<p> <br \/>\n<\/p>\n<div>\n<p><strong>EL FUTURO DE LOS VIAJES Y EL TURISMO Y SU PAPEL COMO MOTOR DE LA RECUPERACI\u00d3N ECON\u00d3MICA, A DEBATE EN LA II EDICI\u00d3N DE CONVERSACIONES COND\u00c9 NAST TRAVELER<\/strong> <\/p>\n<p><em>Marcelo Risi, Dircom de la Organizaci\u00f3n Mundial del Turismo (OMT), Carlos Romero Dexeus, Director de I+D+i de SEGITTUR , David Moack P\u00e9rez, Director de MADRID CONVENTION BUREAU, Divia Thani, world director de Cond\u00e9 Nast Traveler y el CHEF DIEGO GUERRERO, entre otros, se encargar\u00e1n de poner sobre la mesa las nuevas tendencias y oportunidades de recuperaci\u00f3n de un sector que representa el 14,6% del PIB y 14,7% del empleo en Espa\u00f1a.<\/em><\/p>\n<p><em>El encuentro, conducido por Quico Taronj\u00ed, diseccionar\u00e1 la nueva realidad de un sector en cambio y el giro que experimentar\u00e1n segmentos como el MICE, el nupcial, el turismo rural y dom\u00e9stico, el nomadismo digital y los destinos inteligentes, que definen un nuevo horizonte.<\/em><\/p>\n<p><em> La cita se enmarca dentro de la II edici\u00f3n de Conversaciones Cond\u00e9 Nast Traveler, que aborda en profundidad aquello de lo que no se habla en las grandes ferias y que, en esta ocasi\u00f3n, cuenta con la colaboraci\u00f3n de Marriott Worldwide.<\/em><\/p>\n<p><strong>Madrid, 23 de abril de 2021<\/strong>. El turismo rural frente a los grandes viajes transoce\u00e1nicos, el staycation como impulso al viaje dom\u00e9stico, la transformaci\u00f3n de las celebraciones nupciales, el nomadismo digital y las oportunidades derivadas del teletrabajo, los destinos inteligentes y la desestacionalizaci\u00f3n, la apuesta definitiva por el sector MICE (viajes de negocios, incentivos y eventos) y el auge de un formato h\u00edbrido como el bleisure (negocios y ocio) son algunos de los ejes sobre los que girar\u00e1 la II Edici\u00f3n de Conversaciones Cond\u00e9 Nast Traveler. <\/p>\n<p>Una cita que se celebrar\u00e1 virtualmente los pr\u00f3ximos d\u00edas 11,12 y 13 de mayo dirigida tanto a profesionales del ramo y emprendedores, que tendr\u00e1n la oportunidad de reconocer las claves del sector, casos de \u00e9xito e inspiraci\u00f3n para sus propios negocios, as\u00ed como a los amantes de las conversaciones sobre viajes y en definitiva todos aquellos interesados en obtener respuesta a los grandes interrogantes que se han abierto tras estos meses.<\/p>\n<p>El encuentro llega en el momento preciso, con el inicio de la temporada 2021 a la vuelta de la esquina y en una \u00e9poca de incipiente recuperaci\u00f3n econ\u00f3mica en la que el turismo, en Espa\u00f1a, tiene la \u00faltima palabra. <\/p>\n<p>David Moralejo, director de Cond\u00e9 Nast Traveler Espa\u00f1a e impulsor de esta iniciativa, afirma: \u201cEl turismo es el motor econ\u00f3mico del pa\u00eds y con la paralizaci\u00f3n de todo el engranaje sectorial ha quedado de manifiesto la urgencia de su recuperaci\u00f3n. Una recuperaci\u00f3n que pasa por ser m\u00e1s creativos que nunca, aprovechar el impulso digital y, por supuesto, rodearnos de los mejores de cada gremio para (re)definir las l\u00edneas que marcar\u00e1n nuestra hoja de ruta de los pr\u00f3ximos a\u00f1os\u201d.<\/p>\n<p><strong>Las grandes preguntas. Perspectiva coral para un reto world.<\/strong> <\/p>\n<p>Para diseccionar el estado del sector y, sobre todo, para desvelar d\u00f3nde se hallar\u00e1n los ansiados brotes verdes, II Conversaciones Cond\u00e9 Nast Traveler sienta a la mesa de debate a nombres clave de todos los \u00e1mbitos de los viajes, el estilo de vida y el turismo. <\/p>\n<p> Figuras del mundo empresarial hotelero como Richard Brekelmans, Space Vice President Southern Europe de Marriott Intl., Mar\u00eda Rosa Rey, Conferences &amp; Occasions Director de NH Resort Group o Ruth Larraz, de 4 Seasons Madrid, de las instituciones tur\u00edsticas, lideradas por Marcelo Risi, Dircom de la Organizaci\u00f3n Mundial del Turismo (OMT), Carlos Romero Dexeus, Director I+D+i de SEGITTUR, y David Noack P\u00e9rez, director de Madrid Conference Bureau; del sector nupcial de la mano de Luis de Paz, fundador de la agencia de viajes Mundo Expedici\u00f3n, Cristina Ruiz Montesinos, creadora de Casilda se Casa o Eva Iglesias, Directora de Bodas Color\u00edn Colorado, o de la gastronom\u00eda, con el chef con dos estrellas Michel\u00edn en DStage, Diego Guerrero y con Diego Cabrera, bartender y propietario de Salm\u00f3n Gur\u00fa, a la cabeza, ser\u00e1n algunos de los ponentes.<\/p>\n<p> Todos ellos responder\u00e1n a las grandes preguntas del momento: \u00bfVolver\u00e1 el viaje a ser lo que period? \u00bfEs el comienzo de otra period? \u00bfQu\u00e9 oportunidades brinda el salto digital al sector? \u00bfEs posible la desestacionalizaci\u00f3n m\u00e1s all\u00e1 del viaje de negocios? \u00bfGanar\u00e1 terreno el turismo urbano como modelo de seguridad y diversidad?<\/p>\n<p>Los interesados en asistir a las Conversaciones Cond\u00e9 Nast Traveler pueden adquirir su acceso para las tres jornadas o elegir la\/s que m\u00e1s les interesen en conversaciones.traveler.es<\/p>\n<p> Enlace a programa, sesiones, ponentes e inscripciones: <\/p>\n<p><strong>https:\/\/conversaciones.traveler.es\/index.html<\/strong><\/p>\n<p> Acceso directo a entradas:<\/p>\n<p><strong> https:\/\/conversaciones.traveler.es\/entradas.html<\/strong><\/p>\n<p><strong>Acerca de Conversaciones Cond\u00e9 Nast Traveler <\/strong><\/p>\n<p>Conversaciones Cond\u00e9 Nast Traveler es una iniciativa de Cond\u00e9 Nast Traveler Espa\u00f1a creada para dar voz al sector de los viajes e impulsar un foro en el que debatir sobre su presente y futuro desde la seguridad que otorga pertenecer a una gran potencia tur\u00edstica como Espa\u00f1a. <\/p>\n<p>Cond\u00e9 Nast Traveler, la revista de viajes y estilo de vida m\u00e1s prestigiosa del mundo, cuenta con ediciones en Reino Unido, Italia, India, Oriente Medio, China, EEUU (ed. internacional) y Espa\u00f1a.<\/p>\n<p>Para m\u00e1s informaci\u00f3n: <\/p>\n<p>Loreto Resco Guijarro<\/p>\n<p>Comunicaci\u00f3n II Conversaciones Cond\u00e9 Nast Traveler<\/p>\n<p>636951459<\/p>\n<p>cntraveler.summit@condenast.es<\/p>\n<\/p><\/div>\n\n<p><em> &#8221; Fuentes www.hosteltur.com &#8221; <\/em><\/p>\n","protected":false},"excerpt":{"rendered":"<p>EL FUTURO DE LOS VIAJES Y EL TURISMO Y SU PAPEL COMO MOTOR DE LA RECUPERACI\u00d3N ECON\u00d3MICA, A DEBATE EN LA II EDICI\u00d3N DE CONVERSACIONES COND\u00c9 NAST TRAVELER Marcelo Risi, Dircom de la Organizaci\u00f3n Mundial del Turismo (OMT), Carlos Romero Dexeus, Director de I+D+i de SEGITTUR , David Moack P\u00e9rez, Director de MADRID CONVENTION BUREAU, [&hellip;]<\/p>\n","protected":false},"author":4,"featured_media":77859,"comment_status":"open","ping_status":"closed","sticky":false,"template":"","format":"standard","meta":{"om_disable_all_campaigns":false,"jnews-multi-image_gallery":[],"jnews_single_post":[],"jnews_primary_category":[],"jnews_social_meta":[],"footnotes":""},"categories":[39],"tags":[715],"class_list":["post-128247","post","type-post","status-publish","format-standard","has-post-thumbnail","hentry","category-viajes","tag-economia"],"_links":{"self":[{"href":"https:\/\/dimensionturistica.com\/es\/wp-json\/wp\/v2\/posts\/128247","targetHints":{"allow":["GET"]}}],"collection":[{"href":"https:\/\/dimensionturistica.com\/es\/wp-json\/wp\/v2\/posts"}],"about":[{"href":"https:\/\/dimensionturistica.com\/es\/wp-json\/wp\/v2\/types\/post"}],"author":[{"embeddable":true,"href":"https:\/\/dimensionturistica.com\/es\/wp-json\/wp\/v2\/users\/4"}],"replies":[{"embeddable":true,"href":"https:\/\/dimensionturistica.com\/es\/wp-json\/wp\/v2\/comments?post=128247"}],"version-history":[{"count":0,"href":"https:\/\/dimensionturistica.com\/es\/wp-json\/wp\/v2\/posts\/128247\/revisions"}],"wp:featuredmedia":[{"embeddable":true,"href":"https:\/\/dimensionturistica.com\/es\/wp-json\/wp\/v2\/media\/77859"}],"wp:attachment":[{"href":"https:\/\/dimensionturistica.com\/es\/wp-json\/wp\/v2\/media?parent=128247"}],"wp:term":[{"taxonomy":"category","embeddable":true,"href":"https:\/\/dimensionturistica.com\/es\/wp-json\/wp\/v2\/categories?post=128247"},{"taxonomy":"post_tag","embeddable":true,"href":"https:\/\/dimensionturistica.com\/es\/wp-json\/wp\/v2\/tags?post=128247"}],"curies":[{"name":"wp","href":"https:\/\/api.w.org\/{rel}","templated":true}]}}