{"id":128244,"date":"2021-05-16T20:50:15","date_gmt":"2021-05-16T20:50:15","guid":{"rendered":"https:\/\/dimensionturistica.com\/es\/?p=128244"},"modified":"2021-05-16T20:50:15","modified_gmt":"2021-05-16T20:50:15","slug":"priorizan-el-apoyo-a-los-servicios-turisticos-durante-la-pandemia-en-junin","status":"publish","type":"post","link":"https:\/\/dimensionturistica.com\/es\/priorizan-el-apoyo-a-los-servicios-turisticos-durante-la-pandemia-en-junin\/","title":{"rendered":"Priorizan el apoyo a los servicios tur\u00edsticos durante la pandemia, en Jun\u00edn"},"content":{"rendered":"<p> <br \/>\n<\/p>\n<div id=\"mvp-content-main\">\n<p>En pandemia, el Municipio contin\u00faa trabajando junto a prestadores de servicios tur\u00edsticos <\/p>\n<p>El director de Turismo del Gobierno de Jun\u00edn, Luis Bortolato, recorri\u00f3 junto a su propietaria el primer alojamiento temporario habilitado de acuerdo a la normativa vigente para brindar este servicio tur\u00edstico. Desde el \u00e1rea municipal mencionada convocan a quienes posean alojamientos en cualquiera de sus modalidades a que realicen el proceso de habilitaci\u00f3n, ya que de esta forma contar\u00e1n con todos los beneficios impositivos, mayores canales de difusi\u00f3n y una buena calidad en la prestaci\u00f3n. <\/p>\n<p>Acerca de esta propuesta, Bortolato manifest\u00f3: \u201cDesde el a\u00f1o 2019 Jun\u00edn tiene una ordenanza que permite la habilitaci\u00f3n de alojamientos tur\u00edsticos hoteleros y extrahoteleros, espec\u00edfica y acorde a las necesidades de la nueva demanda que busca cada vez m\u00e1s diferentes opciones para alojarse\u201d. Luego, asegur\u00f3 que \u201cJun\u00edn tiene una oferta de alojamiento muy amplia y variada, y era necesario que haya una norma que la ampare\u201d. <\/p>\n<p>\u201cEsto es muy importante para potenciarnos como destino tur\u00edstico y estar a la altura de las circunstancias\u201d, dijo Bortolato y a\u00f1adi\u00f3: \u201cB\u00e1rbara ya en el 2020 habilit\u00f3 este departamento y fue la primera en hacerlo, algo que nos pone muy contentos\u201d. <\/p>\n<p>Seguidamente, el funcionario dijo que \u201cinvitamos a todos los que posean alojamiento tur\u00edstico en cualquiera de sus modalidades, ya sea departamento, casa, casaquinta, a que se acerque a la Direcci\u00f3n de Turismo para formar parte de esta propuesta y aprovechar las ventajas que tiene tener habilitado un lugar como alojamiento temporal\u201d. <\/p>\n<p>Adem\u00e1s, el director de Turismo se\u00f1al\u00f3 que \u201cla habilitaci\u00f3n es fundamental, pero tambi\u00e9n con esto se accede a una serie de beneficios como formar parte de la estrategia promocional que llevamos adelante, beneficios impositivos y de ayuda generados desde el Gobierno de Jun\u00edn y desde la provincia de Buenos Aires con la posibilidad de acceder a los Fondos de Ayuda Municipales para el turismo y la cultura\u201d. <\/p>\n<p>Otro de los puntos destacados por Bortolato en cuanto a los beneficios son \u201clos convenios que firmamos con la C\u00e1mara Hotelera Gastron\u00f3mica, la Asociaci\u00f3n de Agencias de Viaje y cada una de las propuestas que generamos. Tambi\u00e9n la posibilidad de abrir nuevos canales de comunicaci\u00f3n y promoci\u00f3n por v\u00edas como las redes sociales de la direcci\u00f3n\u201d. <\/p>\n<p>Por su parte, B\u00e1rbara Suhette, due\u00f1a del departamento para alojamiento temporal ubicado en Alberdi 70, expres\u00f3: \u201cEmpec\u00e9 con esta propuesta el a\u00f1o pasado con la pandemia y desde Turismo me invitaron a realizar la habilitaci\u00f3n, lo que me pareci\u00f3 b\u00e1rbaro porque eso da mucha seguridad a quienes vienen a conocer el lugar. Yo no soy de ac\u00e1 sino de Alem, este departamento lo ten\u00eda cerrado gener\u00e1ndome gastos y era necesario arrancar con algo para ver qu\u00e9 suced\u00eda\u201d. <\/p>\n<p>\u201cPor suerte he tenido buenas experiencias y la gente se va muy contenta. Es algo que lleva mucho trabajo, pero yo estoy muy contenta de hacerlo y lo que m\u00e1s quiero es que la gente que viene se sienta c\u00f3moda\u201d, resalt\u00f3 y agreg\u00f3 que \u201cde Turismo me ayudan much\u00edsimo y eso es muy importante\u201d. <\/p>\n<p>Suhette tambi\u00e9n coment\u00f3 que \u201ccomo le cont\u00e9 a Luis, tuve a una se\u00f1ora que vino desde Espa\u00f1a por 20 d\u00edas en un principio y despu\u00e9s se qued\u00f3 por un mes y 10 d\u00edas. Esto es algo que me da mucha alegr\u00eda y me motiva para seguir; estoy todo el tiempo viendo qu\u00e9 puedo mejorar e incorporar para mejorar la oferta\u201d. <\/p>\n<p>A su vez, Leonardo Latina, de la Direcci\u00f3n de Turismo, detall\u00f3: \u201cEl tr\u00e1mite de habilitaci\u00f3n para este tipo de servicios se inicia en Rivadavia 80 y nosotros los podemos informar en todo lo que necesiten en Espa\u00f1a 37, donde se encuentra la Direcci\u00f3n de Turismo. Como dijo Luis, todo aquel que tenga un alojamiento que quiera incorporar puede contactarse con nosotros que lo guiaremos para que sepa lo que tiene que hacer\u201d. <\/p>\n<p>\u201cEsta ordenanza hace hincapi\u00e9, adem\u00e1s de en los servicios, en la higiene y la seguridad, todas cosas que son fundamentales especialmente en estos tiempos. Buscamos asesorar a la gente para que se pueda incorporar y que puedan obtener los beneficios que mencion\u00f3 Luis\u201d, concluy\u00f3 Latina. <\/p>\n<\/p><\/div>\n<p><script>\n  !function(f,b,e,v,n,t,s)\n  {if(f.fbq)return;n=f.fbq=function(){n.callMethod?\n  n.callMethod.apply(n,arguments):n.queue.push(arguments)};\n  if(!f._fbq)f._fbq=n;n.push=n;n.loaded=!0;n.version='2.0';\n  n.queue=[];t=b.createElement(e);t.async=!0;\n  t.src=v;s=b.getElementsByTagName(e)[0];\n  s.parentNode.insertBefore(t,s)}(window, document,'script',\n  'https:\/\/connect.facebook.net\/en_US\/fbevents.js');\n  fbq('init', '1129181360753706');\n  fbq('track', 'PageView');\n<\/script><br \/>\n<br \/><\/p>\n<p><em> &#8221; Fuentes laverdadonline.com &#8221; <\/em><\/p>\n","protected":false},"excerpt":{"rendered":"<p>En pandemia, el Municipio contin\u00faa trabajando junto a prestadores de servicios tur\u00edsticos El director de Turismo del Gobierno de Jun\u00edn, Luis Bortolato, recorri\u00f3 junto a su propietaria el primer alojamiento temporario habilitado de acuerdo a la normativa vigente para brindar este servicio tur\u00edstico. Desde el \u00e1rea municipal mencionada convocan a quienes posean alojamientos en cualquiera [&hellip;]<\/p>\n","protected":false},"author":4,"featured_media":128245,"comment_status":"open","ping_status":"closed","sticky":false,"template":"","format":"standard","meta":{"om_disable_all_campaigns":false,"jnews-multi-image_gallery":[],"jnews_single_post":[],"jnews_primary_category":[],"jnews_social_meta":[],"footnotes":""},"categories":[40],"tags":[],"class_list":["post-128244","post","type-post","status-publish","format-standard","has-post-thumbnail","hentry","category-industria"],"_links":{"self":[{"href":"https:\/\/dimensionturistica.com\/es\/wp-json\/wp\/v2\/posts\/128244","targetHints":{"allow":["GET"]}}],"collection":[{"href":"https:\/\/dimensionturistica.com\/es\/wp-json\/wp\/v2\/posts"}],"about":[{"href":"https:\/\/dimensionturistica.com\/es\/wp-json\/wp\/v2\/types\/post"}],"author":[{"embeddable":true,"href":"https:\/\/dimensionturistica.com\/es\/wp-json\/wp\/v2\/users\/4"}],"replies":[{"embeddable":true,"href":"https:\/\/dimensionturistica.com\/es\/wp-json\/wp\/v2\/comments?post=128244"}],"version-history":[{"count":0,"href":"https:\/\/dimensionturistica.com\/es\/wp-json\/wp\/v2\/posts\/128244\/revisions"}],"wp:featuredmedia":[{"embeddable":true,"href":"https:\/\/dimensionturistica.com\/es\/wp-json\/wp\/v2\/media\/128245"}],"wp:attachment":[{"href":"https:\/\/dimensionturistica.com\/es\/wp-json\/wp\/v2\/media?parent=128244"}],"wp:term":[{"taxonomy":"category","embeddable":true,"href":"https:\/\/dimensionturistica.com\/es\/wp-json\/wp\/v2\/categories?post=128244"},{"taxonomy":"post_tag","embeddable":true,"href":"https:\/\/dimensionturistica.com\/es\/wp-json\/wp\/v2\/tags?post=128244"}],"curies":[{"name":"wp","href":"https:\/\/api.w.org\/{rel}","templated":true}]}}