{"id":128231,"date":"2021-05-16T19:27:12","date_gmt":"2021-05-16T19:27:12","guid":{"rendered":"https:\/\/dimensionturistica.com\/es\/?p=128231"},"modified":"2021-05-16T19:27:12","modified_gmt":"2021-05-16T19:27:12","slug":"en-pleno-conflicto-israel-promoueve-turismo-en-dubai","status":"publish","type":"post","link":"https:\/\/dimensionturistica.com\/es\/en-pleno-conflicto-israel-promoueve-turismo-en-dubai\/","title":{"rendered":"En pleno conflicto, Israel promoueve turismo en Dub\u00e1i"},"content":{"rendered":"<p> <br \/>\n<\/p>\n<div>\n<p class=\"paragraph\">DUB\u00c1I (AP) \u2014 Conforme la violencia estalla en Israel y en un d\u00eda en que los ataques a\u00e9reos israel\u00edes en Ciudad de Gaza mataron al menos a 42 personas, el domingo todo continuaba como de costumbre para una empleada de turismo israel\u00ed en Dub\u00e1i mientras promocionaba al pa\u00eds como un destino obligado para turistas musulmanes.<\/p>\n<p class=\"paragraph\">Podr\u00eda parecer una inusual propuesta en un inusual momento dado que las principales aerol\u00edneas han suspendido vuelos a Israel durante el surgimiento de violencia y mientras siga siendo un riesgo el brote de coronavirus.<\/p>\n<p class=\"paragraph\">Pero en el Mercado de Viajes \u00c1rabe en Dub\u00e1i, considerado como el primer evento de turismo y viajes presencial desde que inici\u00f3 la pandemia de coronavirus, un peque\u00f1o pabell\u00f3n israel\u00ed, metido atr\u00e1s del de Eslovenia, promocionaba al pa\u00eds como la \u201cTierra de la Creaci\u00f3n\u201d. Movies promocionales mostraban la escena gastron\u00f3mica vegana y playas de Israel, mientras exhortaba: \u201c\u00a1Reserva tu viaje ahora\u201d a Tel Aviv.<\/p>\n<p><span data-error=\"No dfp-path found.\"\/><\/p>\n<p class=\"paragraph\">\u00bfY los devastadores ataques en Gaza que encabezan las noticias televisivas del mundo?<\/p>\n<p class=\"paragraph\">\u201cNo hablamos de eso. Hablamos del futuro. Hablamos sobre qu\u00e9 podemos hacer para llevar el turismo a Israel\u201d, dijo Ksenia Kobiakov, directora de desarrollo de mercados emergentes en el Ministerio de Turismo Israel\u00ed.<\/p>\n<p class=\"paragraph\">La presencia de Israel en el evento de viajes y turismo en Dub\u00e1i enfatiza la estrategia enfocada al comercio de Emiratos \u00c1rabes Unidos y demuestra lo r\u00e1pido que se han desarrollado los v\u00ednculos con Israel desde que Emiratos e Israel firmaron un acuerdo para formalizar sus lazos en septiembre.<\/p>\n<p><span data-error=\"No dfp-path found.\"\/><\/p>\n<p class=\"paragraph\">Tambi\u00e9n muestra c\u00f3mo incluso los conflictos m\u00e1s brutales entre Israel y los palestinos ya no son vistos por algunos l\u00edderes del Golfo P\u00e9rsico a trav\u00e9s de un prisma de solidaridad musulmana o \u00e1rabe, sino como parte de un c\u00e1lculo m\u00e1s extenso en una regi\u00f3n acogida por m\u00faltiples amenazas.<\/p>\n<\/div>\n<p><script defer=\"\">!function(f,b,e,v,n,t,s) {if(f.fbq)return;n=f.fbq=function(){n.callMethod? n.callMethod.apply(n,arguments):n.queue.push(arguments)}; if(!f._fbq)f._fbq=n;n.push=n;n.loaded=!0;n.version='2.0'; n.queue=[];t=b.createElement(e);t.async=!0; t.src=v;s=b.getElementsByTagName(e)[0]; s.parentNode.insertBefore(t,s)}(window, document,'script', 'https:\/\/connect.facebook.net\/en_US\/fbevents.js'); fbq('init', '336383993555320'); fbq('track', 'PageView'); fbq('track', 'ViewContent');<\/script><br \/>\n<br \/><\/p>\n<p><em> &#8221; Fuentes www.infobae.com &#8221; <\/em><\/p>\n","protected":false},"excerpt":{"rendered":"<p>DUB\u00c1I (AP) \u2014 Conforme la violencia estalla en Israel y en un d\u00eda en que los ataques a\u00e9reos israel\u00edes en Ciudad de Gaza mataron al menos a 42 personas, el domingo todo continuaba como de costumbre para una empleada de turismo israel\u00ed en Dub\u00e1i mientras promocionaba al pa\u00eds como un destino obligado para turistas musulmanes. [&hellip;]<\/p>\n","protected":false},"author":4,"featured_media":126867,"comment_status":"open","ping_status":"closed","sticky":false,"template":"","format":"standard","meta":{"om_disable_all_campaigns":false,"jnews-multi-image_gallery":[],"jnews_single_post":[],"jnews_primary_category":[],"jnews_social_meta":[],"footnotes":""},"categories":[40],"tags":[],"class_list":["post-128231","post","type-post","status-publish","format-standard","has-post-thumbnail","hentry","category-industria"],"_links":{"self":[{"href":"https:\/\/dimensionturistica.com\/es\/wp-json\/wp\/v2\/posts\/128231","targetHints":{"allow":["GET"]}}],"collection":[{"href":"https:\/\/dimensionturistica.com\/es\/wp-json\/wp\/v2\/posts"}],"about":[{"href":"https:\/\/dimensionturistica.com\/es\/wp-json\/wp\/v2\/types\/post"}],"author":[{"embeddable":true,"href":"https:\/\/dimensionturistica.com\/es\/wp-json\/wp\/v2\/users\/4"}],"replies":[{"embeddable":true,"href":"https:\/\/dimensionturistica.com\/es\/wp-json\/wp\/v2\/comments?post=128231"}],"version-history":[{"count":0,"href":"https:\/\/dimensionturistica.com\/es\/wp-json\/wp\/v2\/posts\/128231\/revisions"}],"wp:featuredmedia":[{"embeddable":true,"href":"https:\/\/dimensionturistica.com\/es\/wp-json\/wp\/v2\/media\/126867"}],"wp:attachment":[{"href":"https:\/\/dimensionturistica.com\/es\/wp-json\/wp\/v2\/media?parent=128231"}],"wp:term":[{"taxonomy":"category","embeddable":true,"href":"https:\/\/dimensionturistica.com\/es\/wp-json\/wp\/v2\/categories?post=128231"},{"taxonomy":"post_tag","embeddable":true,"href":"https:\/\/dimensionturistica.com\/es\/wp-json\/wp\/v2\/tags?post=128231"}],"curies":[{"name":"wp","href":"https:\/\/api.w.org\/{rel}","templated":true}]}}