{"id":128218,"date":"2021-05-16T18:27:44","date_gmt":"2021-05-16T18:27:44","guid":{"rendered":"https:\/\/dimensionturistica.com\/es\/?p=128218"},"modified":"2021-05-16T18:27:44","modified_gmt":"2021-05-16T18:27:44","slug":"restricciones-en-espana-vacunas-y-ultimos-contagios-por-la-covid-en-directo","status":"publish","type":"post","link":"https:\/\/dimensionturistica.com\/es\/restricciones-en-espana-vacunas-y-ultimos-contagios-por-la-covid-en-directo\/","title":{"rendered":"Restricciones en Espa\u00f1a, vacunas y \u00faltimos contagios por la Covid, en directo"},"content":{"rendered":"<p> <br \/>\n<\/p>\n<div id=\"main-container\">\n<div class=\"main-article-container \">\n<article class=\"article-default article-directo article-directo-2\">\n<aside class=\"top-ad-board-container\">\n<aside class=\"top-ad-module  hidden-ad hidden-ad hidden-ad\"><span class=\"content-ad visible-md mega-container  hidden-ad\"><span class=\"ad-unit mega\"><\/p>\n<p>                <\/span><\/span><span class=\"content-ad visible-md billboard-container  hidden-ad\"><span class=\"ad-unit billboard\"><\/p>\n<p>                <\/span><\/span><span class=\"content-ad visible-xs billboard-container  hidden-ad\"><span class=\"ad-unit billboard\"><\/p>\n<p>                <\/span><\/span><\/aside>\n<\/aside>\n<div class=\"container\" style=\"position:relative\">\n<div class=\"row\">\n<header class=\"article-top-header col-12\">\n<div class=\"article-top\">\n<div class=\"epigraph-container\" data-gtm-element-container=\"modulo-texto-link\">\n<h2 class=\"epigraph\">La campa\u00f1a de vacunaci\u00f3n contra la Covid-19 contin\u00faa acelerando en Espa\u00f1a y los adolescentes podr\u00edan empezar a ser vacunados en julio<\/h2>\n<\/div>\n<div class=\"article-media-main\">\n<figure class=\"main-media-directo-2 \">\n<figure class=\"composite-image image-container \" data-gtm-element-container=\"button-gallery\"><picture class=\"nolazy\"><source srcset=\"https:\/\/www.lavanguardia.com\/files\/image_948_465\/uploads\/2021\/05\/03\/60902b863776f.jpeg\" media=\"(min-width: 638px)\"><source srcset=\"https:\/\/www.lavanguardia.com\/files\/image_607_298\/uploads\/2021\/05\/03\/60902b863776f.jpeg\" media=\"(min-width: 480px)\"><img decoding=\"async\" src=\"https:\/\/www.lavanguardia.com\/files\/image_449_220\/uploads\/2021\/05\/03\/60902b863776f.jpeg\" data-full-src=\"https:\/\/www.lavanguardia.com\/uploads\/2021\/05\/03\/60902b863776f.jpeg\" alt=\"Coronavirus en Espa\u00f1a | Noticias en directo\" class=\"nolazy\"\/><\/source><\/source><\/picture><figcaption class=\"figure-caption\">\n<p class=\"caption-title \">Coronavirus en Espa\u00f1a | Noticias en directo<\/p>\n<p><span class=\"caption-author \">Redacci\u00f3n \/ Propias<\/span><\/figcaption><\/figure>\n<\/figure>\n<\/div><\/div>\n<\/header>\n<div class=\"article-content col-12 col-md-8\">\n<div class=\"article-info\">\n<div class=\"author-date-content\">\n<div class=\"author-date-time\">\n<p>\n            <time datetime=\"2021-05-16T07:00:05+02:00\" class=\"created\">16\/05\/2021 07:00<\/time><time datetime=\"2021-05-16T20:22:00+02:00\" class=\"modified\">Actualizado a  16\/05\/2021 20:22<\/time>\n<\/p>\n<\/p><\/div>\n<\/div><\/div>\n<div class=\"article-modules\">\n<div class=\"content-free-html  \">\n<div class=\"scribble-content\">\n    <!-- v2 --><\/p>\n<div class=\"story-leaf-body\">\n<div class=\"story-leaf-txt-p\">\n<p>Seg\u00fan los \u00faltimos datos del Ministerio de Sanidad, facilitados el viernes, un complete de 3.604.799 personas se han infectado en Espa\u00f1a y 79.339 han fallecido por coronavirus desde el inicio de la pandemia.\n<\/p>\n<p>Por su parte, la campa\u00f1a de vacunaci\u00f3n sigue avanzando a buen ritmo y hasta el viernes se hab\u00edan inoculado 21.683.707 dosis en todo el pa\u00eds y un 31,4% de la poblaci\u00f3n ya hab\u00eda recibido al menos un pinchazo. &#13;\n\t\t\t\t<\/p>\n<\/p><\/div>\n<\/div>\n<\/div>\n<\/div>\n<p><span class=\"content-ad-module  hidden-ad hidden-ad\"><\/p>\n<p><span class=\"content-ad visible-xs roba-container  hidden-ad\"><span class=\"ad-unit roba\"><\/p>\n<p>                <\/span><\/span><span class=\"content-ad visible-md irr-container  hidden-ad\"><span class=\"ad-unit irr\"><\/p>\n<p>                <\/span><\/span><span class=\"content-html\"><span class=\"intext-md hidden-xs hidden-md\"\/><\/span><\/span>\n<\/div>\n<aside class=\"board-article-outbrain \" data-gtm-element-container=\"modulo-outbrain-paid\"\/>\n<\/div>\n<aside class=\"article-sidebar col-12 col-md-4\"\/>\n<\/div><\/div>\n<\/article>\n<\/div>\n<p>Cargando siguiente contenido&#8230;<\/p>\n<\/p><\/div>\n<p><script type=\"script\/gg\">\ngg.didomi.doWhenConsent(!window.didomiBypass, 'c:facebooka-frU9M5JY', function () {\n!function(f,b,e,v,n,t,s)\n{if(f.fbq)return;n=f.fbq=function(){n.callMethod?\nn.callMethod.apply(n,arguments):n.queue.push(arguments)};\nif(!f._fbq)f._fbq=n;n.push=n;n.loaded=!0;n.version='2.0';\nn.queue=[];t=b.createElement(e);t.async=!0;\nt.src=v;s=b.getElementsByTagName(e)[0];\ns.parentNode.insertBefore(t,s)}(window, document,'script',\n'https:\/\/connect.facebook.net\/en_US\/fbevents.js');\nfbq('init', '161843274362284');\nfbq('track', 'PageView');\n});\n<\/script><br \/>\n<br \/><\/p>\n<p><em> &#8221; Fuentes www.lavanguardia.com &#8221; <\/em><\/p>\n","protected":false},"excerpt":{"rendered":"<p>La campa\u00f1a de vacunaci\u00f3n contra la Covid-19 contin\u00faa acelerando en Espa\u00f1a y los adolescentes podr\u00edan empezar a ser vacunados en julio Coronavirus en Espa\u00f1a | Noticias en directo Redacci\u00f3n \/ Propias 16\/05\/2021 07:00Actualizado a 16\/05\/2021 20:22 Seg\u00fan los \u00faltimos datos del Ministerio de Sanidad, facilitados el viernes, un complete de 3.604.799 personas se han infectado [&hellip;]<\/p>\n","protected":false},"author":4,"featured_media":128219,"comment_status":"open","ping_status":"closed","sticky":false,"template":"","format":"standard","meta":{"om_disable_all_campaigns":false,"jnews-multi-image_gallery":[],"jnews_single_post":[],"jnews_primary_category":[],"jnews_social_meta":[],"footnotes":""},"categories":[40],"tags":[],"class_list":["post-128218","post","type-post","status-publish","format-standard","has-post-thumbnail","hentry","category-industria"],"_links":{"self":[{"href":"https:\/\/dimensionturistica.com\/es\/wp-json\/wp\/v2\/posts\/128218","targetHints":{"allow":["GET"]}}],"collection":[{"href":"https:\/\/dimensionturistica.com\/es\/wp-json\/wp\/v2\/posts"}],"about":[{"href":"https:\/\/dimensionturistica.com\/es\/wp-json\/wp\/v2\/types\/post"}],"author":[{"embeddable":true,"href":"https:\/\/dimensionturistica.com\/es\/wp-json\/wp\/v2\/users\/4"}],"replies":[{"embeddable":true,"href":"https:\/\/dimensionturistica.com\/es\/wp-json\/wp\/v2\/comments?post=128218"}],"version-history":[{"count":0,"href":"https:\/\/dimensionturistica.com\/es\/wp-json\/wp\/v2\/posts\/128218\/revisions"}],"wp:featuredmedia":[{"embeddable":true,"href":"https:\/\/dimensionturistica.com\/es\/wp-json\/wp\/v2\/media\/128219"}],"wp:attachment":[{"href":"https:\/\/dimensionturistica.com\/es\/wp-json\/wp\/v2\/media?parent=128218"}],"wp:term":[{"taxonomy":"category","embeddable":true,"href":"https:\/\/dimensionturistica.com\/es\/wp-json\/wp\/v2\/categories?post=128218"},{"taxonomy":"post_tag","embeddable":true,"href":"https:\/\/dimensionturistica.com\/es\/wp-json\/wp\/v2\/tags?post=128218"}],"curies":[{"name":"wp","href":"https:\/\/api.w.org\/{rel}","templated":true}]}}