{"id":128102,"date":"2021-05-16T11:49:31","date_gmt":"2021-05-16T11:49:31","guid":{"rendered":"https:\/\/dimensionturistica.com\/es\/?p=128102"},"modified":"2021-05-16T11:49:31","modified_gmt":"2021-05-16T11:49:31","slug":"crece-el-interes-de-marplatenses-por-vacunarse-en-estados-unidos-diario-la-capital-de-mar-del-plata","status":"publish","type":"post","link":"https:\/\/dimensionturistica.com\/es\/crece-el-interes-de-marplatenses-por-vacunarse-en-estados-unidos-diario-la-capital-de-mar-del-plata\/","title":{"rendered":"Crece el inter\u00e9s de marplatenses por vacunarse en Estados Unidos \u00ab Diario La Capital de Mar del Plata"},"content":{"rendered":"<p> <br \/>\n<\/p>\n<div>\n<p>El video circula en las redes sociales: muestra el pasillo de un supermercado y, por altoparlante, una voz invita a todos los clientes a pasar por la farmacia para vacunarse sin cargo. No es ciencia ficci\u00f3n, sino una situaci\u00f3n que se vive en varios lugares de Estados Unidos.<\/p>\n<p>El inter\u00e9s por conseguir una vacuna en el exterior tambi\u00e9n lleg\u00f3 a la ciudad: en las agencias de viajes cada vez reciben m\u00e1s consultas de marplatenses que est\u00e1n interesados en viajar. Hacerlo no es f\u00e1cil: hay pocos vuelos y cada vez son m\u00e1s caros. Sin embargo, si bien no hay cifras oficiales, muchos ya lo hicieron.<\/p>\n<p>\u201cHay una tendencia de ir a vacunarse a Estados Unidos, especialmente a Miami, pero depende de muchas cuestiones y no es accesible para todos\u201d, reconoci\u00f3 a LA CAPITAL el titular de la Asociaci\u00f3n de Empresas de Viajes y Turismo (Aevyt) de Mar del Plata y el sudeste, Sebasti\u00e1n Salvia.<\/p>\n<p>Adem\u00e1s, el operador explic\u00f3 que \u201chay poca disponibilidad y menos vuelos, por eso tambi\u00e9n se encarecieron las tarifas\u201d y si bien el goal etario es variado, sostuvo que hay un perfil de viajero: \u201cMucha gente joven, que tiene la posibilidad y que sabe que este a\u00f1o quiz\u00e1s ac\u00e1 no podr\u00e1 vacunarse\u201d.<\/p>\n<p>El titular de una agencia de viajes, Gabriel Di Marco, explic\u00f3 que \u201ctanto en abril como en mayo pasamos de 30 vuelos semanales a Estados Unidos a 14, por lo que hubo que reubicar a todas las personas\u201d.<\/p>\n<p>El men\u00fa de viaje incluye vuelo directo o con escalas, aunque los primeros asientos disponibles para viajar lo m\u00e1s r\u00e1pido posible se consiguen con precios que pueden llegar hasta los 4.000 d\u00f3lares. Un ejemplo: viajar del 6 al 13 de junio con una escala a la ida costaba al cierre de esta edici\u00f3n 312 mil pesos. Period el vuelo m\u00e1s barato: el m\u00e1s costoso llegaba a los 566 mil pesos.<\/p>\n<p>\u201cVuelos directos a Estados Unidos hay s\u00f3lo de Aerol\u00edneas Argentinas y United Airlines, ya sea a Miami o New York, y se trata de oferta y demanda: a medida que se van ocupando los asientos, los que restan van subiendo de precio. Y las tarifas aumentaron bastante\u201d, explic\u00f3 a LA CAPITAL el licenciado Nolberto Pezzati.<\/p>\n<p>Los vuelos sin escala a esas ciudades norteamericanas -o tambi\u00e9n a Houston- tienen, en promedio, un costo aproximado de \u201c3 mil d\u00f3lares, en clase econ\u00f3mica (unos 453 mil pesos al cambio del d\u00f3lar libre)\u201d, mientras que los que hacen trasbordo en Lima, Panam\u00e1 o Bogot\u00e1 oscilan \u201centre los 2.000 y 2.200 d\u00f3lares\u201d.<\/p>\n<p>\u201cLo que pasa es que no hay disponibilidad, reci\u00e9n consegu\u00ed un lugar en Aerol\u00edneas para el 25 de mayo. Y en American reci\u00e9n hay lugar para el 5 de junio\u201d, grafic\u00f3 Pezzati.<\/p>\n<p>En cuanto a los precios de las tarifas, el operador consider\u00f3 que \u201chay menos vuelos, por ende las tarifas aumentaron y no hay par\u00e1metro para decir si son caros o baratos\u201d.<\/p>\n<p>\u201cHay menos vuelos porque la Agencia Nacional de Aviaci\u00f3n Comercial (ANAC) no autoriza determinados destinos. A Aerol\u00edneas le dan a conocer la programaci\u00f3n bimensualmente pero a las otras l\u00edneas s\u00f3lo quincenalmente, pero el desorden que hubo a principios de mayo, esas l\u00edneas desconoc\u00edan todav\u00eda la programaci\u00f3n de la \u00faltima quincena de mayo\u201d, detall\u00f3 Florencia de Preferentia Journey.<\/p>\n<p>Adem\u00e1s, la operadora confirm\u00f3 que \u201chay m\u00e1s consultas pero menos disponibilidad\u201d. \u201cHay gente que quiere viajar, de todas las edades, pero hay menos vuelos y por ende tarifas m\u00e1s caras\u201d, explic\u00f3.<\/p>\n<p>Aerol\u00edneas Argentinas ya anunci\u00f3 que sumar\u00e1 dos vuelos semanales a Miami.<\/p>\n<p><strong>Estad\u00edas<\/strong><\/p>\n<p>Otra de las cuestiones es determinar qu\u00e9 vacuna recibir\u00e1 el viajero para poder organizar la estad\u00eda, que en la mayor\u00eda de los casos se realiza en \u201caparts hoteles o departamentos con todo lo que necesita, como servicio de mucama, playa\u201d. \u201cPrimero por una cuesti\u00f3n econ\u00f3mica, porque el viajero llega, va al supermercado y de ah\u00ed al alojamiento donde puede cocinar. Y segundo por una cuesti\u00f3n sanitaria: tiene menos intercambio con otras personas que en un hotel\u201d, detall\u00f3 Pezzati, que desde su agencia organizan directamente paquetes con vuelo, traslado, auto y alojamiento.<\/p>\n<p>El costo depende \u201cde la cantidad de d\u00edas que se queden\u201d, variable que est\u00e1 atada tambi\u00e9n a la disponibilidad del pasaje para la vuelta.<\/p>\n<p>Las tarifas m\u00e1s bajas en departamentos frente al mar en Miami Seaside parte de los 139 d\u00f3lares la noche, para cuatro personas, y de 335 d\u00f3lares para seis personas. En tanto que el alquiler de un auto econ\u00f3mico arranca en 800 d\u00f3lares la semana.<\/p>\n<p>M\u00e1s all\u00e1 de los prejuicios y las opiniones sectorizadas sobre los viajeros y la posibilidad de vacunarse en Estados Unidos, para algunos podr\u00eda ser una v\u00eda de descomprimir la campa\u00f1a de vacunaci\u00f3n nacional. De hecho, el physician Conrado Estol opin\u00f3 en televisi\u00f3n que \u201cdeber\u00edan duplicarse los vuelos a Estados Unidos\u201d para evitar el precise cuello de botella en la disponibilidad a\u00e9rea.<\/p>\n<\/p><\/div>\n<p><script>(function(d, s, id) {\n  var js, fjs = d.getElementsByTagName(s)[0];\n  if (d.getElementById(id)) return;\n  js = d.createElement(s); js.id = id;\n  js.src = \"https:\/\/connect.facebook.net\/es_LA\/sdk.js#xfbml=1&version=v2.5&appId=551960851645342\";\n  fjs.parentNode.insertBefore(js, fjs);\n}(document, 'script', 'facebook-jssdk'));<\/script><br \/>\n<br \/><\/p>\n<p><em> &#8221; Fuentes www.lacapitalmdp.com &#8221; <\/em><\/p>\n","protected":false},"excerpt":{"rendered":"<p>El video circula en las redes sociales: muestra el pasillo de un supermercado y, por altoparlante, una voz invita a todos los clientes a pasar por la farmacia para vacunarse sin cargo. No es ciencia ficci\u00f3n, sino una situaci\u00f3n que se vive en varios lugares de Estados Unidos. El inter\u00e9s por conseguir una vacuna en [&hellip;]<\/p>\n","protected":false},"author":4,"featured_media":128103,"comment_status":"open","ping_status":"closed","sticky":false,"template":"","format":"standard","meta":{"om_disable_all_campaigns":false,"jnews-multi-image_gallery":[],"jnews_single_post":[],"jnews_primary_category":[],"jnews_social_meta":[],"footnotes":""},"categories":[40],"tags":[],"class_list":["post-128102","post","type-post","status-publish","format-standard","has-post-thumbnail","hentry","category-industria"],"_links":{"self":[{"href":"https:\/\/dimensionturistica.com\/es\/wp-json\/wp\/v2\/posts\/128102","targetHints":{"allow":["GET"]}}],"collection":[{"href":"https:\/\/dimensionturistica.com\/es\/wp-json\/wp\/v2\/posts"}],"about":[{"href":"https:\/\/dimensionturistica.com\/es\/wp-json\/wp\/v2\/types\/post"}],"author":[{"embeddable":true,"href":"https:\/\/dimensionturistica.com\/es\/wp-json\/wp\/v2\/users\/4"}],"replies":[{"embeddable":true,"href":"https:\/\/dimensionturistica.com\/es\/wp-json\/wp\/v2\/comments?post=128102"}],"version-history":[{"count":0,"href":"https:\/\/dimensionturistica.com\/es\/wp-json\/wp\/v2\/posts\/128102\/revisions"}],"wp:featuredmedia":[{"embeddable":true,"href":"https:\/\/dimensionturistica.com\/es\/wp-json\/wp\/v2\/media\/128103"}],"wp:attachment":[{"href":"https:\/\/dimensionturistica.com\/es\/wp-json\/wp\/v2\/media?parent=128102"}],"wp:term":[{"taxonomy":"category","embeddable":true,"href":"https:\/\/dimensionturistica.com\/es\/wp-json\/wp\/v2\/categories?post=128102"},{"taxonomy":"post_tag","embeddable":true,"href":"https:\/\/dimensionturistica.com\/es\/wp-json\/wp\/v2\/tags?post=128102"}],"curies":[{"name":"wp","href":"https:\/\/api.w.org\/{rel}","templated":true}]}}