{"id":128100,"date":"2021-05-16T10:53:42","date_gmt":"2021-05-16T10:53:42","guid":{"rendered":"https:\/\/dimensionturistica.com\/es\/?p=128100"},"modified":"2021-05-16T10:53:43","modified_gmt":"2021-05-16T10:53:43","slug":"conductor-de-choque-de-tesla-se-grabo-con-piloto-automatico","status":"publish","type":"post","link":"https:\/\/dimensionturistica.com\/es\/conductor-de-choque-de-tesla-se-grabo-con-piloto-automatico\/","title":{"rendered":"Conductor de choque de Tesla se grab\u00f3 con piloto autom\u00e1tico"},"content":{"rendered":"<p> <br \/>\n<\/p>\n<div>\n<p class=\"paragraph\">LOS \u00c1NGELES (AP) \u2014 El conductor de un auto Tesla involucrado en un accidente mortal que, seg\u00fan la Patrulla de Caminos de California, habr\u00eda activado el sistema de piloto autom\u00e1tico, public\u00f3 v\u00eddeos en las redes sociales en que aparec\u00eda viajando en el veh\u00edculo sin las manos en el volante ni el pie en el pedal.<\/p>\n<p class=\"paragraph\">El accidente ocurrido el 5 de mayo en Fontana, una ciudad ubicada a 80 kil\u00f3metros (50 millas) al este de Los \u00c1ngeles, tambi\u00e9n es investigado por la Administraci\u00f3n Nacional de Seguridad del Tr\u00e1fico en las Carreteras de Estados Unidos (NHTSA, por sus siglas en ingl\u00e9s). Se trata del 29no caso que la agencia federal investiga y que involucra un veh\u00edculo Tesla.<\/p>\n<p class=\"paragraph\">En el accidente de Fontana, perdi\u00f3 la vida un hombre de 35 a\u00f1os identificado como Steven Michael Hendrickson cuando su auto Mannequin 3 de Tesla choc\u00f3 contra un semirremolque en una autopista aproximadamente a las 2:30 de la madrugada.<\/p>\n<p><span data-error=\"No dfp-path found.\"\/><\/p>\n<p class=\"paragraph\">Hendrickson period miembro de la secci\u00f3n sur de California de un membership de Tesla que publicaba varias fotograf\u00edas y movies en sus redes sociales de su Mannequin 3 blanco. En un video en su cuenta de Instagram, aparece en el asiento del conductor sin las manos en el volante ni el pie en el pedal cuando viajaba en el Tesla por una autopista. El video inclu\u00eda el comentario: \u201cEl mejor compa\u00f1ero de viaje posible, incluso se encarga del tr\u00e1nsito aburrido por m\u00ed\u201d.<\/p>\n<p class=\"paragraph\">Una p\u00e1gina de GoFundMe creada para recaudar fondos para su funeral se\u00f1al\u00f3 que Hendrickson estaba casado y ten\u00eda dos hijos. Un mensaje en busca de comentarios enviado a su esposa no ha sido respondido.<\/p>\n<p class=\"paragraph\">\u201cCada vez que habl\u00e1bamos con \u00e9l, se iluminaba hablando sobre sus hijos y amaba su Tesla\u201d, public\u00f3 el Membership-SoCal de Tesla en Instagram. \u201cRealmente era un gran ser humano y \u00a1lo extra\u00f1aremos!\u201d.<\/p>\n<p><span data-error=\"No dfp-path found.\"\/><\/p>\n<p class=\"paragraph\">Otro hombre result\u00f3 gravemente herido al ser impactado por el auto el\u00e9ctrico cuando ayudaba al conductor del semirremolque a salir del veh\u00edculo.<\/p>\n<p class=\"paragraph\">Al menos tres personas han muerto en accidentes previos en Estados Unidos que involucran el uso de piloto autom\u00e1tico, que puede mantener un auto centrado en su carril y a una distancia segura detr\u00e1s de los veh\u00edculos que le preceden. Tesla permite a un n\u00famero limitado de propietarios probar su sistema de conducci\u00f3n aut\u00f3noma.<\/p>\n<p class=\"paragraph\">___<\/p>\n<p><span data-error=\"No dfp-path found.\"\/><\/p>\n<p class=\"paragraph\">Los periodistas de The Related Press Stefanie Dazio en Los \u00c1ngeles y Tom Krisher en Detroit contribuyeron a este despacho.<\/p>\n<\/div>\n<p><script defer=\"\">!function(f,b,e,v,n,t,s) {if(f.fbq)return;n=f.fbq=function(){n.callMethod? n.callMethod.apply(n,arguments):n.queue.push(arguments)}; if(!f._fbq)f._fbq=n;n.push=n;n.loaded=!0;n.version='2.0'; n.queue=[];t=b.createElement(e);t.async=!0; t.src=v;s=b.getElementsByTagName(e)[0]; s.parentNode.insertBefore(t,s)}(window, document,'script', 'https:\/\/connect.facebook.net\/en_US\/fbevents.js'); fbq('init', '336383993555320'); fbq('track', 'PageView'); fbq('track', 'ViewContent');<\/script><br \/>\n<br \/><\/p>\n<p><em> &#8221; Fuentes www.infobae.com &#8221; <\/em><\/p>\n","protected":false},"excerpt":{"rendered":"<p>LOS \u00c1NGELES (AP) \u2014 El conductor de un auto Tesla involucrado en un accidente mortal que, seg\u00fan la Patrulla de Caminos de California, habr\u00eda activado el sistema de piloto autom\u00e1tico, public\u00f3 v\u00eddeos en las redes sociales en que aparec\u00eda viajando en el veh\u00edculo sin las manos en el volante ni el pie en el pedal. [&hellip;]<\/p>\n","protected":false},"author":4,"featured_media":126867,"comment_status":"open","ping_status":"closed","sticky":false,"template":"","format":"standard","meta":{"om_disable_all_campaigns":false,"jnews-multi-image_gallery":[],"jnews_single_post":[],"jnews_primary_category":[],"jnews_social_meta":[],"footnotes":""},"categories":[40],"tags":[],"class_list":["post-128100","post","type-post","status-publish","format-standard","has-post-thumbnail","hentry","category-industria"],"_links":{"self":[{"href":"https:\/\/dimensionturistica.com\/es\/wp-json\/wp\/v2\/posts\/128100","targetHints":{"allow":["GET"]}}],"collection":[{"href":"https:\/\/dimensionturistica.com\/es\/wp-json\/wp\/v2\/posts"}],"about":[{"href":"https:\/\/dimensionturistica.com\/es\/wp-json\/wp\/v2\/types\/post"}],"author":[{"embeddable":true,"href":"https:\/\/dimensionturistica.com\/es\/wp-json\/wp\/v2\/users\/4"}],"replies":[{"embeddable":true,"href":"https:\/\/dimensionturistica.com\/es\/wp-json\/wp\/v2\/comments?post=128100"}],"version-history":[{"count":0,"href":"https:\/\/dimensionturistica.com\/es\/wp-json\/wp\/v2\/posts\/128100\/revisions"}],"wp:featuredmedia":[{"embeddable":true,"href":"https:\/\/dimensionturistica.com\/es\/wp-json\/wp\/v2\/media\/126867"}],"wp:attachment":[{"href":"https:\/\/dimensionturistica.com\/es\/wp-json\/wp\/v2\/media?parent=128100"}],"wp:term":[{"taxonomy":"category","embeddable":true,"href":"https:\/\/dimensionturistica.com\/es\/wp-json\/wp\/v2\/categories?post=128100"},{"taxonomy":"post_tag","embeddable":true,"href":"https:\/\/dimensionturistica.com\/es\/wp-json\/wp\/v2\/tags?post=128100"}],"curies":[{"name":"wp","href":"https:\/\/api.w.org\/{rel}","templated":true}]}}