{"id":128097,"date":"2021-05-16T10:43:08","date_gmt":"2021-05-16T10:43:08","guid":{"rendered":"https:\/\/dimensionturistica.com\/es\/?p=128097"},"modified":"2021-05-16T10:43:09","modified_gmt":"2021-05-16T10:43:09","slug":"diez-anos-del-viaje-de-isabel-ii-que-sello-la-reconciliacion-con-irlanda","status":"publish","type":"post","link":"https:\/\/dimensionturistica.com\/es\/diez-anos-del-viaje-de-isabel-ii-que-sello-la-reconciliacion-con-irlanda\/","title":{"rendered":"Diez a\u00f1os del viaje de Isabel II que sell\u00f3 la reconciliaci\u00f3n con Irlanda"},"content":{"rendered":"<p> <br \/>\n<\/p>\n<div>\n<div class=\"visual__image  \"><img decoding=\"async\" alt=\"La reina Isabel II durante su visita a Irlanda en mayo de 2011.EPA\/EPA\/MAXWELLS IRISH GOVERMENT \/ POOL\/Archivo&#13;&#10;\" height=\"2666\" width=\"4096\" src=\"https:\/\/www.infobae.com\/new-resizer\/4p47DkLIZ63-DEPLXsOmi2gt80k=\/420x280\/filters:format(jpg):quality(85)\/cloudfront-us-east-1.images.arcpublishing.com\/infobae\/HY4QZ6CFQBANTITM5FQSAFV6JE.jpg\" srcset=\"https:\/\/www.infobae.com\/new-resizer\/4p47DkLIZ63-DEPLXsOmi2gt80k=\/420x280\/filters:format(jpg):quality(85)\/cloudfront-us-east-1.images.arcpublishing.com\/infobae\/HY4QZ6CFQBANTITM5FQSAFV6JE.jpg 420w,https:\/\/www.infobae.com\/new-resizer\/kluApGCtqGSeqXSKGJFDndSYgWc=\/768x512\/filters:format(jpg):quality(85)\/cloudfront-us-east-1.images.arcpublishing.com\/infobae\/HY4QZ6CFQBANTITM5FQSAFV6JE.jpg 768w,https:\/\/www.infobae.com\/new-resizer\/2VJia4biYyKVPpYneuVqfauTGCg=\/992x661\/filters:format(jpg):quality(85)\/cloudfront-us-east-1.images.arcpublishing.com\/infobae\/HY4QZ6CFQBANTITM5FQSAFV6JE.jpg 992w,https:\/\/www.infobae.com\/new-resizer\/HCoMnhq1o2yjbYcSkc-6adbfgSg=\/1200x800\/filters:format(jpg):quality(85)\/cloudfront-us-east-1.images.arcpublishing.com\/infobae\/HY4QZ6CFQBANTITM5FQSAFV6JE.jpg 1200w\" sizes=\"auto, (min-width: 800px) 50vw, 90vw\" loading=\"lazy\"\/><figcaption class=\"\">La reina Isabel II durante su visita a Irlanda en mayo de 2011.EPA\/EPA\/MAXWELLS IRISH GOVERMENT \/ POOL\/Archivo&#13;<br \/>\n<\/figcaption><\/div>\n<p class=\"paragraph\">Londres, 16 could (EFE).- Con unas breves palabras en ga\u00e9lico y el reconocimiento de los sacrificios de los irlandeses en su lucha por la independencia, Isabel II ayud\u00f3 hace 10 a\u00f1os a normalizar las relaciones anglo-irlandesas en su hist\u00f3rica visita de Estado a la Rep\u00fablica de Irlanda, la primera de un monarca brit\u00e1nico desde 1911.<br \/>Con un vestido verde claro y abrigo a tono, el 17 de mayo de 2011 la reina Isabel II pisaba, acompa\u00f1ada por su marido, el duque de Edimburgo, tierras irlandesas, en lo que ser\u00eda el comienzo de cuatro intensos d\u00edas que permitieron superar las conflictivas relaciones entre dos territorios anta\u00f1o unidos bajo el imperio brit\u00e1nico.<br \/>El abuelo de Isabel II, Jorge V (1865-1936), hab\u00eda sido el \u00faltimo rey brit\u00e1nico en visitar lo que es hoy la Rep\u00fablica de Irlanda, por entonces parte del Reino Unido de Gran Breta\u00f1a e Irlanda.<br \/>A\u00f1os despu\u00e9s del viaje de Jorge V (1911), la isla iniciaba el largo y dif\u00edcil proceso de independencia, cuyo punto clave fue el Alzamiento de Pascua de 1916, al elevar la cuesti\u00f3n de la escisi\u00f3n y que acab\u00f3 a\u00f1os despu\u00e9s con la partici\u00f3n de la isla, entre los seis condados del norte (que quedaron bajo soberan\u00eda del Reino Unido) y el nuevo Estado Libre Irland\u00e9s, en el sur.<br \/>El Estado irland\u00e9s consigui\u00f3 su independencia efectiva del Reino Unido en 1922. La partici\u00f3n de la isla intensific\u00f3 la tensi\u00f3n entre ambas partes y llev\u00f3 al conflicto norirland\u00e9s, entre los protestantes pro-brit\u00e1nicos y los cat\u00f3licos republicanos.<br \/>ISABEL II LLEG\u00d3 PARA CONSOLIDAR LA PAZ <br \/>Invitada por la entonces presidenta de Irlanda, Mary McAleese, Isabel II lleg\u00f3 a Irlanda para consolidar los v\u00ednculos bilaterales tras la firma del Acuerdo de paz del Viernes Santo (1998), que puso fin a 30 a\u00f1os de la sangrienta disputa en la provincia brit\u00e1nica.<br \/>Si bien el viaje no fue visto con buenos ojos por el Sinn Fein, brazo pol\u00edtico del inactivo Ej\u00e9rcito Republicano Irland\u00e9s (IRA) -que luch\u00f3 durante a\u00f1os contra la presencia brit\u00e1nica en Irlanda del Norte-, los cuatro d\u00edas de la reina en Irlanda fueron bien recibidos por la poblaci\u00f3n, seg\u00fan las encuestas, y la clase dirigente.<br \/>Isabel II y Felipe de Edimburgo visitaron varios lugares, entre ellos la cervecer\u00eda Guinness y centros h\u00edpicos, pero uno de los momentos m\u00e1s relevantes fue el tributo silencioso de la soberana en el Jard\u00edn del Recuerdo de Dubl\u00edn, dedicado a todos los que perdieron la vida en el intento por lograr la independencia irlandesa.<br \/>EL DISCURSO QUE SORPRENDI\u00d3 AL PUEBLO IRLAND\u00c9S <br \/>Entre otras cosas, la reina plant\u00f3 un \u00e1rbol en la residencia oficial de la presidenta, pero otro momento admirado por los irlandeses fue la cena de Estado celebrada el 18 de mayo de 2011 en el castillo de Dubl\u00edn, en la que pronunci\u00f3 unas palabras.<br \/>Con la frase en ga\u00e9lico &#8220;A \u00daacht\u00e1rain agus a chairde&#8221; (presidenta y amigos), impecablemente pronunciada por Isabel II, seg\u00fan los irlandeses, el discurso emocion\u00f3 a los invitados, que reaccionaron con un &#8220;guau&#8221; al gesto de la soberana.<br \/>Esa intervenci\u00f3n es considerada una disculpa al pueblo irland\u00e9s por las acciones brit\u00e1nicas del pasado, al decir Isabel II que se trataron de &#8220;cosas que desear\u00edamos que se hubieran hecho de manera diferente o que no se hubieran hecho en absoluto&#8221;.<br \/>El experto constitucional Robert Hazell, del College School London (UCL, por sus siglas en ingl\u00e9s), dijo a Efe que se trat\u00f3 de &#8220;un discurso bien recibido, al reconocer los sacrificios del pueblo irland\u00e9s y las tensiones del pasado&#8221;.<br \/>A pesar de su oposici\u00f3n a este viaje, el entonces presidente del Sinn Fein, Gerry Adams, elogi\u00f3 el discurso al resaltar que &#8220;ha sido una aut\u00e9ntica expresi\u00f3n de sincera compasi\u00f3n por los que sufrieron como consecuencia de nuestro conflicto del pasado&#8221;.<br \/>Como parte del viaje, en el tramo ultimate, la reina presenci\u00f3 una actuaci\u00f3n de Riverdance, el famoso espect\u00e1culo teatral de m\u00fasica y danza tradicionales irlandesas, en el centro de convenciones de Dubl\u00edn, donde recibi\u00f3 de la audiencia una ovaci\u00f3n de pie. <br \/>Viviana Garc\u00eda<\/p>\n<\/div>\n<p><script defer=\"\">!function(f,b,e,v,n,t,s) {if(f.fbq)return;n=f.fbq=function(){n.callMethod? n.callMethod.apply(n,arguments):n.queue.push(arguments)}; if(!f._fbq)f._fbq=n;n.push=n;n.loaded=!0;n.version='2.0'; n.queue=[];t=b.createElement(e);t.async=!0; t.src=v;s=b.getElementsByTagName(e)[0]; s.parentNode.insertBefore(t,s)}(window, document,'script', 'https:\/\/connect.facebook.net\/en_US\/fbevents.js'); fbq('init', '336383993555320'); fbq('track', 'PageView'); fbq('track', 'ViewContent');<\/script><br \/>\n<br \/><\/p>\n<p><em> &#8221; Fuentes www.infobae.com &#8221; <\/em><\/p>\n","protected":false},"excerpt":{"rendered":"<p>La reina Isabel II durante su visita a Irlanda en mayo de 2011.EPA\/EPA\/MAXWELLS IRISH GOVERMENT \/ POOL\/Archivo&#13; Londres, 16 could (EFE).- Con unas breves palabras en ga\u00e9lico y el reconocimiento de los sacrificios de los irlandeses en su lucha por la independencia, Isabel II ayud\u00f3 hace 10 a\u00f1os a normalizar las relaciones anglo-irlandesas en su [&hellip;]<\/p>\n","protected":false},"author":4,"featured_media":128098,"comment_status":"open","ping_status":"closed","sticky":false,"template":"","format":"standard","meta":{"om_disable_all_campaigns":false,"jnews-multi-image_gallery":[],"jnews_single_post":[],"jnews_primary_category":[],"jnews_social_meta":[],"footnotes":""},"categories":[40],"tags":[],"class_list":["post-128097","post","type-post","status-publish","format-standard","has-post-thumbnail","hentry","category-industria"],"_links":{"self":[{"href":"https:\/\/dimensionturistica.com\/es\/wp-json\/wp\/v2\/posts\/128097","targetHints":{"allow":["GET"]}}],"collection":[{"href":"https:\/\/dimensionturistica.com\/es\/wp-json\/wp\/v2\/posts"}],"about":[{"href":"https:\/\/dimensionturistica.com\/es\/wp-json\/wp\/v2\/types\/post"}],"author":[{"embeddable":true,"href":"https:\/\/dimensionturistica.com\/es\/wp-json\/wp\/v2\/users\/4"}],"replies":[{"embeddable":true,"href":"https:\/\/dimensionturistica.com\/es\/wp-json\/wp\/v2\/comments?post=128097"}],"version-history":[{"count":0,"href":"https:\/\/dimensionturistica.com\/es\/wp-json\/wp\/v2\/posts\/128097\/revisions"}],"wp:featuredmedia":[{"embeddable":true,"href":"https:\/\/dimensionturistica.com\/es\/wp-json\/wp\/v2\/media\/128098"}],"wp:attachment":[{"href":"https:\/\/dimensionturistica.com\/es\/wp-json\/wp\/v2\/media?parent=128097"}],"wp:term":[{"taxonomy":"category","embeddable":true,"href":"https:\/\/dimensionturistica.com\/es\/wp-json\/wp\/v2\/categories?post=128097"},{"taxonomy":"post_tag","embeddable":true,"href":"https:\/\/dimensionturistica.com\/es\/wp-json\/wp\/v2\/tags?post=128097"}],"curies":[{"name":"wp","href":"https:\/\/api.w.org\/{rel}","templated":true}]}}