{"id":128063,"date":"2021-05-16T09:49:45","date_gmt":"2021-05-16T09:49:45","guid":{"rendered":"https:\/\/dimensionturistica.com\/es\/?p=128063"},"modified":"2021-05-16T09:49:45","modified_gmt":"2021-05-16T09:49:45","slug":"encuentro-profesional-del-sector-de-las-agencias-de-viajes-en-la-subbetica-cordobesa","status":"publish","type":"post","link":"https:\/\/dimensionturistica.com\/es\/encuentro-profesional-del-sector-de-las-agencias-de-viajes-en-la-subbetica-cordobesa\/","title":{"rendered":"Encuentro Profesional del Sector de las Agencias de Viajes en la Subb\u00e9tica Cordobesa"},"content":{"rendered":"<p> <br \/>\n<\/p>\n<div>\n<p>Ayer, en el municipio de Rute de la Subb\u00e9tica Cordobesa, el Excmo. Sr. D Antonio Ruiz, Alcalde y Presidente de la Diputaci\u00f3n de C\u00f3rdoba, junto a las autoridades municipales y provinciales, se ha celebrado la recepci\u00f3n oficial de &#8220;El Color de los Patios de C\u00f3rdoba&#8221;. Han participado m\u00e1s de una treintena de destacados tour operadores nacionales y periodistas, como son: Catai, Tui, Duaoc, Atlanta, Julia Excursions, Dit Gesti\u00f3n y Costa Cruceros y los comunicadores Nacho Sandoval, Paco Becerro y Gastrofila. <\/p>\n<p>El acto se ha enmarcado en el Patio m\u00e1s laureado de toda la provincia, el &#8220;Patio con Duende&#8221;, con la presencia de su propietario, Anselmo C\u00f3rdoba. En palabras del Sr. Alcalde: \u201cEste patio atesora el palmar\u00e9s de los primeros premios de los patios de la provincia\u201d. <\/p>\n<div class=\"wysiwyg-photo\"><img decoding=\"async\" src=\"https:\/\/static.hosteltur.com\/app\/public\/uploads\/img\/releases\/2021\/05\/16\/L_113756_foto.jpg\" alt=\"Imagen nota de prensa Hosteltur\" width=\"1024\" height=\"768\"\/><\/div>\n<p>En Rute, los profesionales han podido visitar tambi\u00e9n otra de las joyas de la localidad como es el Museo del An\u00eds. <\/p>\n<p>A primera hora antes de su traslado a Rute realizaron una visita a Iznajar, donde su Excmo. Sr. Alcalde D. Lope Ruiz ejerci\u00f3 de gu\u00eda tur\u00edstico invit\u00e1ndoles a recorrer su entorno patrimonial y cultural, y el \u201cPatio de las Comedias\u201d. <\/p>\n<p>El encuentro forma parte de la Promoci\u00f3n del Patrimonio en los patios de C\u00f3rdoba. <\/p>\n<p>Esta nueva edici\u00f3n de \u201cLos patios de color\u201d, ofrece un marco \u00fanico para saborear la riqueza de su tierra. <\/p>\n<p>Para m\u00e1s informaci\u00f3n: <\/p>\n<p>Ana Baschwitz<\/p>\n<p>Comunicaci\u00f3n y Prensa<\/p>\n<p>(+34) 646 928 517<\/p>\n<p>anabaschwitz@gmail.com<\/p>\n<\/p><\/div>\n\n<p><em> &#8221; Fuentes www.hosteltur.com &#8221; <\/em><\/p>\n","protected":false},"excerpt":{"rendered":"<p>Ayer, en el municipio de Rute de la Subb\u00e9tica Cordobesa, el Excmo. Sr. D Antonio Ruiz, Alcalde y Presidente de la Diputaci\u00f3n de C\u00f3rdoba, junto a las autoridades municipales y provinciales, se ha celebrado la recepci\u00f3n oficial de &#8220;El Color de los Patios de C\u00f3rdoba&#8221;. Han participado m\u00e1s de una treintena de destacados tour operadores [&hellip;]<\/p>\n","protected":false},"author":4,"featured_media":128064,"comment_status":"open","ping_status":"closed","sticky":false,"template":"","format":"standard","meta":{"om_disable_all_campaigns":false,"jnews-multi-image_gallery":[],"jnews_single_post":[],"jnews_primary_category":[],"jnews_social_meta":[],"footnotes":""},"categories":[39],"tags":[715],"class_list":["post-128063","post","type-post","status-publish","format-standard","has-post-thumbnail","hentry","category-viajes","tag-economia"],"_links":{"self":[{"href":"https:\/\/dimensionturistica.com\/es\/wp-json\/wp\/v2\/posts\/128063","targetHints":{"allow":["GET"]}}],"collection":[{"href":"https:\/\/dimensionturistica.com\/es\/wp-json\/wp\/v2\/posts"}],"about":[{"href":"https:\/\/dimensionturistica.com\/es\/wp-json\/wp\/v2\/types\/post"}],"author":[{"embeddable":true,"href":"https:\/\/dimensionturistica.com\/es\/wp-json\/wp\/v2\/users\/4"}],"replies":[{"embeddable":true,"href":"https:\/\/dimensionturistica.com\/es\/wp-json\/wp\/v2\/comments?post=128063"}],"version-history":[{"count":0,"href":"https:\/\/dimensionturistica.com\/es\/wp-json\/wp\/v2\/posts\/128063\/revisions"}],"wp:featuredmedia":[{"embeddable":true,"href":"https:\/\/dimensionturistica.com\/es\/wp-json\/wp\/v2\/media\/128064"}],"wp:attachment":[{"href":"https:\/\/dimensionturistica.com\/es\/wp-json\/wp\/v2\/media?parent=128063"}],"wp:term":[{"taxonomy":"category","embeddable":true,"href":"https:\/\/dimensionturistica.com\/es\/wp-json\/wp\/v2\/categories?post=128063"},{"taxonomy":"post_tag","embeddable":true,"href":"https:\/\/dimensionturistica.com\/es\/wp-json\/wp\/v2\/tags?post=128063"}],"curies":[{"name":"wp","href":"https:\/\/api.w.org\/{rel}","templated":true}]}}