{"id":128060,"date":"2021-05-16T09:47:39","date_gmt":"2021-05-16T09:47:39","guid":{"rendered":"https:\/\/dimensionturistica.com\/es\/?p=128060"},"modified":"2021-05-16T09:47:39","modified_gmt":"2021-05-16T09:47:39","slug":"madre-denuncia-a-marina-por-desaparicion-de-su-hijo-fgr-ignora-el-caso","status":"publish","type":"post","link":"https:\/\/dimensionturistica.com\/es\/madre-denuncia-a-marina-por-desaparicion-de-su-hijo-fgr-ignora-el-caso\/","title":{"rendered":"Madre denuncia a Marina por desaparici\u00f3n de su hijo; FGR ignora el caso"},"content":{"rendered":"<p> <br \/>\n<\/p>\n<div>\n<p><span style=\"font-weight: 400\">Miguel \u00c1ngel Rodr\u00edguez Frayde ten\u00eda 20 a\u00f1os cuando desapareci\u00f3 en Nuevo Laredo, Tamaulipas. El 17 de abril de 2018 sali\u00f3 de su domicilio con dos amigos y nunca se le ha vuelto a ver. La \u00fanica pista con la que cuenta Martha Frayde Medina, su madre, es una visita que recibi\u00f3 al d\u00eda siguiente. Dos j\u00f3venes llegaron a su casa y le dijeron que el joven hab\u00eda sido capturado por agentes de la secretar\u00eda de Marina (Semar). Desde entonces Frayde sigue buscando, sin \u00e9xito.\u00a0<\/span><\/p>\n<p><a rel=\"nofollow noopener\" target=\"_blank\" href=\"https:\/\/www.animalpolitico.com\/2020\/11\/grupo-elite-marina-desapariciones-nuevo-laredo-responsables-fgr\/#:~:text=Seg%C3%BAn%20dijo%20la%20instituci%C3%B3n%2C%20todos,ha%20hecho%20p%C3%BAblico%20resultado%20alguno.&amp;text=M%C3%A1s%20de%20dos%20a%C3%B1os%20despu%C3%A9s,ha%20respondido%20por%20los%20cr%C3%ADmenes.\"><span style=\"font-weight: 400\">La Fiscal\u00eda General de la Rep\u00fablica (FGR) tiene abiertas 34 carpetas de investigaci\u00f3n sobre 47 desapariciones atribuidas al grupo de operaciones especiales de la Marina<\/span><\/a><span style=\"font-weight: 400\"> entre febrero y mayo de 2018<\/span><span style=\"font-weight: 400\">. El caso de Rodr\u00edguez Frayde no est\u00e1 entre ellos. La instituci\u00f3n rechaza hacerse cargo de la investigaci\u00f3n y la carpeta sigue en la Fiscal\u00eda Normal de Justicia de Tamaulipas. <\/span><a rel=\"nofollow noopener\" target=\"_blank\" href=\"https:\/\/www.animalpolitico.com\/2021\/04\/marinos-vinculados-a-proceso-desapariciones-nuevo-laredo-tamaulipas\/\"><span style=\"font-weight: 400\">El 15 de abril, 30 marinos fueron vinculados a proceso por la desaparici\u00f3n de cuatro personas y permanecer\u00e1n en prisi\u00f3n mientras avanzan las investigaciones.<\/span><\/a><span style=\"font-weight: 400\">\u00a0<\/span><\/p>\n<p><span style=\"font-weight: 400\">Tampoco la Comisi\u00f3n Nacional de los Derechos Humanos (CNDH) incluy\u00f3 la historia del joven en su recomendaci\u00f3n 36VG\/2020, en la que se se\u00f1ala a la Marina por la desaparici\u00f3n de 27 personas y la posible ejecuci\u00f3n extrajudicial de 12 de ellas.\u00a0<\/span><\/p>\n<p><span style=\"font-weight: 400\">\u201cPara mi hijo no hay b\u00fasqueda ni nada. Yo no existo en las investigaciones\u201d, cube Martha Frayde, en entrevista telef\u00f3nica. El arresto de los 30 marinos le ha dado esperanza. \u201cEllos tienen que saber qu\u00e9 ocurri\u00f3\u201d, afirma.<\/span><\/p>\n<p><span style=\"font-weight: 400\"><em>Animal Pol\u00edtico<\/em> consult\u00f3 con la FGR, pero al cierre de la edici\u00f3n no hab\u00eda recibido respuesta.\u00a0<\/span><\/p>\n<p><span style=\"font-weight: 400\">La desaparici\u00f3n de Rodr\u00edguez Frayde es una historia que se repite con demasiada frecuencia. Su madre trabaja en una f\u00e1brica en turno de noche, as\u00ed que pasa buena parte del d\u00eda durmiendo. Cuando su hijo sali\u00f3 de la casa con otros dos amigos no se preocup\u00f3. Pens\u00f3 que habr\u00eda ido a buscar trabajo, ya que recientemente hab\u00eda dejado su empleo como vigilante de seguridad. Nada le hac\u00eda pensar que aquella despedida period la \u00faltima.\u00a0<\/span><\/p>\n<p><img decoding=\"async\" loading=\"lazy\" class=\"wp-image-772969 size-full aligncenter\" src=\"https:\/\/www.animalpolitico.com\/wp-content\/uploads\/2021\/05\/miguel-1.jpg\" alt=\"\" width=\"350\" height=\"246\" srcset=\"https:\/\/www.animalpolitico.com\/wp-content\/uploads\/2021\/05\/miguel-1.jpg 350w, https:\/\/www.animalpolitico.com\/wp-content\/uploads\/2021\/05\/miguel-1-300x211.jpg 300w\" sizes=\"auto, (max-width: 350px) 100vw, 350px\"\/><\/p>\n<p><a rel=\"nofollow noopener\" target=\"_blank\" href=\"https:\/\/versionpublicarnpdno.segob.gob.mx\/Dashboard\/ContextoGeneral\"><span style=\"font-weight: 400\">En M\u00e9xico hay registradas m\u00e1s de 87 mil personas desaparecidas seg\u00fan la Comisi\u00f3n Nacional de B\u00fasqueda<\/span><\/a><span style=\"font-weight: 400\">. De ellas, m\u00e1s de 11 mil faltan en Tamaulipas, el segundo estado con mayor n\u00famero de desaparecidos, solo superado por Jalisco, con m\u00e1s de 12 mil.\u00a0<\/span><\/p>\n<h2><b>Un \u00fanico testimonio\u00a0<\/b><\/h2>\n<p><span style=\"font-weight: 400\">\u201cTodos los d\u00edas sal\u00eda de casa, era un muchacho muy inquieto\u201d, cube Frayde Medina, que no dio importancia a que el joven pas\u00f3 todo el d\u00eda fuera de casa ya que le ten\u00eda prohibido acudir con amigos al inside del domicilio. Al d\u00eda siguiente inici\u00f3 la pesadilla.<\/span><\/p>\n<p><span style=\"font-weight: 400\">\u201cVinieron dos chicos j\u00f3venes en un coche, se les ve\u00eda asustados. Me dijeron que la Marina lo hab\u00eda capturado en el libramiento M\u00e9xico Dos y se marcharon. No he vuelto a saber de ellos\u201d, asegura. En la zona donde presuntamente fue capturado no hay c\u00e1maras de video ni tampoco comercios que pudiesen dar testimonio de lo ocurrido.\u00a0<\/span><\/p>\n<p><span style=\"font-weight: 400\">A partir de entonces empieza para la mujer un largo peregrinar sin respuestas. Primero, a la direcci\u00f3n de Seguridad P\u00fablica, donde le dicen que su hijo no est\u00e1 detenido all\u00ed. Despu\u00e9s a la FGR, cuartel militar y bases de operaciones de la Semar, que todav\u00eda estaban en activo en Nuevo Laredo. En todas ellas le dijeron que no sab\u00edan nada de su hijo.\u00a0<\/span><\/p>\n<p><span style=\"font-weight: 400\">\u201cSal\u00eda a la calle y tanto muchacho que ve\u00eda me parec\u00eda \u00e9l\u201d, explica la mujer, que aquel momento no se atrev\u00eda a preguntar demasiado por el paradero del joven. Tenia miedo de que llegase alguien y le dijese, como a tantas otras personas, que dejase de buscar porque ya lo hab\u00edan matado. \u201cEste tipo de contestaciones te acaban moralmente\u201d, afirma.\u00a0<\/span><\/p>\n<p><span style=\"font-weight: 400\">Fueron meses duros en Nuevo Laredo, un municipio marcado por la violencia del crimen organizado y de las Fuerzas Armadas. En aquel momento se repet\u00edan las noticias sobre desapariciones presuntamente perpetradas por los marinos y sobre cuerpos que aparec\u00edan semienterrados en zonas deshabitadas.\u00a0<\/span><\/p>\n<p><span style=\"font-weight: 400\">La familia fue doblemente golpeada. El 28 de abril, apenas 10 d\u00edas despu\u00e9s de la desaparici\u00f3n de Miguel \u00c1ngel, fue capturado Jos\u00e9 Eugenio Hern\u00e1ndez Romero, de 14 a\u00f1os, hijo de Mar\u00eda Dolores Romero, prima de Martha. Su cuerpo apareci\u00f3 semienterrado en un paraje de Nuevo Le\u00f3n.\u00a0<\/span><\/p>\n<p><span style=\"font-weight: 400\">Tras varios meses asustada, sin atreverse a denunciar su caso, recurri\u00f3 al Comit\u00e9 de Derechos Humanos de Nuevo Laredo, el colectivo que agrupa a buena parte de las familias de los desaparecidos a manos de la Marina.\u00a0<\/span><\/p>\n<div id=\"attachment_772960\" style=\"width: 2570px\" class=\"wp-caption alignnone\"><img decoding=\"async\" aria-describedby=\"caption-attachment-772960\" loading=\"lazy\" class=\"wp-image-772960 size-full\" src=\"https:\/\/www.animalpolitico.com\/wp-content\/uploads\/2021\/05\/DESAPARECIDOS-2018-scaled.jpg\" alt=\"\" width=\"2560\" height=\"1707\" srcset=\"https:\/\/www.animalpolitico.com\/wp-content\/uploads\/2021\/05\/DESAPARECIDOS-2018-scaled.jpg 2560w, https:\/\/www.animalpolitico.com\/wp-content\/uploads\/2021\/05\/DESAPARECIDOS-2018-300x200.jpg 300w, https:\/\/www.animalpolitico.com\/wp-content\/uploads\/2021\/05\/DESAPARECIDOS-2018-456x304.jpg 456w, https:\/\/www.animalpolitico.com\/wp-content\/uploads\/2021\/05\/DESAPARECIDOS-2018-768x512.jpg 768w, https:\/\/www.animalpolitico.com\/wp-content\/uploads\/2021\/05\/DESAPARECIDOS-2018-1536x1024.jpg 1536w, https:\/\/www.animalpolitico.com\/wp-content\/uploads\/2021\/05\/DESAPARECIDOS-2018-2048x1365.jpg 2048w\" sizes=\"auto, (max-width: 2560px) 100vw, 2560px\"\/><\/p>\n<p id=\"caption-attachment-772960\" class=\"wp-caption-text\">COMIT\u00c9 DE DERECHOS HUMANOS DE NUEVO LAREDO A.C.<\/p>\n<\/div>\n<h2><strong>\u201cJuego perverso\u201d<\/strong><\/h2>\n<p><span style=\"font-weight: 400\">\u201cHay un juego perverso entre el Estado y la FGR para no investigar\u201d, denuncia Raymundo Ramos, presidente de la asociaci\u00f3n. Explica que la Fiscal\u00eda de Tamaulipas envi\u00f3 la carpeta de investigaci\u00f3n a la FGR alegando que los acusados eran marinos, pero que esta la rechaz\u00f3. Incluso, la asesor\u00eda jur\u00eddica de la Comisi\u00f3n Ejecutiva de Atenci\u00f3n a V\u00edctimas (CEAV) pidi\u00f3 por escrito que el caso saliese del estado, sin \u00e9xito. \u201cHasta ahora no han respondido y solo nos queda presentar una queja ante la CNDH\u201d, cube Ramos.\u00a0<\/span><\/p>\n<p><span style=\"font-weight: 400\">El activista denuncia que la b\u00fasqueda del joven fue \u201cun mero procedimiento\u201d que no ha arrojado ninguna luz. \u201cNo hay nada de investigaci\u00f3n\u201d, cube. El protocolo se limita a pedir por escrito informaci\u00f3n a los ministerios p\u00fablicos, hospitales, centros penitenciarios y subir su ADN a una plataforma.\u00a0<\/span><\/p>\n<p><span style=\"font-weight: 400\">La esperanza de Frayde Medina, como de muchas otras familias, est\u00e1 en las declaraciones de los marinos vinculados a proceso por desaparici\u00f3n y que se encuentran en la prisi\u00f3n del Campo Militar, en Ciudad de M\u00e9xico. Hasta el momento no ha trascendido cu\u00e1les fueron sus testimonios ante el juez, pero sus familiares denunciaron que fueron detenidos con enga\u00f1os.\u00a0<\/span><\/p>\n<p><span style=\"font-weight: 400\">\u201cEspero que los familiares ablanden a los marinos y estos hablen. Espero que se haga justicia. No me importa si se llevan a los jefes. Ellos obedecieron \u00f3rdenes y tienen que pagar\u201d, cube la madre.\u00a0<\/span><\/p>\n<p><span style=\"font-weight: 400\">Por el momento el caso de Miguel \u00c1ngel Rodr\u00edguez Frayde est\u00e1 en punto muerto. No hay investigaciones que avancen ni pistas que seguir. Su madre se aferra a la \u00fanica pista de la que dispone, la de los marinos. Conf\u00eda en que la FGR retome el caso y pueda saber alg\u00fan d\u00eda qu\u00e9 ocurri\u00f3 con su hijo.\u00a0<\/span><\/p>\n<div class=\"ap_single_fondea_text\">Lo que hacemos en Animal Pol\u00edtico requiere de periodistas profesionales, trabajo en equipo, mantener di\u00e1logo con los lectores y algo muy importante: independencia. T\u00fa puedes ayudarnos a seguir. S\u00e9 parte del equipo.<br \/>\n<a rel=\"nofollow noopener\" target=\"_blank\" href=\"https:\/\/www.animalpolitico.com\/suscribete\">Suscr\u00edbete a Animal Pol\u00edtico<\/a>, recibe beneficios y apoya el periodismo libre.<\/p>\n<p><span style=\"font-weight: 600!important;\">#YoSoyAnimal<\/span><\/p>\n<\/div>\n<\/div>\n\n<p><em> &#8221; Fuentes www.animalpolitico.com &#8221; <\/em><\/p>\n","protected":false},"excerpt":{"rendered":"<p>Miguel \u00c1ngel Rodr\u00edguez Frayde ten\u00eda 20 a\u00f1os cuando desapareci\u00f3 en Nuevo Laredo, Tamaulipas. El 17 de abril de 2018 sali\u00f3 de su domicilio con dos amigos y nunca se le ha vuelto a ver. La \u00fanica pista con la que cuenta Martha Frayde Medina, su madre, es una visita que recibi\u00f3 al d\u00eda siguiente. Dos [&hellip;]<\/p>\n","protected":false},"author":4,"featured_media":128061,"comment_status":"open","ping_status":"closed","sticky":false,"template":"","format":"standard","meta":{"om_disable_all_campaigns":false,"jnews-multi-image_gallery":[],"jnews_single_post":[],"jnews_primary_category":[],"jnews_social_meta":[],"footnotes":""},"categories":[40],"tags":[],"class_list":["post-128060","post","type-post","status-publish","format-standard","has-post-thumbnail","hentry","category-industria"],"_links":{"self":[{"href":"https:\/\/dimensionturistica.com\/es\/wp-json\/wp\/v2\/posts\/128060","targetHints":{"allow":["GET"]}}],"collection":[{"href":"https:\/\/dimensionturistica.com\/es\/wp-json\/wp\/v2\/posts"}],"about":[{"href":"https:\/\/dimensionturistica.com\/es\/wp-json\/wp\/v2\/types\/post"}],"author":[{"embeddable":true,"href":"https:\/\/dimensionturistica.com\/es\/wp-json\/wp\/v2\/users\/4"}],"replies":[{"embeddable":true,"href":"https:\/\/dimensionturistica.com\/es\/wp-json\/wp\/v2\/comments?post=128060"}],"version-history":[{"count":0,"href":"https:\/\/dimensionturistica.com\/es\/wp-json\/wp\/v2\/posts\/128060\/revisions"}],"wp:featuredmedia":[{"embeddable":true,"href":"https:\/\/dimensionturistica.com\/es\/wp-json\/wp\/v2\/media\/128061"}],"wp:attachment":[{"href":"https:\/\/dimensionturistica.com\/es\/wp-json\/wp\/v2\/media?parent=128060"}],"wp:term":[{"taxonomy":"category","embeddable":true,"href":"https:\/\/dimensionturistica.com\/es\/wp-json\/wp\/v2\/categories?post=128060"},{"taxonomy":"post_tag","embeddable":true,"href":"https:\/\/dimensionturistica.com\/es\/wp-json\/wp\/v2\/tags?post=128060"}],"curies":[{"name":"wp","href":"https:\/\/api.w.org\/{rel}","templated":true}]}}