{"id":127984,"date":"2021-05-16T04:31:21","date_gmt":"2021-05-16T04:31:21","guid":{"rendered":"https:\/\/dimensionturistica.com\/es\/?p=127984"},"modified":"2021-05-16T04:31:21","modified_gmt":"2021-05-16T04:31:21","slug":"aprobado-el-joint-venture-para-latam-airlines-y-delta-airlines","status":"publish","type":"post","link":"https:\/\/dimensionturistica.com\/es\/aprobado-el-joint-venture-para-latam-airlines-y-delta-airlines\/","title":{"rendered":"Aprobado el \u201cjoint venture\u201d para Latam Airlines y Delta Airlines"},"content":{"rendered":"<p> <br \/>\n<\/p>\n<div>\n<p>Latam Colombia y Delta lograron aprobaci\u00f3n de su \u2018three way partnership. El objetivo de esta alianza pasa por mejorar la conectividad a\u00e9rea y proveer a los pasajeros y clientes de carga una experiencia de viaje entre Am\u00e9rica del Norte y Am\u00e9rica del Sur, una vez haya obtenido todas las aprobaciones regulatorias.<\/p>\n<p>Latam Airways, el mayor grupo de transporte a\u00e9reo de Am\u00e9rica Latina, dijo el martes pasado que recibi\u00f3 la autorizaci\u00f3n por parte del regulador colombiano para su alianza con Delta Air Strains. Con la decisi\u00f3n, la estatal Aeron\u00e1utica Civil se sum\u00f3 a sus pares de Brasil y Uruguay, que ya dieron luz verde al acuerdo de operaci\u00f3n conjunta anunciado en mayo del a\u00f1o pasado.<\/p>\n<p>El consejero delegado de Latam Airways, Roberto Alvo, indic\u00f3 la semana pasada que las previsiones de la aerol\u00ednea para reanudar sus vuelos depender\u00e1n de la evoluci\u00f3n de la pandemia y el avance de las campa\u00f1as de vacunaci\u00f3n. En una conferencia con periodistas, Alvo explic\u00f3 que la operativa &#8220;depender\u00e1 de las restricciones a los viajes que los distintos gobiernos impongan&#8221;. &#8220;Nuestra expectativa es acompa\u00f1ar a la demanda. En cuanto los pa\u00edses logren vacunar y haya pasaportes sanitarios retomaremos la operaci\u00f3n a todos nuestros destinos&#8221;, se\u00f1al\u00f3 Alvo.<\/p>\n<p>Adicionalmente, Latam Airways present\u00f3 un plan de sostenibilidad para convertirse en carbono neutro para el a\u00f1o 2050. En este escenario, la aerol\u00ednea m\u00e1s grande de Am\u00e9rica Latina reducir\u00e1 en un 50% sus emisiones de di\u00f3xido de carbono (CO2) en las operaciones dom\u00e9sticas para el 2030, mientras que en las operaciones se unir\u00e1 al plan de Reducci\u00f3n y Eliminaci\u00f3n de Carbono de la Aviaci\u00f3n Internacional (Corsia, por sus siglas en ingl\u00e9s).<\/p>\n<p><strong>FITUR apuesta a la\u00a0recuperaci\u00f3n del turismo<\/strong><\/p>\n<p>Los pr\u00f3ximos 19 al 23 de mayo, IFEMA MADRID organiza la que ser\u00e1 la primera feria presencial del circuito internacional de grandes eventos de la industria del turismo, FITUR 2021 \u00abEspecial Recuperaci\u00f3n Turismo\u00bb. Una edici\u00f3n que pone el foco en la reactivaci\u00f3n de un sector estrat\u00e9gico para la econom\u00eda y, muy especialmente, para nuestro pa\u00eds, uno de los m\u00e1s competitivos del mundo en materia de turismo, seg\u00fan el Foro Econ\u00f3mico Mundial, y donde la contribuci\u00f3n de esta industria ha llegado a representar en 2019, en t\u00e9rminos de empleo y PIB, cerca del 13%.<\/p>\n<p>De esta manera, el pr\u00f3ximo mi\u00e9rcoles 19 abrir\u00e1 sus puertas FITUR 2021 a los distintos miembros de la comunidad tur\u00edstica internacional que representan a toda la cadena de valor del sector en cuanto a la oferta y la demanda. As\u00ed estar\u00e1n presentes en esta edici\u00f3n cr\u00edtica para la recuperaci\u00f3n del turismo, tanto destinos, como los sectores de transporte, alojativo, soluciones y servicios para esta industria, as\u00ed como el sector de la intermediaci\u00f3n, agentes de viajes y touroperadores, atendiendo tambi\u00e9n a todos los segmentos que act\u00faan como dinamizadores de esta actividad, con el reto de ofrecer un escenario para la reactivaci\u00f3n y el esperado re-encuentro profesional.<\/p>\n<\/div>\n\n<p><em> &#8221; Fuentes www.ellitoral.com.ar &#8221; <\/em><\/p>\n","protected":false},"excerpt":{"rendered":"<p>Latam Colombia y Delta lograron aprobaci\u00f3n de su \u2018three way partnership. El objetivo de esta alianza pasa por mejorar la conectividad a\u00e9rea y proveer a los pasajeros y clientes de carga una experiencia de viaje entre Am\u00e9rica del Norte y Am\u00e9rica del Sur, una vez haya obtenido todas las aprobaciones regulatorias. Latam Airways, el mayor [&hellip;]<\/p>\n","protected":false},"author":4,"featured_media":127985,"comment_status":"open","ping_status":"closed","sticky":false,"template":"","format":"standard","meta":{"om_disable_all_campaigns":false,"jnews-multi-image_gallery":[],"jnews_single_post":[],"jnews_primary_category":[],"jnews_social_meta":[],"footnotes":""},"categories":[40],"tags":[],"class_list":["post-127984","post","type-post","status-publish","format-standard","has-post-thumbnail","hentry","category-industria"],"_links":{"self":[{"href":"https:\/\/dimensionturistica.com\/es\/wp-json\/wp\/v2\/posts\/127984","targetHints":{"allow":["GET"]}}],"collection":[{"href":"https:\/\/dimensionturistica.com\/es\/wp-json\/wp\/v2\/posts"}],"about":[{"href":"https:\/\/dimensionturistica.com\/es\/wp-json\/wp\/v2\/types\/post"}],"author":[{"embeddable":true,"href":"https:\/\/dimensionturistica.com\/es\/wp-json\/wp\/v2\/users\/4"}],"replies":[{"embeddable":true,"href":"https:\/\/dimensionturistica.com\/es\/wp-json\/wp\/v2\/comments?post=127984"}],"version-history":[{"count":0,"href":"https:\/\/dimensionturistica.com\/es\/wp-json\/wp\/v2\/posts\/127984\/revisions"}],"wp:featuredmedia":[{"embeddable":true,"href":"https:\/\/dimensionturistica.com\/es\/wp-json\/wp\/v2\/media\/127985"}],"wp:attachment":[{"href":"https:\/\/dimensionturistica.com\/es\/wp-json\/wp\/v2\/media?parent=127984"}],"wp:term":[{"taxonomy":"category","embeddable":true,"href":"https:\/\/dimensionturistica.com\/es\/wp-json\/wp\/v2\/categories?post=127984"},{"taxonomy":"post_tag","embeddable":true,"href":"https:\/\/dimensionturistica.com\/es\/wp-json\/wp\/v2\/tags?post=127984"}],"curies":[{"name":"wp","href":"https:\/\/api.w.org\/{rel}","templated":true}]}}