{"id":127978,"date":"2021-05-16T04:21:06","date_gmt":"2021-05-16T04:21:06","guid":{"rendered":"https:\/\/dimensionturistica.com\/es\/?p=127978"},"modified":"2021-05-16T04:21:06","modified_gmt":"2021-05-16T04:21:06","slug":"la-patronal-de-agencias-de-viajes-alemana-transmite-a-armengol-que-baleares-puede-ser-el-destino-prioritario","status":"publish","type":"post","link":"https:\/\/dimensionturistica.com\/es\/la-patronal-de-agencias-de-viajes-alemana-transmite-a-armengol-que-baleares-puede-ser-el-destino-prioritario\/","title":{"rendered":"La patronal de agencias de viajes alemana transmite a Armengol que Baleares &#8220;puede ser el destino prioritario&#8221;"},"content":{"rendered":"<p> <br \/>\n<\/p>\n<div valign=\"top\">\n<p><span class=\"small\">   PALMA, 11 (EUROPA PRESS)<\/span><br \/>\n   La presidenta del Govern, Francina Armengol, ha informado este martes de que la patronal alemana de agencias de viajes (DRV) ha transmitido al Ejecutivo que Baleares &#8220;puede ser el destino prioritario&#8221; de los alemanes este verano gracias a su situaci\u00f3n sanitaria y los controles sanitarios.<\/p>\n<p>As\u00ed lo ha explicado la presidenta tras la reuni\u00f3n de trabajo con el presidente de la Deutscher Reiseverband, Norbert Fiebig, su director, Voker Adams, y la representante de Promoci\u00f3n, Verena Grossjohan.<\/p>\n<p>La presidenta ha emprendido esta semana un viaje oficial a Berl\u00edn, acompa\u00f1ada del conseller de Modelo Econ\u00f3mico, Turismo y Trabajo, Iago Negueruela, y la directora common de Turismo, Rosana Morillo.<\/p>\n<p>El objetivo es trasladar un mensaje de confianza en Baleares como destino y presentar una serie de medidas COVID recogidas en un documento bautizado como &#8216;Security Pack&#8217;; entre estas medidas figura un seguro de repatriaci\u00f3n gratuito para turistas.<\/p>\n<p>Armengol ha considerado &#8220;muy provechosa&#8221; la reuni\u00f3n con la patronal de viajes, que &#8220;ha elogiado las medidas en Baleares&#8221; que han permitido &#8220;tener una incidencia a siete d\u00edas por debajo de los 25 casos&#8221;, un hito por el que la presidenta ha expresado agradecimiento a los ciudadanos.<\/p>\n<p>En la reuni\u00f3n con la DRV se han &#8220;hablado de estrategias conjuntas&#8221; para el turismo y de la importancia de &#8220;estimular el turismo familiar, gastron\u00f3mico y deportivo&#8221;.<\/p>\n<p>Adem\u00e1s, la patronal ha transmitido su &#8220;compromiso&#8221; de &#8220;trabajar conjuntamente para poder alargar la temporada y no s\u00f3lo tener un buen julio y agosto sino tambi\u00e9n poder alargar los meses de oto\u00f1o&#8221;.<\/p>\n<p>Este martes la presidenta tambi\u00e9n se ha reunido con representantes de TUI y ha sido entrevistada por medios de comunicaci\u00f3n alemania.<\/p>\n<p><span class=\"small\">P\u00d3LIZA DE REPATRIACI\u00d3N<\/span><br \/>&#13;<br \/>\n   El Govern balear ha explicado en su viaje a Alemania que este verano cubrir\u00e1 un seguro de repatriaci\u00f3n gratuito para turistas en caso de que su estancia en el archipi\u00e9lago se prolongue debido al COVID-19.<\/p>\n<p>Este seguro cubrir\u00e1 el transporte al lugar de residencia y estar\u00e1 disponible tanto para viajeros nacionales como internacionales, con la condici\u00f3n de que se hayan alojado en un establecimiento reglado -de manera que quedar\u00edan fuera quienes se quedasen en una vivienda vacacional no inscrita-.<\/p>\n<p>Otras de las medidas del &#8216;Security Pack&#8217; son los hoteles puente para pasar cuarentenas COVID, la fijaci\u00f3n de precios m\u00e1ximos para las pruebas de coronavirus o iniciativas de informaci\u00f3n como la app &#8216;SafeBeach&#8217;.<\/p>\n<\/div>\n<p><script>(function(d, s, id) {\n  var js, fjs = d.getElementsByTagName(s)[0];\n  if (d.getElementById(id)) return;\n  js = d.createElement(s); js.id = id;\n  js.src = \"https:\/\/connect.facebook.net\/es_LA\/all.js#xfbml=1\";\n  fjs.parentNode.insertBefore(js, fjs);\n}(document, 'script', 'facebook-jssdk'));<\/script><br \/>\n<br \/><\/p>\n<p><em> &#8221; Fuentes www.diariosigloxxi.com &#8221; <\/em><\/p>\n","protected":false},"excerpt":{"rendered":"<p>PALMA, 11 (EUROPA PRESS) La presidenta del Govern, Francina Armengol, ha informado este martes de que la patronal alemana de agencias de viajes (DRV) ha transmitido al Ejecutivo que Baleares &#8220;puede ser el destino prioritario&#8221; de los alemanes este verano gracias a su situaci\u00f3n sanitaria y los controles sanitarios. As\u00ed lo ha explicado la presidenta [&hellip;]<\/p>\n","protected":false},"author":4,"featured_media":127979,"comment_status":"open","ping_status":"closed","sticky":false,"template":"","format":"standard","meta":{"om_disable_all_campaigns":false,"jnews-multi-image_gallery":[],"jnews_single_post":[],"jnews_primary_category":[],"jnews_social_meta":[],"footnotes":""},"categories":[40],"tags":[],"class_list":["post-127978","post","type-post","status-publish","format-standard","has-post-thumbnail","hentry","category-industria"],"_links":{"self":[{"href":"https:\/\/dimensionturistica.com\/es\/wp-json\/wp\/v2\/posts\/127978","targetHints":{"allow":["GET"]}}],"collection":[{"href":"https:\/\/dimensionturistica.com\/es\/wp-json\/wp\/v2\/posts"}],"about":[{"href":"https:\/\/dimensionturistica.com\/es\/wp-json\/wp\/v2\/types\/post"}],"author":[{"embeddable":true,"href":"https:\/\/dimensionturistica.com\/es\/wp-json\/wp\/v2\/users\/4"}],"replies":[{"embeddable":true,"href":"https:\/\/dimensionturistica.com\/es\/wp-json\/wp\/v2\/comments?post=127978"}],"version-history":[{"count":0,"href":"https:\/\/dimensionturistica.com\/es\/wp-json\/wp\/v2\/posts\/127978\/revisions"}],"wp:featuredmedia":[{"embeddable":true,"href":"https:\/\/dimensionturistica.com\/es\/wp-json\/wp\/v2\/media\/127979"}],"wp:attachment":[{"href":"https:\/\/dimensionturistica.com\/es\/wp-json\/wp\/v2\/media?parent=127978"}],"wp:term":[{"taxonomy":"category","embeddable":true,"href":"https:\/\/dimensionturistica.com\/es\/wp-json\/wp\/v2\/categories?post=127978"},{"taxonomy":"post_tag","embeddable":true,"href":"https:\/\/dimensionturistica.com\/es\/wp-json\/wp\/v2\/tags?post=127978"}],"curies":[{"name":"wp","href":"https:\/\/api.w.org\/{rel}","templated":true}]}}